{"id":14442,"date":"2025-04-10T07:59:10","date_gmt":"2025-04-10T07:59:10","guid":{"rendered":"https:\/\/www.europesays.com\/fr\/14442\/"},"modified":"2025-04-10T07:59:10","modified_gmt":"2025-04-10T07:59:10","slug":"la-vraie-vie-de-la-chanteuse-gala-derriere-lhymne-planetaire-freed-from-desire","status":"publish","type":"post","link":"https:\/\/www.europesays.com\/fr\/14442\/","title":{"rendered":"La vraie vie de la chanteuse Gala, derri\u00e8re l\u2019hymne plan\u00e9taire Freed from Desire"},"content":{"rendered":"<p>En 1996, son tube devenait un hit. Pr\u00e8s de trente ans plus tard, Gala ressort de l\u2019ombre pour raconter l\u2019envers du d\u00e9cor\u00a0: contrats injustes, errance financi\u00e8re et renaissance artistique. Une trajectoire bouleversante, \u00e0 rebours de l\u2019ic\u00f4ne que l\u2019on croyait conna\u00eetre.<\/p>\n<p class=\"fig-paragraph\">Son pr\u00e9nom pr\u00e9sageait d\u00e9j\u00e0 sa future naissance dans le monde artistique. Gala Rizzatto, nomm\u00e9e ainsi en hommage \u00e0 Gala Dal\u00ed, \u00e9pouse du peintre surr\u00e9aliste, a connu une renomm\u00e9e mondiale gr\u00e2ce \u00e0 son tube Freed From Desire. Diffus\u00e9 sur toutes les ondes en 1996, le morceau \u2013 une ode \u00e0 la libert\u00e9 et \u00e0 l\u2019\u00e9mancipation \u2013 allait se transformer en l\u2019un des hymnes les plus \u00e9cout\u00e9s \u00e0 travers le monde. Sa plus grande fiert\u00e9, mais aussi sa plus grande d\u00e9sillusion. \u00abC\u2019est une chanson qui parle d\u2019une vie empreinte de sens, et non d\u2019une vie mat\u00e9rialiste\u00bb, confiait-elle alors au magazine Trax. Et c\u2019est bien sous ces effluves sonores que des milliers de Fran\u00e7ais ont communi\u00e9, quelques ann\u00e9es plus tard, lors de la victoire des Bleus \u00e0 la Coupe du monde 1998. L\u2019occasion de danser encore sur la voix de la chanteuse, mais surtout de s\u2019approprier son texte, sa cr\u00e9ation \u2013 pendant qu\u2019elle, d\u00e9j\u00e0, sombrait dans l\u2019oubli.<\/p>\n<p class=\"fig-paragraph\">Le 7 avril, \u00e0 l\u2019occasion d\u2019une interview accord\u00e9e \u00e0\u00a0<a href=\"https:\/\/www.parismatch.com\/People\/vol-de-freed-from-desire-gala-contre-attaque-dans-match-249799\" target=\"_blank\" rel=\"nofollow noopener\" data-gtm-custom-categorie=\"navigation\" data-gtm-custom-action=\"crossclick\" data-gtm-custom-label=\"Contextuel\" data-gtm-event=\"customEventSPE\">Paris Match<\/a>, la chanteuse de 49 ans n\u2019a pas cach\u00e9 le mal qui la ronge depuis vingt-six ans\u00a0: le sentiment de s\u2019\u00eatre fait \u00ababuser\u00bb pendant pr\u00e8s de trois d\u00e9cennies. \u00abJ\u2019ai sign\u00e9 un mauvais contrat avec un producteur, un contrat outrageusement injuste (&#8230;) je n\u2019\u00e9tais pas stupide, j\u2019\u00e9tais ignorante\u00bb, d\u00e9clare-t-elle \u00e0 l\u2019hebdomadaire, assurant n\u2019avoir jamais profit\u00e9 des retomb\u00e9es financi\u00e8res de son titre, \u00e9coul\u00e9 \u00e0 ce jour \u00e0 six millions d\u2019exemplaires. Depuis 2023, Gala se bat donc pour r\u00e9cup\u00e9rer les droits li\u00e9s \u00e0 Freed From Desire. Une r\u00e9alit\u00e9 bien \u00e9loign\u00e9e de l\u2019imaginaire collectif\u00a0: pas de villas sur la mer, ni de cocktails aux Bahamas, mais une existence sobre. Si elle a r\u00e9cemment obtenu une partie des droits, elle vivrait encore \u00e0 Brooklyn, \u00absans le sou\u00bb, h\u00e9berg\u00e9e \u00abchez des amis ou dans des chambres qu\u2019elle loue\u00bb.<\/p>\n<p>La nuit am\u00e9ricaine<\/p>\n<p class=\"fig-paragraph\">Fredonnant sous la douche ou devant quelques membres de sa famille r\u00e9unis autour d\u2019une table bruyante et bond\u00e9e, typiquement italienne, Gala ne s\u2019est jamais r\u00eav\u00e9e chanteuse. \u00c0 l\u2019adolescence, elle ne jure que par le cin\u00e9ma, l\u2019art qui met en mouvement les \u00e9motions. L\u2019\u0153il r\u00eaveur, aimant\u00e9 par la beaut\u00e9 du monde, elle quitte l\u2019Italie \u00e0 17 ans pour suivre des cours d\u2019art \u00e0 Boston, puis entre \u00e0 la Tisch School of the Arts de New York, o\u00f9 elle \u00e9tudie la photographie. C\u2019est l\u00e0, dans une ville secou\u00e9e par l\u2019essor de la\u00a0<a href=\"https:\/\/madame.lefigaro.fr\/tag\/musique-electronique\" target=\"_blank\" rel=\"noopener\" data-gtm-custom-categorie=\"navigation\" data-gtm-custom-action=\"crossclick\" data-gtm-custom-label=\"Contextuel\" data-gtm-event=\"customEventSPE\">musique \u00e9lectronique<\/a>, que Gala d\u00e9couvre les nuits underground et le monde des marges, entre clubs et artistes, souvent exub\u00e9rants et laiss\u00e9s-pour-compte. Appareil photo en main, elle en capture les vibrations. Et se laisse happer par le son.<\/p>\n<p class=\"fig-paragraph\">C\u2019est \u00e0 cette \u00e9poque qu\u2019elle fait la rencontre qui lui sera d\u00e9cisive. Une nuit, un DJ italien, dont l\u2019identit\u00e9 reste inconnue, la pr\u00e9sente au producteur milanais Max Moroldo. De cette poign\u00e9e de main na\u00eet une envie commune\u00a0: cr\u00e9er un tube f\u00e9d\u00e9rateur. Fuyant l\u2019Italie qu\u2019elle juge gangren\u00e9e par \u00able machisme et le patriarcat\u00bb, Gala se met \u00e0 \u00e9crire. Souffrant de probl\u00e8mes de dos durant son adolescence, elle repense \u00e0 ce m\u00e9decin qui lui avait lanc\u00e9 un jour\u00a0: \u00abPersonne ne vous emp\u00eachera jamais de danser.\u00bb Freed From Desire parle d\u2019\u00e9nergie, de r\u00e9silience, de corps lib\u00e9r\u00e9. Tr\u00e8s vite, les communaut\u00e9s LGBT+ s\u2019y reconnaissent et font de ce refrain un manifeste d\u2019acceptation.<\/p>\n<p class=\"fig-paragraph\">Apr\u00e8s le succ\u00e8s mondial du titre \u2013 enregistr\u00e9 \u00e0 Londres, distribu\u00e9 par son producteur italien \u2013 la trajectoire de Gala bascule. \u00c0 21 ans, elle encha\u00eene les soir\u00e9es et les concerts. En 1996, elle est sacr\u00e9e Meilleure interpr\u00e8te f\u00e9minine de l\u2019ann\u00e9e en Italie par Musica e Dischi. L\u2019ann\u00e9e suivante, elle est \u00e9lue Meilleure artiste pop-dance aux Italian Music Awards. Le titre est certifi\u00e9 disque de diamant en France, de platine en Belgique et aux Pays-Bas, d\u2019or au Royaume-Uni.<\/p>\n<p>Les ravages du Covid-19<\/p>\n<p class=\"fig-paragraph\">La suite est connue de tous. Freed From Desire envahit les radios, les stades, les manifestations&#8230;mais pas les comptes bancaires de l\u2019artiste. Ses albums suivants (Tough Love, en 2009) n\u2019auront pas le m\u00eame retentissement. Et alors que le morceau r\u00e9sonne encore en 2022 dans un Stade de France en liesse, port\u00e9 par les supporters fran\u00e7ais jusqu\u2019\u00e0 la finale de la Coupe du monde, Gala, elle, ne touche pas un centime.<\/p>\n<p class=\"fig-paragraph\">Toutes ces ann\u00e9es, la chanteuse est am\u00e8re. Alors, loin des feux de la rampe, elle cultive ses relations, ses hobbies, ses passions. Comme beaucoup \u00e0 travers le monde, elle a souffert de la pand\u00e9mie, confront\u00e9e \u00e0 une grande solitude. Dans un entretien accord\u00e9 en 2021 au m\u00e9dia br\u00e9silien Gay Blog BR, elle revenait sur cette p\u00e9riode, \u00e9voquant son titre Parallel Lines, n\u00e9 de cette douleur sourde, mais aussi des doutes li\u00e9s \u00e0 son statut d\u2019artiste ind\u00e9pendante, et de la difficult\u00e9 \u00e0 cohabiter avec un partenaire quand l\u2019amour s\u2019efface\u00a0: \u00abJ\u2019ai \u00e9t\u00e9 inspir\u00e9e par une p\u00e9riode de ma vie o\u00f9 j\u2019\u00e9tais avec quelqu\u2019un tout en me sentant compl\u00e8tement seule dans cette relation. J\u2019avais l\u2019impression de vivre une vie parall\u00e8le, proche mais distante\u00bb, racontait-elle.<\/p>\n<p class=\"fig-paragraph\">\u00c9tant tr\u00e8s proche de la communaut\u00e9 LGBT+, certains lui ont pr\u00eat\u00e9 des relations bisexuelles. Gala, elle, ne s\u2019est jamais exprim\u00e9e \u00e0 ce sujet dans une interview. Celle qui \u00abn\u2019a jamais cess\u00e9 de se battre\u00bb, comme elle le rappelle dans Paris Match, semble toutefois en paix avec ses d\u00e9buts chaotiques. Elle n\u2019a aujourd\u2019hui \u00abni rancune ni regret\u00bb. Depuis Brooklyn, elle continue d\u2019\u00e9crire, de cr\u00e9er, et de d\u00e9fendre ses convictions. Sur son compte Instagram, suivi par quelque 35.000 abonn\u00e9s, elle relaie r\u00e9guli\u00e8rement des causes qui lui tiennent \u00e0 c\u0153ur, notamment les droits des femmes en Iran. Gala milite, compose, avance. Pour que, plus jamais, son \u0153uvre ne rime avec d\u00e9possession.<\/p>\n","protected":false},"excerpt":{"rendered":"En 1996, son tube devenait un hit. Pr\u00e8s de trente ans plus tard, Gala ressort de l\u2019ombre pour&hellip;\n","protected":false},"author":2,"featured_media":14443,"comment_status":"","ping_status":"","sticky":false,"template":"","format":"standard","meta":{"footnotes":""},"categories":[1355],"tags":[976,972,1695,58,6260,59,638,63,1011,27,977,1361,873,973,975,974],"class_list":{"0":"post-14442","1":"post","2":"type-post","3":"status-publish","4":"format-standard","5":"has-post-thumbnail","7":"category-musique","8":"tag-actu-people","9":"tag-celebrite","10":"tag-chanson","11":"tag-divertissement","12":"tag-droit-dauteur","13":"tag-entertainment","14":"tag-figaro","15":"tag-football","16":"tag-fr","17":"tag-france","18":"tag-madame","19":"tag-music","20":"tag-musique","21":"tag-people","22":"tag-potain-de-stars","23":"tag-star"},"share_on_mastodon":{"url":"https:\/\/pubeurope.com\/@fr\/114312613984810831","error":""},"_links":{"self":[{"href":"https:\/\/www.europesays.com\/fr\/wp-json\/wp\/v2\/posts\/14442","targetHints":{"allow":["GET"]}}],"collection":[{"href":"https:\/\/www.europesays.com\/fr\/wp-json\/wp\/v2\/posts"}],"about":[{"href":"https:\/\/www.europesays.com\/fr\/wp-json\/wp\/v2\/types\/post"}],"author":[{"embeddable":true,"href":"https:\/\/www.europesays.com\/fr\/wp-json\/wp\/v2\/users\/2"}],"replies":[{"embeddable":true,"href":"https:\/\/www.europesays.com\/fr\/wp-json\/wp\/v2\/comments?post=14442"}],"version-history":[{"count":0,"href":"https:\/\/www.europesays.com\/fr\/wp-json\/wp\/v2\/posts\/14442\/revisions"}],"wp:featuredmedia":[{"embeddable":true,"href":"https:\/\/www.europesays.com\/fr\/wp-json\/wp\/v2\/media\/14443"}],"wp:attachment":[{"href":"https:\/\/www.europesays.com\/fr\/wp-json\/wp\/v2\/media?parent=14442"}],"wp:term":[{"taxonomy":"category","embeddable":true,"href":"https:\/\/www.europesays.com\/fr\/wp-json\/wp\/v2\/categories?post=14442"},{"taxonomy":"post_tag","embeddable":true,"href":"https:\/\/www.europesays.com\/fr\/wp-json\/wp\/v2\/tags?post=14442"}],"curies":[{"name":"wp","href":"https:\/\/api.w.org\/{rel}","templated":true}]}}