{"id":144425,"date":"2025-06-01T16:24:08","date_gmt":"2025-06-01T16:24:08","guid":{"rendered":"https:\/\/www.europesays.com\/fr\/144425\/"},"modified":"2025-06-01T16:24:08","modified_gmt":"2025-06-01T16:24:08","slug":"cest-intimidant-comme-situation","status":"publish","type":"post","link":"https:\/\/www.europesays.com\/fr\/144425\/","title":{"rendered":"\u00ab\u00a0C&rsquo;est intimidant comme situation \u00bb"},"content":{"rendered":"<p>            Par<br \/>\n        <strong><br \/>\n            <a href=\"https:\/\/actu.fr\/auteur\/julien-bouteiller\" title=\"Consulter tous les articles de Julien Bouteiller\" target=\"_blank\" rel=\"noopener\">Julien Bouteiller<\/a><br \/>\n        <\/strong><\/p>\n<p>        Publi\u00e9 le<\/p>\n<p>            1 juin 2025 \u00e0 17h58        <\/p>\n<p>Une situation comme on en voit dans les s\u00e9ries m\u00e9dicales am\u00e9ricaines. Alors qu\u2019il \u00e9tait <strong>\u00e0 bord de l\u2019avion<\/strong> l\u2019emmenant en vacances en Argentine, le <strong>Dr Gr\u00e9goire Cauchois, m\u00e9decin cardiologue<\/strong> \u00e0 Rouen, est venu <strong>au secours d\u2019une passag\u00e8re<\/strong>. Une \u00ab\u00a0situation stressante\u00a0\u00bb, qu\u2019il relate \u00e0\u00a076actu.<\/p>\n<p>Une femme fait un malaise dans l\u2019avion<\/p>\n<p class=\" wall-content\">M\u00e9decin sp\u00e9cialis\u00e9 en cardiologie <strong>\u00e0 la clinique Mathilde<\/strong>, Gr\u00e9goire Cauchois s\u2019appr\u00eate \u00e0 prendre des vacances bien m\u00e9rit\u00e9es, direction l\u2019Argentine, ce mercredi 30 avril 2025. \u00ab\u00a0Je pars l\u2019esprit l\u00e9ger, loin du boulot. En g\u00e9n\u00e9ral, quand on prend l\u2019avion, c\u2019est pour d\u00e9connecter du travail\u00a0\u00bb, relate-t-il.<\/p>\n<p class=\" wall-content\">Mais la blouse le rattrape vite. \u00ab\u00a0Apr\u00e8s deux heures de vol,<strong> je suis appel\u00e9 par un des stewards<\/strong> pour une personne qui a besoin d\u2019assistance m\u00e9dicale.\u00a0\u00bb Attention, pas de message inqui\u00e9tant du style \u00ab\u00a0Y a-t-il un m\u00e9decin \u00e0 bord ?\u00a0\u00bb comme on le voit dans les films. Gr\u00e9goire Cauchois est <strong>d\u00e9clar\u00e9 aupr\u00e8s d\u2019Air France comme \u00ab\u00a0m\u00e9decin \u00e0 bord\u00a0\u00bb<\/strong>, un programme permettant au personnel naviguant de savoir quand quelqu\u2019un est apte \u00e0 les assister en cas de probl\u00e8me.<\/p>\n<p class=\" wall-content\">Hasard du destin, \u00ab\u00a0quand j\u2019arrive, <strong>une autre cardiologue, argentine<\/strong>, \u00e9tait aupr\u00e8s de la victime\u00a0\u00bb. Mais la m\u00e9decin, n\u2019ayant pas sa carte professionnelle sur elle, ne pouvait g\u00e9rer la prise en charge de la passag\u00e8re en d\u00e9tresse. Cette derni\u00e8re est une femme d\u2019environ 70 ans, qui a perdu connaissance et fait un malaise.\u00a0<\/p>\n<p>\u00ab\u00a0C\u2019est intimidant comme situation\u00a0\u00bb<\/p>\n<p class=\" wall-content\">Quand il la voit, la patiente est \u00ab\u00a0consciente, mais confuse\u00a0\u00bb. Il faut maintenant tenter de poser un diagnostic. Mais pas \u00e9vident en vol,<strong> le mat\u00e9riel est maigre<\/strong> : \u00ab\u00a0un st\u00e9thoscope, un tensiom\u00e8tre, un capteur d\u2019oxyg\u00e8ne, un glucom\u00e8tre et c\u2019est tout\u00a0\u00bb.<\/p>\n<blockquote class=\"ac-article-quote wall-content\">\n<p>Quand on est en plein vol, on est vite tr\u00e8s limit\u00e9.<\/p>\n<p>    <strong>Dr Gr\u00e9goire Cauchois<\/strong><br \/>\n        m\u00e9decin \u00e0 Rouen    <\/p><\/blockquote>\n<p class=\" wall-content\">Le m\u00e9decin n\u2019est pas seul heureusement. Outre \u00ab\u00a0le PNC, tr\u00e8s calme, tr\u00e8s professionnel, organis\u00e9 et r\u00e9actif\u00a0\u00bb et sa cons\u0153ur argentine, Gr\u00e9goire Cauchois \u00e9change, via le pilote, avec la r\u00e9gulation du Samu \u00e0 Paris. \u00ab\u00a0Je me suis retrouv\u00e9 dans le cockpit. C\u2019est intimidant comme situation.\u00a0\u00bb<\/p>\n<p>Un podcast pour raconter son m\u00e9tier<\/p>\n<p>Le Dr Gr\u00e9goire Cauchois anime depuis plus d&rsquo;un an un podcast intitul\u00e9 En plein c\u0153ur. \u00ab\u00a0L&rsquo;id\u00e9e, c&rsquo;est de partager mon univers professionnel \u00bb, explique-t-il. \u00ab\u00a0La cardiologie, c&rsquo;est une sp\u00e9cialit\u00e9 tr\u00e8s technique mais qui touche tous les \u00e2ges. J&rsquo;ai voulu partager cela aux gens. \u00bb<\/p>\n<p>Il y explique son m\u00e9tier, sa sp\u00e9cialit\u00e9, et fait aussi intervenir des soignants ou des patients. Avec succ\u00e8s, \u00ab\u00a0\u00e7a marche bien, il y a pas mal d&rsquo;interaction avec les gens \u00bb.<\/p>\n<p>Faut-il d\u00e9router l\u2019avion ?<\/p>\n<p class=\" wall-content\">Selon lui, l\u2019\u00e9tat de la patiente n\u00e9cessite des examens compl\u00e9mentaires. Mais, \u00ab\u00a0c\u2019est au pilote qu\u2019appartient la d\u00e9cision de d\u00e9router ou non l\u2019avion\u00a0\u00bb. Et l\u00e0, plusieurs facteurs rentrent en jeu. L\u2019\u00e9tat de la patiente \u00e9videmment, mais aussi l\u2019environnement dans laquelle on peut la laisser (\u00ab\u00a0il ne faut pas que ce soit hostile\u00a0\u00bb), sans compter bien s\u00fbr les autres passagers. \u00ab\u00a0C\u2019est une situation qu\u2019on n\u2019a pas envie de vivre, <strong>c\u2019est stressant<\/strong>, on peut sentir une pression\u00a0\u00bb, reconna\u00eet le cardiologue.<\/p>\n<blockquote class=\"ac-article-quote wall-content\">\n<p>Les gens sont inquiets, ils regardent, se l\u00e8vent. Ce n&rsquo;est pas simple.<\/p>\n<p>    <strong>Dr Gr\u00e9goire Cauchois<\/strong><br \/>\n        m\u00e9decin \u00e0 Rouen    <\/p><\/blockquote>\n<p class=\" wall-content\">Mais le choix est fait <strong>de d\u00e9router le vol vers les A\u00e7ores<\/strong>. La septuag\u00e9naire est prise en charge imm\u00e9diatement. Un soulagement apr\u00e8s une longue heure de prise en charge.\u00a0<\/p>\n<p>Une histoire qui finit bien<\/p>\n<p class=\" wall-content\">Surtout, tout est bien qui finit bien. \u00ab\u00a0J\u2019ai pu avoir de ses nouvelles, elle va bien\u00a0\u00bb, se r\u00e9jouit Gr\u00e9goire Cauchois. Apr\u00e8s ses vacances bien m\u00e9rit\u00e9es en Argentine, o\u00f9 il a pu b\u00e9n\u00e9ficier des bons plans de sa cons\u0153ur argentine, il remercie tout le personnel de bord, \u00ab\u00a0qui a su tr\u00e8s bien apaiser la situation\u00a0\u00bb.<\/p>\n<p class=\" wall-content\">Humble, le m\u00e9decin se souvient avoir d\u00e9j\u00e0 d\u00fb intervenir il y a quelques ann\u00e9es dans un Paris-New York, pour un malaise vagal.<strong> En fait, \u00ab\u00a0on ne quitte jamais vraiment la blouse\u00a0\u00bb.<\/strong><\/p>\n<p>Retrouvez le podcast version vid\u00e9o du Dr Gr\u00e9goire Cauchois s<a href=\"https:\/\/www.youtube.com\/@Enpleincoeur\" target=\"_blank\" rel=\"noopener\">ur sa cha\u00eene YouTube<\/a>.Suivez l\u2019actualit\u00e9 de Rouen <a href=\"https:\/\/www.whatsapp.com\/channel\/0029VaKfnf99hXF2ddApFB1D\" target=\"_blank\" rel=\"noopener\">sur notre cha\u00eene WhatsApp<\/a> et <a href=\"https:\/\/www.tiktok.com\/@76actu.fr?lang=fr\" target=\"_blank\" rel=\"noopener\">sur notre compte TikTok<\/a><\/p>\n<p class=\" wall-content\">Suivez toute l\u2019actualit\u00e9 de vos villes et m\u00e9dias favoris en vous inscrivant \u00e0 <a href=\"https:\/\/moncompte.actu.fr\" title=\"D\u00e9couvez Mon Actu\" rel=\"nofollow noopener\" data-trk=\"{&quot;cta&quot;:{&quot;action&quot;:&quot;https:\\\/\\\/moncompte.actu.fr&quot;,&quot;category&quot;:&quot;mon compte&quot;,&quot;from&quot;:&quot;article footer&quot;,&quot;name&quot;:&quot;Mon actu&quot;,&quot;type&quot;:&quot;cta&quot;}}\" target=\"_blank\">Mon Actu<\/a>.<\/p>\n<p>                    <script async src=\"\/\/www.tiktok.com\/embed.js\"><\/script><\/p>\n","protected":false},"excerpt":{"rendered":"Par Julien Bouteiller Publi\u00e9 le 1 juin 2025 \u00e0 17h58 Une situation comme on en voit dans les&hellip;\n","protected":false},"author":2,"featured_media":144426,"comment_status":"","ping_status":"","sticky":false,"template":"","format":"standard","meta":{"footnotes":""},"categories":[9587],"tags":[1111,11,1777,674,1011,27,1757,12,5161,25,9590,3400,240],"class_list":{"0":"post-144425","1":"post","2":"type-post","3":"status-publish","4":"format-standard","5":"has-post-thumbnail","7":"category-rouen","8":"tag-actu","9":"tag-actualites","10":"tag-eu","11":"tag-europe","12":"tag-fr","13":"tag-france","14":"tag-insolite","15":"tag-news","16":"tag-normandie","17":"tag-republique-francaise","18":"tag-rouen","19":"tag-solidarite","20":"tag-temoignage"},"share_on_mastodon":{"url":"https:\/\/pubeurope.com\/@fr\/114609039981977642","error":""},"_links":{"self":[{"href":"https:\/\/www.europesays.com\/fr\/wp-json\/wp\/v2\/posts\/144425","targetHints":{"allow":["GET"]}}],"collection":[{"href":"https:\/\/www.europesays.com\/fr\/wp-json\/wp\/v2\/posts"}],"about":[{"href":"https:\/\/www.europesays.com\/fr\/wp-json\/wp\/v2\/types\/post"}],"author":[{"embeddable":true,"href":"https:\/\/www.europesays.com\/fr\/wp-json\/wp\/v2\/users\/2"}],"replies":[{"embeddable":true,"href":"https:\/\/www.europesays.com\/fr\/wp-json\/wp\/v2\/comments?post=144425"}],"version-history":[{"count":0,"href":"https:\/\/www.europesays.com\/fr\/wp-json\/wp\/v2\/posts\/144425\/revisions"}],"wp:featuredmedia":[{"embeddable":true,"href":"https:\/\/www.europesays.com\/fr\/wp-json\/wp\/v2\/media\/144426"}],"wp:attachment":[{"href":"https:\/\/www.europesays.com\/fr\/wp-json\/wp\/v2\/media?parent=144425"}],"wp:term":[{"taxonomy":"category","embeddable":true,"href":"https:\/\/www.europesays.com\/fr\/wp-json\/wp\/v2\/categories?post=144425"},{"taxonomy":"post_tag","embeddable":true,"href":"https:\/\/www.europesays.com\/fr\/wp-json\/wp\/v2\/tags?post=144425"}],"curies":[{"name":"wp","href":"https:\/\/api.w.org\/{rel}","templated":true}]}}