{"id":144427,"date":"2025-06-01T16:25:13","date_gmt":"2025-06-01T16:25:13","guid":{"rendered":"https:\/\/www.europesays.com\/fr\/144427\/"},"modified":"2025-06-01T16:25:13","modified_gmt":"2025-06-01T16:25:13","slug":"accident-mortel-walsheim-nmr-on-fait-le-point-sur-lactu-de-la-semaine-a-rouen","status":"publish","type":"post","link":"https:\/\/www.europesays.com\/fr\/144427\/","title":{"rendered":"Accident mortel, Walsheim, NMR&#8230; On fait le point sur l&rsquo;actu de la semaine \u00e0 Rouen"},"content":{"rendered":"<p>            Par<br \/>\n        <strong><br \/>\n            <a href=\"https:\/\/actu.fr\/auteur\/julien-bouteiller\" title=\"Consulter tous les articles de Julien Bouteiller\" rel=\"nofollow noopener\" target=\"_blank\">Julien Bouteiller<\/a><br \/>\n        <\/strong><\/p>\n<p>        Publi\u00e9 le<\/p>\n<p>            1 juin 2025 \u00e0 17h24        <\/p>\n<p>Encore une semaine riche en \u00e9v\u00e9nements \u00e0 Rouen ! Si vous n\u2019avez pas pu tout suivre, comme chaque semaine,\u00a076actu vous a r\u00e9sum\u00e9<strong> les infos \u00e0 retenir<\/strong> des derniers jours du mois de mai 2025.<\/p>\n<p>Les infos de la semaine \u00e0 Rouen<\/p>\n<p class=\"expresso-item wall-content\"><a title=\"Lire l&#039;article\" href=\"https:\/\/actu.fr\/normandie\/le-petit-quevilly_76498\/accident-au-petit-quevilly-les-voitures-s-embrasent-un-mort-et-deux-blesses-en-urgence-absolue_62711278.html\" rel=\"nofollow noopener\" target=\"_blank\"><strong>Accident au Petit-Quevilly : les voitures s\u2019embrasent, un mort et deux bless\u00e9s en \u00ab\u00a0urgence absolue \u00bb<\/strong><\/a><br \/>Un violent accident est survenu au Petit-Quevilly, pr\u00e8s de Rouen, dans la nuit du 30 au 31 mai 2025. Un homme est mort, deux autres sont dans un \u00e9tat critique.<\/p>\n<p class=\"expresso-item wall-content\"><a title=\"Lire l&#039;article\" href=\"https:\/\/actu.fr\/normandie\/rouen_76540\/a-rouen-ce-campement-de-mineurs-isoles-perdure-devant-la-prefecture-ils-ne-partiront-pas_62700476.html\" rel=\"nofollow noopener\" target=\"_blank\"><strong>\u00c0 Rouen, ce campement de mineurs isol\u00e9s perdure devant la pr\u00e9fecture : \u00ab Ils ne partiront pas \u00bb<\/strong><\/a><br \/>Sur l\u2019esplanade Pasteur \u00e0 Rouen, juste devant la pr\u00e9fecture, un campement de mineurs isol\u00e9s est install\u00e9 depuis un mois. Les jeunes r\u00e9clament une prise en charge.<\/p>\n<p class=\"expresso-item wall-content\"><a title=\"Lire l&#039;article\" href=\"https:\/\/actu.fr\/normandie\/rouen_76540\/congres-du-ps-le-maire-de-rouen-nicolas-mayer-rossignol-fait-vaciller-olivier-faure_62691505.html\" rel=\"nofollow noopener\" target=\"_blank\"><strong>Congr\u00e8s du PS. Le maire de Rouen Nicolas Mayer-Rossignol fait vaciller Olivier Faure<\/strong><\/a><br \/>Le maire de Rouen Nicolas Mayer-Rossignol fait vaciller Olivier Faure, actuel chef des socialistes, lors du premier tour du vote au Congr\u00e8s du PS, ce 27 mai 2025.<\/p>\n<p class=\"expresso-item wall-content\"><a title=\"Lire l&#039;article\" href=\"https:\/\/actu.fr\/normandie\/rouen_76540\/la-walsheim-a-ferme-a-rouen-mais-certains-se-placent-pour-la-reprendre-qui-est-sur-le-coup_62672753.html\" rel=\"nofollow noopener\" target=\"_blank\"><strong>La Walsheim a ferm\u00e9 \u00e0 Rouen, mais certains se placent pour la reprendre : qui est sur le coup ?<\/strong><\/a><br \/>\u00c0 Rouen, qui va vouloir reprendre l\u2019embl\u00e9matique restaurant La Walsheim, ferm\u00e9 depuis mai 2025 ? On a sond\u00e9 les restaurateurs rouennais.<\/p>\n<p class=\"expresso-item wall-content\"><a title=\"Lire l&#039;article\" href=\"https:\/\/actu.fr\/normandie\/rouen_76540\/a-rouen-les-policiers-et-leur-chienne-en-difficulte-lors-d-une-intervention-chaotique_62686989.html\" rel=\"nofollow noopener\" target=\"_blank\"><strong>\u00c0 Rouen, les policiers et leur chienne en difficult\u00e9 lors d\u2019une intervention chaotique<\/strong><\/a><br \/>Dans la nuit du 23 au 24 mai 2025, \u00e0 Rouen, des policiers ont proc\u00e9d\u00e9 \u00e0 une interpellation muscl\u00e9e, pour mettre fin \u00e0 une bagarre.<\/p>\n<p>Bon \u00e0 savoir \u00e0 Rouen<\/p>\n<p class=\"expresso-item wall-content\"><a title=\"Lire l&#039;article\" href=\"https:\/\/actu.fr\/normandie\/rouen_76540\/cathedrale-de-lumiere-a-rouen-revient-avec-un-spectacle-presque-inedit_62698486.html\" rel=\"nofollow noopener\" target=\"_blank\"><strong>Cath\u00e9drale de lumi\u00e8re \u00e0 Rouen revient avec un spectacle (presque) in\u00e9dit<\/strong><\/a><br \/>Le son et lumi\u00e8re annuel sur la fa\u00e7ade de la cath\u00e9drale de Rouen revient samedi 31 mai 2025 avec deux \u00e9pisodes, dont un quasi in\u00e9dit, Optic Gothic.<\/p>\n<p class=\"expresso-item wall-content\"><a title=\"Lire l&#039;article\" href=\"https:\/\/actu.fr\/normandie\/rouen_76540\/rue-du-gros-horloge-a-rouen-decouvrez-le-magasin-qui-remplace-the-body-shop_62699183.html\" rel=\"nofollow noopener\" target=\"_blank\"><strong>Rue du Gros Horloge \u00e0 Rouen, d\u00e9couvrez le magasin qui remplace The Body Shop<\/strong><\/a><br \/>Une nouvelle boutique a ouvert, rue du Gros-Horloge, \u00e0 Rouen. Miramira, franchise espagnole de bijoux remplace l\u2019ancien The Body Shop.<\/p>\n<p class=\"expresso-item wall-content\"><a title=\"Lire l&#039;article\" href=\"https:\/\/actu.fr\/normandie\/rouen_76540\/un-nouveau-concept-debarque-a-rouen-les-sandos-d-etonnants-sandwichs-japonais_62688344.html\" rel=\"nofollow noopener\" target=\"_blank\"><strong>Un nouveau concept d\u00e9barque \u00e0 Rouen : les sandos, d\u2019\u00e9tonnants sandwichs japonais<\/strong><\/a><br \/>\u00c0 Rouen, le restaurant Mizu vous fait d\u00e9couvrir les sandos, des sandwichs \u00e0 la mode street-food japonaise.<\/p>\n<p>Suivez l\u2019actualit\u00e9 de Rouen <a href=\"https:\/\/www.whatsapp.com\/channel\/0029VaKfnf99hXF2ddApFB1D\" rel=\"nofollow noopener\" target=\"_blank\">sur notre cha\u00eene WhatsApp<\/a> et <a href=\"https:\/\/www.tiktok.com\/@76actu.fr?lang=fr\" rel=\"nofollow noopener\" target=\"_blank\">sur notre compte TikTok<\/a><\/p>\n<p class=\" wall-content\">Suivez toute l\u2019actualit\u00e9 de vos villes et m\u00e9dias favoris en vous inscrivant \u00e0 <a href=\"https:\/\/moncompte.actu.fr\" title=\"D\u00e9couvez Mon Actu\" rel=\"nofollow noopener\" data-trk=\"{&quot;cta&quot;:{&quot;action&quot;:&quot;https:\\\/\\\/moncompte.actu.fr&quot;,&quot;category&quot;:&quot;mon compte&quot;,&quot;from&quot;:&quot;article footer&quot;,&quot;name&quot;:&quot;Mon actu&quot;,&quot;type&quot;:&quot;cta&quot;}}\" target=\"_blank\">Mon Actu<\/a>.<\/p>\n<p>                    <script async src=\"\/\/www.tiktok.com\/embed.js\"><\/script><\/p>\n","protected":false},"excerpt":{"rendered":"Par Julien Bouteiller Publi\u00e9 le 1 juin 2025 \u00e0 17h24 Encore une semaine riche en \u00e9v\u00e9nements \u00e0 Rouen&hellip;\n","protected":false},"author":2,"featured_media":144428,"comment_status":"","ping_status":"","sticky":false,"template":"","format":"standard","meta":{"footnotes":""},"categories":[9587],"tags":[119,1111,11,9086,1777,674,1011,27,12,5161,4484,25,9590,104],"class_list":{"0":"post-144427","1":"post","2":"type-post","3":"status-publish","4":"format-standard","5":"has-post-thumbnail","7":"category-rouen","8":"tag-accident","9":"tag-actu","10":"tag-actualites","11":"tag-bon-plan-a-rouen","12":"tag-eu","13":"tag-europe","14":"tag-fr","15":"tag-france","16":"tag-news","17":"tag-normandie","18":"tag-parti-socialiste-ps","19":"tag-republique-francaise","20":"tag-rouen","21":"tag-societe"},"share_on_mastodon":{"url":"https:\/\/pubeurope.com\/@fr\/114609043735662450","error":""},"_links":{"self":[{"href":"https:\/\/www.europesays.com\/fr\/wp-json\/wp\/v2\/posts\/144427","targetHints":{"allow":["GET"]}}],"collection":[{"href":"https:\/\/www.europesays.com\/fr\/wp-json\/wp\/v2\/posts"}],"about":[{"href":"https:\/\/www.europesays.com\/fr\/wp-json\/wp\/v2\/types\/post"}],"author":[{"embeddable":true,"href":"https:\/\/www.europesays.com\/fr\/wp-json\/wp\/v2\/users\/2"}],"replies":[{"embeddable":true,"href":"https:\/\/www.europesays.com\/fr\/wp-json\/wp\/v2\/comments?post=144427"}],"version-history":[{"count":0,"href":"https:\/\/www.europesays.com\/fr\/wp-json\/wp\/v2\/posts\/144427\/revisions"}],"wp:featuredmedia":[{"embeddable":true,"href":"https:\/\/www.europesays.com\/fr\/wp-json\/wp\/v2\/media\/144428"}],"wp:attachment":[{"href":"https:\/\/www.europesays.com\/fr\/wp-json\/wp\/v2\/media?parent=144427"}],"wp:term":[{"taxonomy":"category","embeddable":true,"href":"https:\/\/www.europesays.com\/fr\/wp-json\/wp\/v2\/categories?post=144427"},{"taxonomy":"post_tag","embeddable":true,"href":"https:\/\/www.europesays.com\/fr\/wp-json\/wp\/v2\/tags?post=144427"}],"curies":[{"name":"wp","href":"https:\/\/api.w.org\/{rel}","templated":true}]}}