{"id":144429,"date":"2025-06-01T16:27:10","date_gmt":"2025-06-01T16:27:10","guid":{"rendered":"https:\/\/www.europesays.com\/fr\/144429\/"},"modified":"2025-06-01T16:27:10","modified_gmt":"2025-06-01T16:27:10","slug":"deux-morts-un-policier-dans-le-coma-une-voiture-folle-a-grenoble-comment-le-sacre-du-psg-a-aussi-tourne-au-drame","status":"publish","type":"post","link":"https:\/\/www.europesays.com\/fr\/144429\/","title":{"rendered":"Deux morts, un policier dans le coma, une voiture folle \u00e0 Grenoble\u00a0: comment le sacre du PSG a aussi tourn\u00e9 au drame"},"content":{"rendered":"<p><a href=\"https:\/\/www.dhnet.be\/actu\/monde\/2025\/06\/01\/voitures-incendiees-mobilier-ubrain-casse-et-vitrines-degradees-cetait-le-chaos-a-paris-apres-le-sacre-du-psg-en-ligue-des-champions-photos-CIPCYWND3VHVJH6SELB6T334PY\/\" target=\"_blank\" rel=\"noopener noreferrer\" class=\"ap-StoryInterstitialLink ap-StoryElement ap-StoryElement--mb js-paywall-target\">2 morts, un policier dans le coma et 559 interpellations en France : c&rsquo;\u00e9tait le chaos apr\u00e8s la victoire du PSG en Ligue des champions (PHOTOS + VIDEOS)<\/a><\/p>\n<p class=\"ap-StoryElement ap-StoryElement--mb ap-StoryText\">\u00c0 Grenoble, quatre personnes d&rsquo;une m\u00eame famille ont \u00e9t\u00e9 bless\u00e9es, dont deux gri\u00e8vement apr\u00e8s qu&rsquo;une voiture a heurt\u00e9 la foule c\u00e9l\u00e9brant la victoire. \u00ab\u00a0Un v\u00e9hicule aurait perdu le contr\u00f4le, heurtant quatre personnes dont deux bless\u00e9es gri\u00e8vement\u00a0\u00bb, a indiqu\u00e9 la pr\u00e9fecture \u00e0 l&rsquo;AFP, pr\u00e9cisant que le conducteur s&rsquo;est rendu de lui-m\u00eame \u00e0 la police et est en garde \u00e0 vue.<\/p>\n<p class=\"ap-StoryElement ap-StoryElement--mb ap-StoryText\">L&rsquo;acte ne serait pas intentionnel. L&rsquo;automobiliste circulait \u00e0 vive allure sur le cours Jean-Jaur\u00e8s, une des art\u00e8res principales de Grenoble, quand il a tent\u00e9 d&rsquo;effectuer un d\u00e9rapage contr\u00f4l\u00e9, percutant la foule rassembl\u00e9e pour c\u00e9l\u00e9brer la victoire du PSG. Le v\u00e9hicule a alors fauch\u00e9 quatre pi\u00e9tons : deux hommes de 17 ans et deux femmes de 23 et 46 ans, membres de la m\u00eame famille, selon la source proche du dossier.<\/p>\n<p>22 policiers ont \u00e9t\u00e9 bless\u00e9s<\/p>\n<p class=\"ap-StoryElement ap-StoryElement--mb ap-StoryText\">Au total, 559 interpellations ont eu lieu dans l&rsquo;ensemble du pays dont 491 \u00e0 Paris, qui ont conduit \u00e0 320 gardes \u00e0 vue dont 254 dans la capitale, a ajout\u00e9 le minist\u00e8re. \u00ab\u00a0Au cours de la soir\u00e9e, 22 membres des forces de l&rsquo;ordre ont \u00e9t\u00e9 bless\u00e9s dont 18 \u00e0 Paris, selon la m\u00eame source. Sept sapeurs-pompiers ont \u00e9t\u00e9 bless\u00e9s ainsi que 192 manifestants\u00a0\u00bb, a pr\u00e9cis\u00e9 le minist\u00e8re qui a d\u00e9compt\u00e9 un total de 692 incendies dont 264 v\u00e9hicules.<\/p>\n<p class=\"ap-StoryElement ap-StoryElement--mb ap-StoryText\">Le pr\u00e9fet de police de Paris Laurent Nu\u00f1ez a consid\u00e9r\u00e9 dimanche que l&rsquo;important dispositif de s\u00e9curit\u00e9 mis en place la veille pour pr\u00e9venir tout d\u00e9bordement en marge de la victoire du PSG en Ligue des champions n&rsquo;\u00e9tait \u00ab\u00a0ni une r\u00e9ussite ni un \u00e9chec\u00a0\u00bb.<\/p>\n<p><a href=\"https:\/\/www.dhnet.be\/actu\/monde\/2025\/06\/01\/france-un-jeune-homme-de-17-ans-tue-par-arme-blanche-a-loccasion-des-celebrations-du-psg-lauteur-en-fuite-4HWK23CX4FHRXJDNX3H66X3IVA\/\" target=\"_blank\" rel=\"noopener noreferrer\" class=\"ap-StoryInterstitialLink ap-StoryElement ap-StoryElement--mb\">France: un jeune homme de 17 ans tu\u00e9 par arme blanche \u00ab\u00a0\u00e0 l&rsquo;occasion des c\u00e9l\u00e9brations du PSG\u00a0\u00bb, l&rsquo;auteur en fuite<\/a><\/p>\n<p class=\"ap-StoryElement ap-StoryElement--mb ap-StoryText\">\u00ab\u00a0Je ne qualifierais pas \u00e7a de r\u00e9ussite puisqu&rsquo;on s&rsquo;\u00e9tait quand m\u00eame fix\u00e9 comme objectif qu&rsquo;il n&rsquo;y ait pas de d\u00e9gradation de commerce. Or, il y en a eu\u00a0\u00bb, a assur\u00e9 Laurent Nu\u00f1ez lors d&rsquo;un point presse. \u00ab\u00a0On ne peut pas parler non plus d&rsquo;un \u00e9chec. Vous aviez des milliers de personnes qui sont venues pour commettre des exactions et qui, pour la plupart des cas, en ont \u00e9t\u00e9 emp\u00each\u00e9es\u00a0\u00bb, a-t-il ajout\u00e9.<\/p>\n<p class=\"ap-StoryElement ap-StoryElement--mb ap-StoryText\">Du c\u00f4t\u00e9 de Marseille, un important dispositif \u00e9tait d\u00e9ploy\u00e9 en cas de d\u00e9bordements mais la victoire du rival historique a rapidement calm\u00e9 les ardeurs des supporters. La nuit s&rsquo;est donc poursuivie dans le calme. Du c\u00f4t\u00e9 de Munich, o\u00f9 se tenait la finale, des affrontements ont eu lieu entre les supporters de Paris et de Milan dans le m\u00e9tro. Aucun autre incident majeur n&rsquo;a \u00e9t\u00e9 rapport\u00e9.<\/p>\n<p class=\"ap-StoryElement ap-StoryElement--mb ap-StoryText\">Les festivit\u00e9s se sont poursuivies ce dimanche avec la pr\u00e9sentation des joueurs du PSG sur les Champs-\u00c9lys\u00e9es, noirs de monde. Aucun incident notable n&rsquo;a, cette fois, \u00e9t\u00e9 signal\u00e9.<\/p>\n","protected":false},"excerpt":{"rendered":"2 morts, un policier dans le coma et 559 interpellations en France : c&rsquo;\u00e9tait le chaos apr\u00e8s la&hellip;\n","protected":false},"author":2,"featured_media":144430,"comment_status":"","ping_status":"","sticky":false,"template":"","format":"standard","meta":{"footnotes":""},"categories":[9566],"tags":[1111,11,2430,3057,1777,674,16686,1011,27,2731,1227,12,25],"class_list":{"0":"post-144429","1":"post","2":"type-post","3":"status-publish","4":"format-standard","5":"has-post-thumbnail","7":"category-grenoble","8":"tag-actu","9":"tag-actualites","10":"tag-auvergne-rhone-alpes","11":"tag-essential","12":"tag-eu","13":"tag-europe","14":"tag-fbl","15":"tag-fr","16":"tag-france","17":"tag-grenoble","18":"tag-horizontal","19":"tag-news","20":"tag-republique-francaise"},"share_on_mastodon":{"url":"https:\/\/pubeurope.com\/@fr\/114609051575556151","error":""},"_links":{"self":[{"href":"https:\/\/www.europesays.com\/fr\/wp-json\/wp\/v2\/posts\/144429","targetHints":{"allow":["GET"]}}],"collection":[{"href":"https:\/\/www.europesays.com\/fr\/wp-json\/wp\/v2\/posts"}],"about":[{"href":"https:\/\/www.europesays.com\/fr\/wp-json\/wp\/v2\/types\/post"}],"author":[{"embeddable":true,"href":"https:\/\/www.europesays.com\/fr\/wp-json\/wp\/v2\/users\/2"}],"replies":[{"embeddable":true,"href":"https:\/\/www.europesays.com\/fr\/wp-json\/wp\/v2\/comments?post=144429"}],"version-history":[{"count":0,"href":"https:\/\/www.europesays.com\/fr\/wp-json\/wp\/v2\/posts\/144429\/revisions"}],"wp:featuredmedia":[{"embeddable":true,"href":"https:\/\/www.europesays.com\/fr\/wp-json\/wp\/v2\/media\/144430"}],"wp:attachment":[{"href":"https:\/\/www.europesays.com\/fr\/wp-json\/wp\/v2\/media?parent=144429"}],"wp:term":[{"taxonomy":"category","embeddable":true,"href":"https:\/\/www.europesays.com\/fr\/wp-json\/wp\/v2\/categories?post=144429"},{"taxonomy":"post_tag","embeddable":true,"href":"https:\/\/www.europesays.com\/fr\/wp-json\/wp\/v2\/tags?post=144429"}],"curies":[{"name":"wp","href":"https:\/\/api.w.org\/{rel}","templated":true}]}}