{"id":144437,"date":"2025-06-01T16:31:09","date_gmt":"2025-06-01T16:31:09","guid":{"rendered":"https:\/\/www.europesays.com\/fr\/144437\/"},"modified":"2025-06-01T16:31:09","modified_gmt":"2025-06-01T16:31:09","slug":"un-tramway-percute-un-poteau-faisant-six-blesses-legers","status":"publish","type":"post","link":"https:\/\/www.europesays.com\/fr\/144437\/","title":{"rendered":"un tramway percute un poteau, faisant six bless\u00e9s l\u00e9gers"},"content":{"rendered":"<p>Selon la Compagnie des transports strasbourgeois (CTS), le conducteur, \u00e2g\u00e9 de 53 ans, \u00e9tait exp\u00e9riment\u00e9, n\u2019avait pas consomm\u00e9 d\u2019alcool ni pris de drogue. Il a d\u00e9clar\u00e9 s\u2019\u00eatre assoupi.<\/p>\n<p class=\"fig-paragraph\">Un tramway a manqu\u00e9 l&rsquo;arr\u00eat du terminus de sa ligne et a percut\u00e9 un poteau dimanche, dans la banlieue de\u00a0<a href=\"http:\/\/www.lefigaro.fr\/voyages\/dossier\/strasbourg\" target=\"_blank\" data-fig-type=\"Topic\" rel=\"noopener\" data-gtm-custom-categorie=\"navigation\" data-gtm-custom-action=\"crossclick\" data-gtm-custom-label=\"Contextuel\" data-gtm-event=\"customEventSPE\" data-fig-domain=\"LEFIGARO\">Strasbourg<\/a>, a appris l\u2019AFP aupr\u00e8s des autorit\u00e9s locales.<\/p>\n<p class=\"fig-paragraph\">\u00abAu lieu de s&rsquo;arr\u00eater en station puisqu&rsquo;il arrivait au terminus, il a continu\u00e9 tout droit jusqu&rsquo;au bout des rails o\u00f9 se trouve un poteau qui permet de tenir la cat\u00e9naire. C&rsquo;est ce poteau-l\u00e0, par le choc, qui a arr\u00eat\u00e9 le tram\u00bb, a expliqu\u00e9 Thibaud Philipps, le maire de la commune d&rsquo;Illkirch-Graffenstaden (Bas-Rhin), situ\u00e9e au sud de Strasbourg, o\u00f9 s&rsquo;est produit l&rsquo;accident.<\/p>\n<p>Le conducteur \u00abtr\u00e8s choqu\u00e9\u00bb<\/p>\n<p class=\"fig-paragraph\">\u00abC&rsquo;est impressionnant: le pare-brise est bris\u00e9, tout l&rsquo;avant du tram est fortement ab\u00eem\u00e9\u00bb, a d\u00e9crit le maire, confirmant une information du journal local Derni\u00e8res Nouvelles d&rsquo;Alsace. Parmi la dizaine de voyageurs pr\u00e9sents dans la rame, six personnes ont \u00e9t\u00e9 l\u00e9g\u00e8rement bless\u00e9es et ont pu rentrer chez elles apr\u00e8s avoir \u00e9t\u00e9 examin\u00e9es par les pompiers. Le conducteur est encore \u00abtr\u00e8s choqu\u00e9\u00bb, a ajout\u00e9 Thibaud Philipps.<\/p>\n<p class=\"fig-paragraph\">Selon la Compagnie des transports strasbourgeois (CTS), le conducteur, \u00e2g\u00e9 de 53 ans, \u00e9tait exp\u00e9riment\u00e9 et a d\u00e9clar\u00e9 s&rsquo;\u00eatre assoupi. \u00abIl n&rsquo;\u00e9tait ni sous l&#8217;emprise d&rsquo;alcool, ni de drogues, ses tests sont n\u00e9gatifs\u00bb, a d\u00e9clar\u00e9 \u00e0 l&rsquo;AFP le directeur g\u00e9n\u00e9ral de la CTS, Emmanuel Auneau. \u00abIl nous faut d\u00e9sormais analyser la bo\u00eete noire pour comprendre ce qu&rsquo;il s&rsquo;est pass\u00e9 et \u00e9couter le conducteur, une fois qu&rsquo;il sera remis de ses \u00e9motions\u00bb, a expliqu\u00e9 M. Auneau, pr\u00e9cisant que le trafic devrait \u00eatre r\u00e9tabli ce soir ou lundi matin au plus tard. En janvier, deux tramways de la CTS \u00e9taient\u00a0<a href=\"http:\/\/www.lefigaro.fr\/flash-actu\/deux-tramways-entrent-en-collision-a-strasbourg-20-blesses-en-urgence-relative-20250111\" target=\"_blank\" data-fig-type=\"NewsFlash\" rel=\"noopener\" data-gtm-custom-categorie=\"navigation\" data-gtm-custom-action=\"crossclick\" data-gtm-custom-label=\"Contextuel\" data-gtm-event=\"customEventSPE\" data-fig-domain=\"LEFIGARO\">entr\u00e9s en collision<\/a>, faisant 68 bless\u00e9s.<\/p>\n","protected":false},"excerpt":{"rendered":"Selon la Compagnie des transports strasbourgeois (CTS), le conducteur, \u00e2g\u00e9 de 53 ans, \u00e9tait exp\u00e9riment\u00e9, n\u2019avait pas consomm\u00e9&hellip;\n","protected":false},"author":2,"featured_media":144438,"comment_status":"","ping_status":"","sticky":false,"template":"","format":"standard","meta":{"footnotes":""},"categories":[2820],"tags":[119,1111,11,3694,271,2951,3695,1777,674,3696,118,1011,27,775,2825,1253,303,12,1072,2694,25,640,4109,2949],"class_list":{"0":"post-144437","1":"post","2":"type-post","3":"status-publish","4":"format-standard","5":"has-post-thumbnail","7":"category-strasbourg","8":"tag-accident","9":"tag-actu","10":"tag-actualites","11":"tag-affaires","12":"tag-crime","13":"tag-criminalite","14":"tag-enquetes","15":"tag-eu","16":"tag-europe","17":"tag-evenements","18":"tag-faits-divers","19":"tag-fr","20":"tag-france","21":"tag-grand-est","22":"tag-insecurite","23":"tag-islamisme","24":"tag-justice","25":"tag-news","26":"tag-police","27":"tag-proces","28":"tag-republique-francaise","29":"tag-strasbourg","30":"tag-tramway","31":"tag-violences"},"share_on_mastodon":{"url":"https:\/\/pubeurope.com\/@fr\/114609067291380248","error":""},"_links":{"self":[{"href":"https:\/\/www.europesays.com\/fr\/wp-json\/wp\/v2\/posts\/144437","targetHints":{"allow":["GET"]}}],"collection":[{"href":"https:\/\/www.europesays.com\/fr\/wp-json\/wp\/v2\/posts"}],"about":[{"href":"https:\/\/www.europesays.com\/fr\/wp-json\/wp\/v2\/types\/post"}],"author":[{"embeddable":true,"href":"https:\/\/www.europesays.com\/fr\/wp-json\/wp\/v2\/users\/2"}],"replies":[{"embeddable":true,"href":"https:\/\/www.europesays.com\/fr\/wp-json\/wp\/v2\/comments?post=144437"}],"version-history":[{"count":0,"href":"https:\/\/www.europesays.com\/fr\/wp-json\/wp\/v2\/posts\/144437\/revisions"}],"wp:featuredmedia":[{"embeddable":true,"href":"https:\/\/www.europesays.com\/fr\/wp-json\/wp\/v2\/media\/144438"}],"wp:attachment":[{"href":"https:\/\/www.europesays.com\/fr\/wp-json\/wp\/v2\/media?parent=144437"}],"wp:term":[{"taxonomy":"category","embeddable":true,"href":"https:\/\/www.europesays.com\/fr\/wp-json\/wp\/v2\/categories?post=144437"},{"taxonomy":"post_tag","embeddable":true,"href":"https:\/\/www.europesays.com\/fr\/wp-json\/wp\/v2\/tags?post=144437"}],"curies":[{"name":"wp","href":"https:\/\/api.w.org\/{rel}","templated":true}]}}