{"id":144441,"date":"2025-06-01T16:34:09","date_gmt":"2025-06-01T16:34:09","guid":{"rendered":"https:\/\/www.europesays.com\/fr\/144441\/"},"modified":"2025-06-01T16:34:09","modified_gmt":"2025-06-01T16:34:09","slug":"temoignage-thomas-a-realise-la-promesse-de-sa-soeur-jumelle-decedee-dune-leucemie","status":"publish","type":"post","link":"https:\/\/www.europesays.com\/fr\/144441\/","title":{"rendered":"T\u00e9moignage. Thomas a r\u00e9alis\u00e9 \u00ab\u00a0la promesse\u00a0\u00bb de sa s\u0153ur jumelle, d\u00e9c\u00e9d\u00e9e d&rsquo;une leuc\u00e9mie"},"content":{"rendered":"<p>            Par<br \/>\n        <strong><br \/>\n            <a href=\"https:\/\/actu.fr\/auteur\/thomas-bernard\" title=\"Consulter tous les articles de Thomas Bernard\" target=\"_blank\" rel=\"noopener\">Thomas Bernard<\/a><br \/>\n        <\/strong><\/p>\n<p>        Publi\u00e9 le<\/p>\n<p>            1 juin 2025 \u00e0 17h20        <\/p>\n<p>\u00ab\u2009C\u2019est une phrase que Laur\u00e8ne r\u00e9p\u00e9tait tout le temps\u2009: \u2018ils ne savaient pas que c\u2019\u00e9tait impossible alors ils l\u2019ont fait\u2009\u00bb, sourit Thomas Hug de Larauze, co-r\u00e9alisateur<strong> du film-documentaire Promesse<\/strong>, sorti au cin\u00e9ma le 23\u00a0avril dernier. Laur\u00e8ne, c\u2019est sa s\u0153ur jumelle. En 2009, alors qu\u2019elle vit au Canada, on lui diagnostique une leuc\u00e9mie, \u00e0 l\u2019\u00e2ge de 16\u00a0ans. Pendant sept ann\u00e9es, Laur\u00e8ne et sa famille traversent de multiples \u00e9preuves faites d\u2019espoir, de rechutes, d\u2019incompr\u00e9hension, de col\u00e8re parfois. En 2016 \u00e0 seulement 22\u00a0ans, Laur\u00e8ne d\u00e9c\u00e8de suite \u00e0 une complication pulmonaire apr\u00e8s une greffe. Les mois pr\u00e9c\u00e9dant sa mort, Laur\u00e8ne prend une cam\u00e9ra pour filmer son quotidien. \u00c0 l\u2019h\u00f4pital, dans sa chambre ou en famille, elle livre son <strong>\u00ab\u2009t\u00e9moignage de vie\u2009\u00bb<\/strong>.<\/p>\n<p class=\" wall-content\">\u00ab\u2009J\u2019ai une discussion avec Laur\u00e8ne avant qu\u2019elle nous quitte. <strong>Je lui ai fait la promesse que je l\u2019aiderai \u00e0 faire son film\u2009\u00bb<\/strong>, se rem\u00e9more Thomas. Une promesse qui porte le nom du documentaire bouleversant cor\u00e9alis\u00e9 par les jumeaux.<\/p>\n<p class=\" wall-content\">\n<p>\u00ab\u2009Tu replonges dans des souvenirs douloureux\u2009\u00bb<\/p>\n<p class=\" wall-content\">En ao\u00fbt\u00a02018, Thomas s\u2019arr\u00eate une ann\u00e9e \u00e0 temps plein pour commencer le projet de Promesse. Deux ans apr\u00e8s la mort de Laur\u00e8ne<strong>,<\/strong> l\u2019ancien \u00e9tudiant en \u00e9cole de commerce trouve la force de<strong> revoir les images film\u00e9es par sa s\u0153ur. <\/strong>Un moment qu\u2019il appr\u00e9hendait. Il visionne les vid\u00e9os avec l\u2019aide de trois de ses meilleurs amis.<\/p>\n<p class=\" wall-content\">\u00ab\u2009\u00c7a a \u00e9t\u00e9 intense. Il y a eu des images qui \u00e9taient tr\u00e8s belles mais qui \u00e9taient \u00e9galement tr\u00e8s dures. Tu replonges dans des souvenirs douloureux. J\u2019ai eu une relation particuli\u00e8re avec ces images, je les revoyais souvent. J\u2019avais du mal \u00e0 d\u00e9crocher\u2009\u00bb, confie l\u2019homme de 31\u00a0ans.<\/p>\n<blockquote class=\"ac-article-quote wall-content\">\n<p>Laur\u00e8ne avait cette niaque et cette soif de vie dans tout ce qu&rsquo;elle faisait. Avant la maladie elle \u00e9tait la rebelle de la famille et moi j&rsquo;\u00e9tais un peu le jumeau sage en train de la couvrir. \u00c0 partir du moment o\u00f9 elle \u00e9tait malade : elle s&rsquo;est dit qu&rsquo;elle dicterait sa vie et ce n&rsquo;est pas la maladie qui le ferait. Une personne avait dit que Laur\u00e8ne avait la sagesse d&rsquo;une personne de 80 ans dans un corps de 20 ans. Laur\u00e8ne voulait tout savoir de toi, c&rsquo;\u00e9tait de l&rsquo;\u00e9coute active.\u00a0<\/p>\n<p>    <strong>Thomas Hug de Larauze<\/strong><br \/>\n        Co-r\u00e9alisateur du film Promesse    <\/p><\/blockquote>\n<p class=\" wall-content\">Thomas parvient \u00e0 trouver les financements pour r\u00e9aliser sa promesse. En se lan\u00e7ant dans cette aventure cin\u00e9matographique, Thomas d\u00e9couvre alors un milieu qu\u2019il ignore. Le Nantais rencontre des professionnels et s\u2019entoure \u00ab\u2009d\u2019une \u00e9quipe talentueuse et bienveillante\u2009\u00bb. Productrice, chef op\u00e9rateur et monteur l\u2019aiguillent dans son travail.<\/p>\n<p>Un r\u00e9cit partag\u00e9 en famille<\/p>\n<p class=\" wall-content\">En compl\u00e9ment des images tourn\u00e9es par Laur\u00e8ne, le Nantais d\u00e9cide <strong>d\u2019interroger ses parents, ses deux fr\u00e8res et sa s\u0153ur<\/strong>. Des instants \u00e9mouvants pour la famille Hug de Larauze.<\/p>\n<p class=\" wall-content\">\u00ab\u2009Les interviews resteront, avec la d\u00e9couverte des images de Laur\u00e8ne, les moments les plus marquants du projet. Nous nous sommes dit des choses que nous nous \u00e9tions jamais dites. J\u2019ai l\u2019impression qu\u2019ils ont oubli\u00e9 la cam\u00e9ra. Nous \u00e9tions en v\u00e9rit\u00e9. Il n\u2019y avait pas de filtres\u2009\u00bb, narre Thomas.<\/p>\n<p class=\" wall-content\">\u00c9criture, montages, interviews, tournages, post-production, animations, les \u00e9tapes s\u2019encha\u00eenent entre mars\u00a02022 et d\u00e9cembre\u00a02024. Apr\u00e8s des ann\u00e9es de travail, <strong>92\u00a0minutes d\u2019images<\/strong> narrent \u00ab\u2009l\u2019ode \u00e0 la vie\u2009\u00bb souhait\u00e9e par Laur\u00e8ne.<\/p>\n<p class=\" wall-content\"><a href=\"https:\/\/www.instagram.com\/p\/DGlEBRyM-nq\/embed\" title=\"Ouvrir le lien sur Instagram\" target=\"_blank\" rel=\"noopener\">Visualiser le contenu sur Instagram<\/a><\/p>\n<p class=\" wall-content\">La premi\u00e8re projection du film a eu lieu en toute intimit\u00e9 avec les proches de Laur\u00e8ne, dans une salle du cin\u00e9ma Le Concorde \u00e0 Nantes.<\/p>\n<p class=\" wall-content\">\u00ab\u2009Ce moment <strong>c\u2019\u00e9tait mon plus gros stress de tout le projet<\/strong>. C\u2019\u00e9tait plus stressant que faire le Grand Rex, avoue Thomas, quand les lumi\u00e8res se sont allum\u00e9es \u00e0 la fin de la s\u00e9ance, on s\u2019est tous pris dans les bras. J\u2019\u00e9tais soulag\u00e9.\u2009\u00bb<\/p>\n<p>Un film sur l\u2019espoir et l\u2019amour<\/p>\n<p class=\" wall-content\">De f\u00e9vrier \u00e0 avril\u00a02025, le film est diffus\u00e9 dans plusieurs salles en France lors d\u2019avant-premi\u00e8res.<\/p>\n<p class=\" wall-content\">Dans les salles, le public appr\u00e9cie le film et salue le message de ce dernier. Les spectateurs sont touch\u00e9s par le r\u00e9cit, certains ont v\u00e9cu des histoires similaires \u00e0 celles v\u00e9cues par la famille Hug de Larauze. \u00ab\u2009Ce film raconte l\u2019espoir, l\u2019amour, la vie, la famille et la parole\u2009\u00bb, d\u00e9crit le trentenaire.<\/p>\n<p class=\" wall-content\">Via l\u2019association La Promesse, toutes les recettes que Thomas touchera en tant que producteur seront<a href=\"https:\/\/www.jaifaitunepromesse.com\/les-causes\/\" target=\"_blank\" rel=\"noopener\"> revers\u00e9es \u00e0 des associations caritatives<\/a> sur les cancers p\u00e9diatriques (dons de vie, hospitalisation, recherche) et une autre d\u00e9di\u00e9e au deuil. \u00ab<strong>\u2009On \u0153uvre au maximum pour faire bouger les lignes<\/strong>. \u00c0 chaque avant-premi\u00e8re, on faisait en sorte que le centre donneur local soit l\u00e0 et d\u2019inscrire des gens sur le registre\u2009\u00bb, t\u00e9moigne le co-r\u00e9alisateur.<\/p>\n<p class=\" wall-content\">De la d\u00e9couverte des images de Laur\u00e8ne aux premi\u00e8res projections au cin\u00e9ma, le Nantais a v\u00e9cu plusieurs \u00ab\u2009challenges\u2009\u00bb dans ce projet <strong>men\u00e9 pendant sept ans<\/strong>. Aujourd\u2019hui, Thomas Hug de Larauze acquiesce\u2009: il a tenu sa promesse envers sa s\u0153ur jumelle.<\/p>\n<p class=\" wall-content\">Suivez toute l\u2019actualit\u00e9 de vos villes et m\u00e9dias favoris en vous inscrivant \u00e0 <a href=\"https:\/\/moncompte.actu.fr\" title=\"D\u00e9couvez Mon Actu\" rel=\"nofollow noopener\" data-trk=\"{&quot;cta&quot;:{&quot;action&quot;:&quot;https:\\\/\\\/moncompte.actu.fr&quot;,&quot;category&quot;:&quot;mon compte&quot;,&quot;from&quot;:&quot;article footer&quot;,&quot;name&quot;:&quot;Mon actu&quot;,&quot;type&quot;:&quot;cta&quot;}}\" target=\"_blank\">Mon Actu<\/a>.<\/p>\n<p>                    <script async src=\"\/\/www.instagram.com\/embed.js\"><\/script><\/p>\n","protected":false},"excerpt":{"rendered":"Par Thomas Bernard Publi\u00e9 le 1 juin 2025 \u00e0 17h20 \u00ab\u2009C\u2019est une phrase que Laur\u00e8ne r\u00e9p\u00e9tait tout le&hellip;\n","protected":false},"author":2,"featured_media":144442,"comment_status":"","ping_status":"","sticky":false,"template":"","format":"standard","meta":{"footnotes":""},"categories":[2818],"tags":[1111,11,101,1777,674,1011,27,766,12,2636,25,104,240],"class_list":{"0":"post-144441","1":"post","2":"type-post","3":"status-publish","4":"format-standard","5":"has-post-thumbnail","7":"category-nantes","8":"tag-actu","9":"tag-actualites","10":"tag-cancer","11":"tag-eu","12":"tag-europe","13":"tag-fr","14":"tag-france","15":"tag-nantes","16":"tag-news","17":"tag-pays-de-la-loire","18":"tag-republique-francaise","19":"tag-societe","20":"tag-temoignage"},"share_on_mastodon":{"url":"https:\/\/pubeurope.com\/@fr\/114609079145974771","error":""},"_links":{"self":[{"href":"https:\/\/www.europesays.com\/fr\/wp-json\/wp\/v2\/posts\/144441","targetHints":{"allow":["GET"]}}],"collection":[{"href":"https:\/\/www.europesays.com\/fr\/wp-json\/wp\/v2\/posts"}],"about":[{"href":"https:\/\/www.europesays.com\/fr\/wp-json\/wp\/v2\/types\/post"}],"author":[{"embeddable":true,"href":"https:\/\/www.europesays.com\/fr\/wp-json\/wp\/v2\/users\/2"}],"replies":[{"embeddable":true,"href":"https:\/\/www.europesays.com\/fr\/wp-json\/wp\/v2\/comments?post=144441"}],"version-history":[{"count":0,"href":"https:\/\/www.europesays.com\/fr\/wp-json\/wp\/v2\/posts\/144441\/revisions"}],"wp:featuredmedia":[{"embeddable":true,"href":"https:\/\/www.europesays.com\/fr\/wp-json\/wp\/v2\/media\/144442"}],"wp:attachment":[{"href":"https:\/\/www.europesays.com\/fr\/wp-json\/wp\/v2\/media?parent=144441"}],"wp:term":[{"taxonomy":"category","embeddable":true,"href":"https:\/\/www.europesays.com\/fr\/wp-json\/wp\/v2\/categories?post=144441"},{"taxonomy":"post_tag","embeddable":true,"href":"https:\/\/www.europesays.com\/fr\/wp-json\/wp\/v2\/tags?post=144441"}],"curies":[{"name":"wp","href":"https:\/\/api.w.org\/{rel}","templated":true}]}}