{"id":144465,"date":"2025-06-01T16:49:14","date_gmt":"2025-06-01T16:49:14","guid":{"rendered":"https:\/\/www.europesays.com\/fr\/144465\/"},"modified":"2025-06-01T16:49:14","modified_gmt":"2025-06-01T16:49:14","slug":"paris-ne-peut-plus-etre-une-fete","status":"publish","type":"post","link":"https:\/\/www.europesays.com\/fr\/144465\/","title":{"rendered":"\u00abParis ne peut plus \u00eatre une f\u00eate\u00bb"},"content":{"rendered":"<p>            <a href=\"https:\/\/www.lefigaro.fr\/vox\/societe\/comte-les-verts-en-font-tout-un-fromage-20250515\" class=\"fig-ranking-profile-link\" data-fig-domain=\"LEFIGARO\" target=\"_blank\" rel=\"noopener\"><\/p>\n<p>        Comt\u00e9\u00a0: les Verts en font tout un fromage<\/p>\n<p>                                                                        <\/a><\/p>\n<p>        <img   class=\"fig-img fig-ranking-profile-media-small-picture__photo\" alt=\"Comt\u00e9\u00a0: les Verts en font tout un fromage\" height=\"1790\" width=\"3000\"\/><\/p>\n<p class=\"fig-ranking-profile-standfirst\">\n    <strong>LETTRES PERSONNES<\/strong> &#8211; Chaque jeudi, Fr\u00e9d\u00e9ric Picard pr\u00e9sente le regard d\u00e9cal\u00e9 des machines virtuelles qui observent et commentent les absurdit\u00e9s et paradoxes de notre soci\u00e9t\u00e9. Cette semaine, Zaza, une intelligence artificielle.\n<\/p>\n<p>            <a href=\"https:\/\/www.lefigaro.fr\/vox\/societe\/derriere-la-desertification-de-paris-le-grand-declassement-des-cadres-en-france-20250529\" class=\"fig-ranking-profile-link\" aria-label=\"Derri\u00e8re la d\u00e9sertification de Paris, le grand d\u00e9classement des cadres en France (article Premium)\" title=\"Derri\u00e8re la d\u00e9sertification de Paris, le grand d\u00e9classement des cadres en France (article Premium)\" data-fig-domain=\"LEFIGARO\" target=\"_blank\" rel=\"noopener\"><\/p>\n<p>        Derri\u00e8re la d\u00e9sertification de Paris, le grand d\u00e9classement des cadres en France<\/p>\n<p>                                                                        <\/a><\/p>\n<p>        <img   class=\"fig-img fig-ranking-profile-media-small-picture__photo\" alt=\"Derri\u00e8re la d\u00e9sertification de Paris, le grand d\u00e9classement des cadres en France\" height=\"2003\" width=\"3000\"\/><\/p>\n<p class=\"fig-ranking-profile-standfirst\">\n    <strong>ANALYSE &#8211;<\/strong> La capitale va continuer \u00e0 se vider de ses habitants, selon les projections de l\u2019Insee. Ce ph\u00e9nom\u00e8ne r\u00e9v\u00e8le la rel\u00e9gation progressive des cadres, une cat\u00e9gorie socioprofessionnelle surrepr\u00e9sent\u00e9e \u00e0 Paris, qui place d\u00e9sormais le RN en t\u00eate dans les urnes.\n<\/p>\n<p>            <a href=\"https:\/\/www.lefigaro.fr\/vox\/societe\/luc-ferry-euthanasie-deux-visions-du-monde-irreconciliables-20250529\" class=\"fig-ranking-profile-link\" aria-label=\"Luc Ferry\u00a0: \u00abEuthanasie, deux visions du monde irr\u00e9conciliables\u00bb (article Premium)\" title=\"Luc Ferry\u00a0: \u00abEuthanasie, deux visions du monde irr\u00e9conciliables\u00bb (article Premium)\" data-fig-domain=\"LEFIGARO\" target=\"_blank\" rel=\"noopener\"><\/p>\n<p>        Luc Ferry\u00a0: \u00abEuthanasie, deux visions du monde irr\u00e9conciliables\u00bb<\/p>\n<p>                                                                        <\/a><\/p>\n<p>        <img   class=\"fig-img fig-ranking-profile-media-small-picture__photo\" alt=\"Luc Ferry\u00a0: \u00abEuthanasie, deux visions du monde irr\u00e9conciliables\u00bb\" height=\"1687\" width=\"3000\"\/><\/p>\n<p class=\"fig-ranking-profile-standfirst\">\n    <strong>CHRONIQUE <\/strong>&#8211; Pour les mat\u00e9rialistes et les utilitaristes, la souffrance, la maladie ou la vieillesse peuvent faire perdre sa dignit\u00e9 \u00e0 un \u00eatre humain. Pour les croyants, la fin de vie, bien accompagn\u00e9e, peut au contraire \u00eatre l\u2019occasion ultime de comprendre le sens de l\u2019existence et de partager la passion du Christ.<\/p>\n","protected":false},"excerpt":{"rendered":"Comt\u00e9\u00a0: les Verts en font tout un fromage LETTRES PERSONNES &#8211; Chaque jeudi, Fr\u00e9d\u00e9ric Picard pr\u00e9sente le regard&hellip;\n","protected":false},"author":2,"featured_media":144466,"comment_status":"","ping_status":"","sticky":false,"template":"","format":"standard","meta":{"footnotes":""},"categories":[1888],"tags":[1111,1928,11,1927,1428,1292,5361,5360,1777,674,1429,1011,27,447,12,1926,1427,626,1925,93,1426,25,656,104],"class_list":{"0":"post-144465","1":"post","2":"type-post","3":"status-publish","4":"format-standard","5":"has-post-thumbnail","7":"category-paris","8":"tag-actu","9":"tag-actu-paris","10":"tag-actualites","11":"tag-actualites-paris","12":"tag-chroniqueurs","13":"tag-debat","14":"tag-debat-societe","15":"tag-debats-societaux","16":"tag-eu","17":"tag-europe","18":"tag-figarovox","19":"tag-fr","20":"tag-france","21":"tag-ligue-des-champions","22":"tag-news","23":"tag-news-paris","24":"tag-opinions","25":"tag-paris","26":"tag-paris-news","27":"tag-psg","28":"tag-questions","29":"tag-republique-francaise","30":"tag-securite","31":"tag-societe"},"share_on_mastodon":{"url":"https:\/\/pubeurope.com\/@fr\/114609138175105558","error":""},"_links":{"self":[{"href":"https:\/\/www.europesays.com\/fr\/wp-json\/wp\/v2\/posts\/144465","targetHints":{"allow":["GET"]}}],"collection":[{"href":"https:\/\/www.europesays.com\/fr\/wp-json\/wp\/v2\/posts"}],"about":[{"href":"https:\/\/www.europesays.com\/fr\/wp-json\/wp\/v2\/types\/post"}],"author":[{"embeddable":true,"href":"https:\/\/www.europesays.com\/fr\/wp-json\/wp\/v2\/users\/2"}],"replies":[{"embeddable":true,"href":"https:\/\/www.europesays.com\/fr\/wp-json\/wp\/v2\/comments?post=144465"}],"version-history":[{"count":0,"href":"https:\/\/www.europesays.com\/fr\/wp-json\/wp\/v2\/posts\/144465\/revisions"}],"wp:featuredmedia":[{"embeddable":true,"href":"https:\/\/www.europesays.com\/fr\/wp-json\/wp\/v2\/media\/144466"}],"wp:attachment":[{"href":"https:\/\/www.europesays.com\/fr\/wp-json\/wp\/v2\/media?parent=144465"}],"wp:term":[{"taxonomy":"category","embeddable":true,"href":"https:\/\/www.europesays.com\/fr\/wp-json\/wp\/v2\/categories?post=144465"},{"taxonomy":"post_tag","embeddable":true,"href":"https:\/\/www.europesays.com\/fr\/wp-json\/wp\/v2\/tags?post=144465"}],"curies":[{"name":"wp","href":"https:\/\/api.w.org\/{rel}","templated":true}]}}