{"id":144467,"date":"2025-06-01T16:50:09","date_gmt":"2025-06-01T16:50:09","guid":{"rendered":"https:\/\/www.europesays.com\/fr\/144467\/"},"modified":"2025-06-01T16:50:09","modified_gmt":"2025-06-01T16:50:09","slug":"le-restaurant-de-ce-patissier-star-idealement-place-est-un-petit-bijou-au-coeur-de-la-capitale","status":"publish","type":"post","link":"https:\/\/www.europesays.com\/fr\/144467\/","title":{"rendered":"le restaurant de ce p\u00e2tissier star, id\u00e9alement plac\u00e9, est un petit bijou au coeur de la capitale"},"content":{"rendered":"<p>            Par<br \/>\n        <strong><br \/>\n            <a href=\"https:\/\/actu.fr\/auteur\/thomas-martin\" title=\"Consulter tous les articles de Thomas Martin\" rel=\"nofollow noopener\" target=\"_blank\">Thomas Martin<\/a><br \/>\n        <\/strong><\/p>\n<p>        Publi\u00e9 le<\/p>\n<p>            1 juin 2025 \u00e0 18h18        <\/p>\n<p>Un emplacement id\u00e9al. Bas\u00e9 \u00e0 l\u2019angle de la rue des Petits-Champs et de la rue Vivienne, dans le 2e arrondissement de Paris, le <a href=\"https:\/\/actu.fr\/tag\/restaurant\" rel=\"nofollow noopener\" target=\"_blank\">restaurant<\/a> <strong>Le D\u00e9p\u00f4t l\u00e9gal<\/strong>, compte \u00e0 proximit\u00e9 la <a href=\"https:\/\/actu.fr\/tag\/bnf\" rel=\"nofollow noopener\" target=\"_blank\">Biblioth\u00e8que Nationale<\/a>, la magnifique <a href=\"https:\/\/actu.fr\/ile-de-france\/paris_75056\/balades-a-paris-les-plus-beaux-passages-couverts-a-voir-une-fois-dans-sa-vie_57605697.html\" rel=\"nofollow noopener\" target=\"_blank\">galerie Vivienne<\/a>, le <a href=\"https:\/\/actu.fr\/ile-de-france\/paris_75056\/apres-200-ans-d-existence-une-boutique-du-palais-royal-detruite-et-sa-gerante-expulsee_60693588.html\" rel=\"nofollow noopener\" target=\"_blank\">Palais Royal<\/a>\u2026Cela ne fait pas tout mais c\u2019est un atout. Derri\u00e8re ses grandes vitres, assis sur ses confortables canap\u00e9s, on regarde amus\u00e9 l\u2019effervescence alentour tout en scrutant la carte avec envie.\u00a0<\/p>\n<p>Incontournable comptoir des desserts<\/p>\n<p class=\" wall-content\">Cet ancien espace d\u00e9di\u00e9 \u00e0 la r\u00e9ception des ouvrages avant leur transfert \u00e0 la Biblioth\u00e8que Nationale de France vient d\u2019\u00eatre totalement refait. Il fait preuve d\u2019une vraie \u00e9l\u00e9gance tout en conservant le cachet des caf\u00e9s parisiens. Le vert dominant est des plus apaisants. L\u2019accueil, lui, est parfait.\u00a0<\/p>\n<p class=\" wall-content\">On d\u00e9marre avec le Vitello Tonnato (23 euros), de fines tranches fondantes de coeur de quasi de veau, accompagn\u00e9 d\u2019une cr\u00e8me au thon, de c\u00e2pres et croutons. Ce plat typique pi\u00e9montais est servi avec des pommes de terre cuites comme il le faut. C\u2019est simple, tr\u00e8s frais et bon.\u00a0En face, la salade ni\u00e7oise (21 euros) ne d\u00e9\u00e7oit pas.\u00a0<\/p>\n<p class=\" wall-content\">Impossible ensuite de passer \u00e0 c\u00f4t\u00e9 du comptoir des desserts de Christophe Adam, le ma\u00eetre des lieux qui propose \u00e9videmment ses c\u00e9l\u00e8bres \u00ab\u00a0\u00e9clairs de g\u00e9nie\u00a0\u00bb ou ses desserts en trompe-l\u2019oeil (13,50 euros). On succombe finalement aux charmes d\u2019un cheesecake de haut niveau (9,50 euros).\u00a0<\/p>\n<p>    <img   decoding=\"async\" loading=\"lazy\" src=\"https:\/\/www.europesays.com\/fr\/wp-content\/uploads\/2025\/06\/477c3e1e-deb2-4ddd-a854-4c68f0471a591-960x640.jpg\" alt=\"Un cheese-cake de haut niveau pour finir\" width=\"960\" height=\"640\"\/><br \/>\n    Un cheese-cake de haut niveau pour finir (\u00a9TM\/actuParis)Vid\u00e9os : en ce moment sur Actu<\/p>\n<p class=\" wall-content\">Aux beaux jours, le restaurant ouvre sa terrasse tr\u00e8s discr\u00e8te,\u00a0 ultra agr\u00e9able d\u00e8s que le soleil pointe son nez. Et ce que \u00e0 n\u2019importe quel moment de la journ\u00e9e puisque Le D\u00e9p\u00f4t l\u00e9gal accueille d\u00e8s 9h avec des attrayants pancakes \u00e0 tester. Une adresse \u00e0 refaire.\u00a0<\/p>\n<p>D\u00e9p\u00f4t l\u00e9gal \u2013 6 rue des Petits-Champs 75002 Paris -Du lundi au samedi de 8h \u00e0 22h, le dimanche de 8h \u00e0 18h.\u00a0<\/p>\n<p class=\" wall-content\">Suivez toute l\u2019actualit\u00e9 de vos villes et m\u00e9dias favoris en vous inscrivant \u00e0 <a href=\"https:\/\/moncompte.actu.fr\" title=\"D\u00e9couvez Mon Actu\" rel=\"nofollow noopener\" data-trk=\"{&quot;cta&quot;:{&quot;action&quot;:&quot;https:\\\/\\\/moncompte.actu.fr&quot;,&quot;category&quot;:&quot;mon compte&quot;,&quot;from&quot;:&quot;article footer&quot;,&quot;name&quot;:&quot;Mon actu&quot;,&quot;type&quot;:&quot;cta&quot;}}\" target=\"_blank\">Mon Actu<\/a>.<\/p>\n","protected":false},"excerpt":{"rendered":"Par Thomas Martin Publi\u00e9 le 1 juin 2025 \u00e0 18h18 Un emplacement id\u00e9al. Bas\u00e9 \u00e0 l\u2019angle de la&hellip;\n","protected":false},"author":2,"featured_media":144468,"comment_status":"","ping_status":"","sticky":false,"template":"","format":"standard","meta":{"footnotes":""},"categories":[1888],"tags":[11,1777,674,1011,27,1661,1652,12,626,25,1340],"class_list":{"0":"post-144467","1":"post","2":"type-post","3":"status-publish","4":"format-standard","5":"has-post-thumbnail","7":"category-paris","8":"tag-actualites","9":"tag-eu","10":"tag-europe","11":"tag-fr","12":"tag-france","13":"tag-gastronomie","14":"tag-loisirs-culture","15":"tag-news","16":"tag-paris","17":"tag-republique-francaise","18":"tag-restaurant"},"share_on_mastodon":{"url":"https:\/\/pubeurope.com\/@fr\/114609142099510793","error":""},"_links":{"self":[{"href":"https:\/\/www.europesays.com\/fr\/wp-json\/wp\/v2\/posts\/144467","targetHints":{"allow":["GET"]}}],"collection":[{"href":"https:\/\/www.europesays.com\/fr\/wp-json\/wp\/v2\/posts"}],"about":[{"href":"https:\/\/www.europesays.com\/fr\/wp-json\/wp\/v2\/types\/post"}],"author":[{"embeddable":true,"href":"https:\/\/www.europesays.com\/fr\/wp-json\/wp\/v2\/users\/2"}],"replies":[{"embeddable":true,"href":"https:\/\/www.europesays.com\/fr\/wp-json\/wp\/v2\/comments?post=144467"}],"version-history":[{"count":0,"href":"https:\/\/www.europesays.com\/fr\/wp-json\/wp\/v2\/posts\/144467\/revisions"}],"wp:featuredmedia":[{"embeddable":true,"href":"https:\/\/www.europesays.com\/fr\/wp-json\/wp\/v2\/media\/144468"}],"wp:attachment":[{"href":"https:\/\/www.europesays.com\/fr\/wp-json\/wp\/v2\/media?parent=144467"}],"wp:term":[{"taxonomy":"category","embeddable":true,"href":"https:\/\/www.europesays.com\/fr\/wp-json\/wp\/v2\/categories?post=144467"},{"taxonomy":"post_tag","embeddable":true,"href":"https:\/\/www.europesays.com\/fr\/wp-json\/wp\/v2\/tags?post=144467"}],"curies":[{"name":"wp","href":"https:\/\/api.w.org\/{rel}","templated":true}]}}