{"id":144469,"date":"2025-06-01T16:51:10","date_gmt":"2025-06-01T16:51:10","guid":{"rendered":"https:\/\/www.europesays.com\/fr\/144469\/"},"modified":"2025-06-01T16:51:10","modified_gmt":"2025-06-01T16:51:10","slug":"parade-du-psg-et-fete-au-parc-des-princes-les-axes-de-circulation-et-les-stations-de-metro-fermes-ce-dimanche-a-paris","status":"publish","type":"post","link":"https:\/\/www.europesays.com\/fr\/144469\/","title":{"rendered":"Parade du PSG\u00a0et f\u00eate au Parc des Princes : les axes de circulation et les stations de m\u00e9tro ferm\u00e9s ce dimanche \u00e0 Paris"},"content":{"rendered":"<p class=\"paragraph text_align_left\">La parade des joueurs du PSG sur <a href=\"https:\/\/www.leparisien.fr\/paris-75\/le-psg-champion-deurope-sur-les-champs-elysees-le-match-suivi-entre-liesse-et-tirs-de-mortiers-01-06-2025-X7XHZR6YVNFT3ELH3KZ7ZT4JF4.php\" target=\"_blank\" rel=\"noreferrer nofollow noopener\">les Champs-\u00c9lys\u00e9es<\/a> promettait un beau moment de ferveur ce dimanche, mais aussi de potentielles d\u00e9convenues pour les automobilistes qui n\u2019auraient pas anticip\u00e9 les festivit\u00e9s. Plusieurs axes routiers de la capitale \u00e9taient en effet ferm\u00e9s \u00e0 la circulation ce dimanche. Le Parisien fait le point.<\/p>\n<p class=\"paragraph text_align_left\">Les bus des joueurs <a href=\"https:\/\/www.leparisien.fr\/sports\/football\/ligue-des-champions\/le-psg-champion-deurope-les-images-de-limpressionnant-cortege-accompagnant-les-parisiens-vers-les-champs-elysees-01-06-2025-QFBWVMVSYRDLJHKJ65FO2Z3NNE.php\" target=\"_blank\" rel=\"noreferrer nofollow noopener\">d\u00e9filaient sur les Champs-\u00c9lys\u00e9es<\/a> (VIIIe) aux alentours de 17h30-18 heures. En cons\u00e9quence, la pr\u00e9fecture avait ferm\u00e9 la c\u00e9l\u00e8bre avenue, <a href=\"https:\/\/www.leparisien.fr\/paris-75\/le-psg-champion-deurope-sur-les-champs-elysees-le-match-suivi-entre-liesse-et-tirs-de-mortiers-01-06-2025-X7XHZR6YVNFT3ELH3KZ7ZT4JF4.php\" target=\"_blank\" rel=\"noreferrer nofollow noopener\">qui a \u00e9galement accueilli les festivit\u00e9s dans la nuit<\/a>, d\u00e8s samedi. Un large p\u00e9rim\u00e8tre, entourant l\u2019art\u00e8re, \u00e9tait en outre interdit \u00e0 la circulation jusqu\u2019\u00e0 23h59 ce dimanche. Il s\u2019\u00e9tend de la porte Maillot \u00e0 l\u2019ouest \u00e0 la place de la Concorde \u00e0 l\u2019est et de l\u2019avenue des Ternes-rue du Faubourg Saint-Honor\u00e9 au nord aux quais de Seine au sud.<\/p>\n<p><img decoding=\"async\" class=\"image \" loading=\"lazy\" src=\"https:\/\/www.europesays.com\/fr\/wp-content\/uploads\/2025\/06\/L5MGKFVUJRA2VD35POUM6DZAWY.jpg\" alt=\"\" align=\"\" data-rubrique-principale=\"\" data-article-type=\"\" fetchpriority=\"auto\"\/><\/p>\n<p class=\"paragraph text_align_left\">Apr\u00e8s la parade, les Parisiens devaient \u00eatre re\u00e7us \u00e0 l\u2019\u00c9lys\u00e9e vers 18h30. Une c\u00e9r\u00e9monie de pr\u00e9sentation du troph\u00e9e \u00e9tait \u00e9galement pr\u00e9vue au Parc des Princes \u00e0 partir de 20h30 et jusque tard dans la soir\u00e9e. Il est donc conseill\u00e9 d\u2019\u00e9viter le secteur de la porte d\u2019Auteuil et de la porte de Saint-Cloud (XVIe).<\/p>\n<p class=\"paragraph text_align_left\">Du c\u00f4t\u00e9 des transports en commun, plusieurs stations \u00e9taient toujours ferm\u00e9es au public ce dimanche : Argentine, Charles de Gaulle-\u00c9toile, Kl\u00e9ber, Boissi\u00e8re, George-V, Champs-\u00c9lys\u00e9es Clemenceau, Tuileries, Franklin D. Roosevelt, Saint-Philippe-du-Roule, Miromesnil, I\u00e9na et Concorde.<\/p>\n","protected":false},"excerpt":{"rendered":"La parade des joueurs du PSG sur les Champs-\u00c9lys\u00e9es promettait un beau moment de ferveur ce dimanche, mais&hellip;\n","protected":false},"author":2,"featured_media":144470,"comment_status":"","ping_status":"","sticky":false,"template":"","format":"standard","meta":{"footnotes":""},"categories":[1888],"tags":[11,1777,674,1011,27,1944,12,626,25],"class_list":{"0":"post-144469","1":"post","2":"type-post","3":"status-publish","4":"format-standard","5":"has-post-thumbnail","7":"category-paris","8":"tag-actualites","9":"tag-eu","10":"tag-europe","11":"tag-fr","12":"tag-france","13":"tag-ma-ville","14":"tag-news","15":"tag-paris","16":"tag-republique-francaise"},"share_on_mastodon":{"url":"https:\/\/pubeurope.com\/@fr\/114609146111505635","error":""},"_links":{"self":[{"href":"https:\/\/www.europesays.com\/fr\/wp-json\/wp\/v2\/posts\/144469","targetHints":{"allow":["GET"]}}],"collection":[{"href":"https:\/\/www.europesays.com\/fr\/wp-json\/wp\/v2\/posts"}],"about":[{"href":"https:\/\/www.europesays.com\/fr\/wp-json\/wp\/v2\/types\/post"}],"author":[{"embeddable":true,"href":"https:\/\/www.europesays.com\/fr\/wp-json\/wp\/v2\/users\/2"}],"replies":[{"embeddable":true,"href":"https:\/\/www.europesays.com\/fr\/wp-json\/wp\/v2\/comments?post=144469"}],"version-history":[{"count":0,"href":"https:\/\/www.europesays.com\/fr\/wp-json\/wp\/v2\/posts\/144469\/revisions"}],"wp:featuredmedia":[{"embeddable":true,"href":"https:\/\/www.europesays.com\/fr\/wp-json\/wp\/v2\/media\/144470"}],"wp:attachment":[{"href":"https:\/\/www.europesays.com\/fr\/wp-json\/wp\/v2\/media?parent=144469"}],"wp:term":[{"taxonomy":"category","embeddable":true,"href":"https:\/\/www.europesays.com\/fr\/wp-json\/wp\/v2\/categories?post=144469"},{"taxonomy":"post_tag","embeddable":true,"href":"https:\/\/www.europesays.com\/fr\/wp-json\/wp\/v2\/tags?post=144469"}],"curies":[{"name":"wp","href":"https:\/\/api.w.org\/{rel}","templated":true}]}}