{"id":144481,"date":"2025-06-01T16:57:09","date_gmt":"2025-06-01T16:57:09","guid":{"rendered":"https:\/\/www.europesays.com\/fr\/144481\/"},"modified":"2025-06-01T16:57:09","modified_gmt":"2025-06-01T16:57:09","slug":"extreme-droite-donald-trump-et-vance-cherchent-des-allies-civilisationnels-en-europe","status":"publish","type":"post","link":"https:\/\/www.europesays.com\/fr\/144481\/","title":{"rendered":"Extr\u00eame droite : Donald Trump et Vance cherchent des \u00ab\u00a0alli\u00e9s civilisationnels\u00a0\u00bb en Europe"},"content":{"rendered":"<p>C\u2019est un texte r\u00e9dig\u00e9 par un obscur conseiller du bureau pour la d\u00e9mocratie, les droits humains et sociaux du d\u00e9partement d\u2019\u00c9tat am\u00e9ricain, mais dont la port\u00e9e d\u00e9passe le peu de notori\u00e9t\u00e9 de son auteur. Titr\u00e9 \u00ab\u00a0Le besoin d\u2019alli\u00e9s civilisationnels en Europe\u00a0\u00bb, il confirme le changement radical d\u2019optique de la diplomatie \u00e9tats-unienne depuis le retour de Donald Trump. Lors d\u2019un discours \u00e0 Munich le 14\u00a0f\u00e9vrier, J. D.\u00a0Vance, le vice-pr\u00e9sident, avait lanc\u00e9 l\u2019offensive, dressant un stup\u00e9fiant r\u00e9quisitoire contre les pays europ\u00e9ens devant le gotha diplomatique europ\u00e9en&#8230;<\/p>\n","protected":false},"excerpt":{"rendered":"C\u2019est un texte r\u00e9dig\u00e9 par un obscur conseiller du bureau pour la d\u00e9mocratie, les droits humains et sociaux&hellip;\n","protected":false},"author":2,"featured_media":144482,"comment_status":"","ping_status":"","sticky":false,"template":"","format":"standard","meta":{"footnotes":""},"categories":[1586],"tags":[11,75,1777,674,1011,27,79,12,25],"class_list":{"0":"post-144481","1":"post","2":"type-post","3":"status-publish","4":"format-standard","5":"has-post-thumbnail","7":"category-europe","8":"tag-actualites","9":"tag-donald-trump","10":"tag-eu","11":"tag-europe","12":"tag-fr","13":"tag-france","14":"tag-j-d-vance","15":"tag-news","16":"tag-republique-francaise"},"share_on_mastodon":{"url":"https:\/\/pubeurope.com\/@fr\/114609169584865231","error":""},"_links":{"self":[{"href":"https:\/\/www.europesays.com\/fr\/wp-json\/wp\/v2\/posts\/144481","targetHints":{"allow":["GET"]}}],"collection":[{"href":"https:\/\/www.europesays.com\/fr\/wp-json\/wp\/v2\/posts"}],"about":[{"href":"https:\/\/www.europesays.com\/fr\/wp-json\/wp\/v2\/types\/post"}],"author":[{"embeddable":true,"href":"https:\/\/www.europesays.com\/fr\/wp-json\/wp\/v2\/users\/2"}],"replies":[{"embeddable":true,"href":"https:\/\/www.europesays.com\/fr\/wp-json\/wp\/v2\/comments?post=144481"}],"version-history":[{"count":0,"href":"https:\/\/www.europesays.com\/fr\/wp-json\/wp\/v2\/posts\/144481\/revisions"}],"wp:featuredmedia":[{"embeddable":true,"href":"https:\/\/www.europesays.com\/fr\/wp-json\/wp\/v2\/media\/144482"}],"wp:attachment":[{"href":"https:\/\/www.europesays.com\/fr\/wp-json\/wp\/v2\/media?parent=144481"}],"wp:term":[{"taxonomy":"category","embeddable":true,"href":"https:\/\/www.europesays.com\/fr\/wp-json\/wp\/v2\/categories?post=144481"},{"taxonomy":"post_tag","embeddable":true,"href":"https:\/\/www.europesays.com\/fr\/wp-json\/wp\/v2\/tags?post=144481"}],"curies":[{"name":"wp","href":"https:\/\/api.w.org\/{rel}","templated":true}]}}