{"id":144483,"date":"2025-06-01T16:58:10","date_gmt":"2025-06-01T16:58:10","guid":{"rendered":"https:\/\/www.europesays.com\/fr\/144483\/"},"modified":"2025-06-01T16:58:10","modified_gmt":"2025-06-01T16:58:10","slug":"dons-de-sperme-frank-vandenbroucke-estime-quil-y-a-eu-negligence-politique","status":"publish","type":"post","link":"https:\/\/www.europesays.com\/fr\/144483\/","title":{"rendered":"Dons de sperme: Frank Vandenbroucke estime qu&rsquo;il y a eu \u00ab\u00a0n\u00e9gligence politique\u00a0\u00bb"},"content":{"rendered":"<p class=\"ap-StoryElement ap-StoryElement--mb ap-StoryText\">Le ministre a soulign\u00e9 qu&rsquo;il ne s&rsquo;agit pas de r\u00e9gler des comptes. S&rsquo;il n&rsquo;est pas oppos\u00e9 \u00e0 la constitution d&rsquo;une commission parlementaire &#8211; que n&rsquo;exclut pas la N-VA -, il a dit attendre les r\u00e9sultats d&rsquo;un audit interne au niveau f\u00e9d\u00e9ral, qui devraient arriver apr\u00e8s l&rsquo;\u00e9t\u00e9.<\/p>\n<p><a href=\"https:\/\/www.lalibre.be\/belgique\/societe\/2025\/05\/30\/scandale-sanitaire-un-donneur-de-sperme-pourrait-avoir-transmis-un-gene-cancerigene-a-52-enfants-en-belgique-ORHIJ2TRIVG4HES5J7AUPO7KLA\/\" target=\"_blank\" rel=\"noopener noreferrer\" class=\"ap-StoryInterstitialLink ap-StoryElement ap-StoryElement--mb\">Scandale sanitaire: un donneur de sperme pourrait avoir transmis un g\u00e8ne canc\u00e9rig\u00e8ne \u00e0 52 enfants en Belgique<\/a><\/p>\n<p class=\"ap-StoryElement ap-StoryElement--mb ap-StoryText\">Les autorit\u00e9s ont indiqu\u00e9 vendredi que 52 enfants, issus de 37 familles diff\u00e9rentes, ont \u00e9t\u00e9 con\u00e7us dans des centres de fertilit\u00e9 belges \u00e0 partir du sperme d&rsquo;un m\u00eame donneur. Ces enfants pourraient \u00eatre porteurs d&rsquo;un g\u00e8ne associ\u00e9 \u00e0 plusieurs formes de cancer. La l\u00e9gislation belge pr\u00e9voit pourtant qu&rsquo;un donneur ne peut engendrer des enfants que dans un maximum de six familles. Mais jusqu&rsquo;\u00e0 la mise en place de la base de donn\u00e9es Fertidata en 2024, il n&rsquo;existait aucun syst\u00e8me efficace pour permettre l&rsquo;\u00e9change d&rsquo;informations entre les centres de fertilit\u00e9.<\/p>\n<p class=\"ap-StoryElement ap-StoryElement--mb ap-StoryText\">Frank Vandenbroucke a dit dimanche qu&rsquo;il souhaitait examiner si la base de donn\u00e9es pouvait \u00eatre compl\u00e9t\u00e9e a posteriori, bien qu&rsquo;il pr\u00e9cise qu&rsquo;il n&rsquo;a pas fait de \u00ab\u00a0promesse ferme\u00a0\u00bb \u00e0 ce sujet. Il s&rsquo;agit en effet d&rsquo;une question \u00ab\u00a0particuli\u00e8rement compliqu\u00e9e\u00a0\u00bb. Pour le socialiste, il est toutefois certain que les familles et les enfants concern\u00e9s ont \u00e9galement le droit de savoir si plus de six femmes ont eu recours au m\u00eame donneur, d&rsquo;autant plus si le gouvernement acc\u00e8de \u00e0 cette information.<\/p>\n","protected":false},"excerpt":{"rendered":"Le ministre a soulign\u00e9 qu&rsquo;il ne s&rsquo;agit pas de r\u00e9gler des comptes. S&rsquo;il n&rsquo;est pas oppos\u00e9 \u00e0 la&hellip;\n","protected":false},"author":2,"featured_media":144484,"comment_status":"","ping_status":"","sticky":false,"template":"","format":"standard","meta":{"footnotes":""},"categories":[1586],"tags":[11,1777,674,1779,1011,27,20977,12,25,71,1778,364],"class_list":{"0":"post-144483","1":"post","2":"type-post","3":"status-publish","4":"format-standard","5":"has-post-thumbnail","7":"category-europe","8":"tag-actualites","9":"tag-eu","10":"tag-europe","11":"tag-european-union","12":"tag-fr","13":"tag-france","14":"tag-gvtfed","15":"tag-news","16":"tag-republique-francaise","17":"tag-sante","18":"tag-ue","19":"tag-union-europeenne"},"share_on_mastodon":{"url":"https:\/\/pubeurope.com\/@fr\/114609173653094964","error":""},"_links":{"self":[{"href":"https:\/\/www.europesays.com\/fr\/wp-json\/wp\/v2\/posts\/144483","targetHints":{"allow":["GET"]}}],"collection":[{"href":"https:\/\/www.europesays.com\/fr\/wp-json\/wp\/v2\/posts"}],"about":[{"href":"https:\/\/www.europesays.com\/fr\/wp-json\/wp\/v2\/types\/post"}],"author":[{"embeddable":true,"href":"https:\/\/www.europesays.com\/fr\/wp-json\/wp\/v2\/users\/2"}],"replies":[{"embeddable":true,"href":"https:\/\/www.europesays.com\/fr\/wp-json\/wp\/v2\/comments?post=144483"}],"version-history":[{"count":0,"href":"https:\/\/www.europesays.com\/fr\/wp-json\/wp\/v2\/posts\/144483\/revisions"}],"wp:featuredmedia":[{"embeddable":true,"href":"https:\/\/www.europesays.com\/fr\/wp-json\/wp\/v2\/media\/144484"}],"wp:attachment":[{"href":"https:\/\/www.europesays.com\/fr\/wp-json\/wp\/v2\/media?parent=144483"}],"wp:term":[{"taxonomy":"category","embeddable":true,"href":"https:\/\/www.europesays.com\/fr\/wp-json\/wp\/v2\/categories?post=144483"},{"taxonomy":"post_tag","embeddable":true,"href":"https:\/\/www.europesays.com\/fr\/wp-json\/wp\/v2\/tags?post=144483"}],"curies":[{"name":"wp","href":"https:\/\/api.w.org\/{rel}","templated":true}]}}