{"id":144488,"date":"2025-06-01T17:01:12","date_gmt":"2025-06-01T17:01:12","guid":{"rendered":"https:\/\/www.europesays.com\/fr\/144488\/"},"modified":"2025-06-01T17:01:12","modified_gmt":"2025-06-01T17:01:12","slug":"france-debordements-interpellations-des-violences-qui-passent-mal-apres-la-victoire-du-psg","status":"publish","type":"post","link":"https:\/\/www.europesays.com\/fr\/144488\/","title":{"rendered":"France. D\u00e9bordements, interpellations&#8230; Des violences qui passent mal apr\u00e8s la victoire du PSG"},"content":{"rendered":"<p>Si la parade de dimanche s\u2019est d\u00e9roul\u00e9e sans heurt, <a href=\"https:\/\/www.ledauphine.com\/sport\/2025\/05\/31\/la-consecration-du-psg-qui-remporte-la-premiere-ligue-des-champions-de-son-histoire\" target=\"_blank\" rel=\"nofollow noopener\">la victoire du PSG<\/a> et les c\u00e9l\u00e9brations qui l\u2019ont accompagn\u00e9e samedi soir, \u00e0 Paris mais aussi dans de nombreuses villes en France, ne s\u2019est pas faite sans incidents, ni sans drame. Les faits les plus graves se sont d\u00e9roul\u00e9s \u00e0 Dax, o\u00f9 un adolescent de 17 ans est mort poignard\u00e9 lors d\u2019une altercation a priori \u00ab\u00a0sans lien avec les r\u00e9sultats sportifs\u00a0\u00bb selon le procureur de la R\u00e9publique, et dans le VIIe arrondissement de Paris avec la mort d\u2019un jeune homme de 23 ans \u00e0 scooter tu\u00e9 dans une collision avec une voiture vraisemblablement li\u00e9e aux festivit\u00e9s. \u00c0 Coutances, dans la Manche, un policier a \u00e9t\u00e9 plong\u00e9 dans un coma artificiel apr\u00e8s avoir \u00e9t\u00e9 touch\u00e9 \u00e0 l\u2019\u0153il &#8211; accidentellement, indique la police &#8211; par un mortier d\u2019artifice. Et \u00e0 Grenoble, c\u2019est une famille de quatre personnes qui a \u00e9t\u00e9 fauch\u00e9e par un automobiliste. Au total, le minist\u00e8re de l\u2019Int\u00e9rieur a comptabilis\u00e9 563 interpellations dans toute la France, pour 307 gardes \u00e0 vue.<\/p>\n<p>Dans la capitale, de la tour Eiffel \u00e0 la Bastille en passant par la rue de Rivoli, c\u2019est une foule immense qui a investi la ville, bien au-del\u00e0 des seuls Champs-\u00c9lys\u00e9es. Neutralis\u00e9e et sous haute protection polici\u00e8re, la plus belle avenue du monde \u00e9tait l\u2019unique zone de rassemblement pr\u00e9vue puisqu\u2019aucune fan zone gratuite n\u2019avait pu \u00eatre install\u00e9e en plus des 48\u00a0000 spectateurs payants du Parc des Princes, o\u00f9 le match \u00e9tait diffus\u00e9 sur \u00e9cran g\u00e9ant. Dans le flot de f\u00eatards qui s\u2019est d\u00e9vers\u00e9 dans les rues, bien avant le coup de sifflet final, des individus mal intentionn\u00e9s, cagoul\u00e9s ou v\u00eatus de noir, arm\u00e9s de bouteilles de verre ou de b\u00e2tons de bois, \u00e9taient visibles.<\/p>\n<p>  \u00ab\u00a0Ni une r\u00e9ussite ni un \u00e9chec\u00a0\u00bb<\/p>\n<p>Au moins quatre commerces ont \u00e9t\u00e9 pill\u00e9s dans le secteur des Champs-\u00c9lys\u00e9es, notamment un concessionnaire automobile et un salon de coiffure. Le pr\u00e9fet de police a fait \u00e9tat de 192 bless\u00e9s dont quatre graves, ainsi que neuf policiers et gendarmes l\u00e9g\u00e8rement touch\u00e9s. La capitale et sa banlieue, sans surprise, concentrent l\u2019essentiel des interpellations en France\u00a0: 491 ont \u00e9t\u00e9 recens\u00e9es dans l\u2019agglom\u00e9ration parisienne, dont 392 \u00e0 Paris, principalement pour des d\u00e9gradations et jets de projectiles sur les forces de l\u2019ordre.<\/p>\n<p>\u00ab\u00a0Des milliers de personnes sont venues pour commettre des exactions qui dans la plupart des cas, ont \u00e9t\u00e9 emp\u00each\u00e9es\u00a0\u00bb, a fustig\u00e9 le pr\u00e9fet de police de Paris Laurent Nunez, selon lequel la soir\u00e9e n\u2019est \u00ab\u00a0ni une r\u00e9ussite ni un \u00e9chec\u00a0\u00bb. Le dispositif mobilisant <a href=\"https:\/\/www.ledauphine.com\/faits-divers-justice\/2025\/05\/30\/5-400-policiers-et-gendarmes-le-dispositif-massif-deploye-pour-la-finale-de-la-ligue-des-champions\" target=\"_blank\" rel=\"nofollow noopener\">5\u00a0400 policiers et gendarmes<\/a>, critiqu\u00e9 par LFI et le RN qui a parl\u00e9 de \u00ab\u00a0fiasco\u00a0\u00bb, a \u00e9t\u00e9 \u00ab\u00a0\u00e0 la hauteur\u00a0\u00bb, a appuy\u00e9 son sup\u00e9rieur hi\u00e9rarchique <a href=\"https:\/\/www.ledauphine.com\/p\/bruno-retailleau\" target=\"_blank\" rel=\"nofollow noopener\">Bruno Retailleau<\/a> en faisant \u00e9tat d\u2019une trentaine de membres des forces de l\u2019ordre et de six pompiers bless\u00e9s dans le pays. D\u00e9non\u00e7ant un \u00ab\u00a0d\u00e9cha\u00eenement de violence\u00a0\u00bb, le ministre de l\u2019Int\u00e9rieur a maintenu le terme de \u00ab\u00a0barbares\u00a0\u00bb qu\u2019il avait employ\u00e9 samedi soir pour \u00e9voquer les auteurs d\u2019exactions. \u00ab\u00a0La r\u00e9ponse ne peut pas \u00eatre seulement polici\u00e8re\u00a0\u00bb, a-t-il d\u00e9clar\u00e9, jugeant qu\u2019il faut \u00ab\u00a0aller aux causes de ces violences\u00a0\u00bb et \u00ab\u00a0tourner le dos au laxisme\u00a0\u00bb.<\/p>\n","protected":false},"excerpt":{"rendered":"Si la parade de dimanche s\u2019est d\u00e9roul\u00e9e sans heurt, la victoire du PSG et les c\u00e9l\u00e9brations qui l\u2019ont&hellip;\n","protected":false},"author":2,"featured_media":144489,"comment_status":"","ping_status":"","sticky":false,"template":"","format":"standard","meta":{"footnotes":""},"categories":[4],"tags":[11,271,272,274,107,63,1011,27,12,25,517,1947],"class_list":{"0":"post-144488","1":"post","2":"type-post","3":"status-publish","4":"format-standard","5":"has-post-thumbnail","7":"category-france","8":"tag-actualites","9":"tag-crime","10":"tag-delit-et-contravention","11":"tag-faits-divers-justice","12":"tag-fil-info","13":"tag-football","14":"tag-fr","15":"tag-france","16":"tag-news","17":"tag-republique-francaise","18":"tag-sport","19":"tag-sport-national"},"share_on_mastodon":{"url":"https:\/\/pubeurope.com\/@fr\/114609185269903254","error":""},"_links":{"self":[{"href":"https:\/\/www.europesays.com\/fr\/wp-json\/wp\/v2\/posts\/144488","targetHints":{"allow":["GET"]}}],"collection":[{"href":"https:\/\/www.europesays.com\/fr\/wp-json\/wp\/v2\/posts"}],"about":[{"href":"https:\/\/www.europesays.com\/fr\/wp-json\/wp\/v2\/types\/post"}],"author":[{"embeddable":true,"href":"https:\/\/www.europesays.com\/fr\/wp-json\/wp\/v2\/users\/2"}],"replies":[{"embeddable":true,"href":"https:\/\/www.europesays.com\/fr\/wp-json\/wp\/v2\/comments?post=144488"}],"version-history":[{"count":0,"href":"https:\/\/www.europesays.com\/fr\/wp-json\/wp\/v2\/posts\/144488\/revisions"}],"wp:featuredmedia":[{"embeddable":true,"href":"https:\/\/www.europesays.com\/fr\/wp-json\/wp\/v2\/media\/144489"}],"wp:attachment":[{"href":"https:\/\/www.europesays.com\/fr\/wp-json\/wp\/v2\/media?parent=144488"}],"wp:term":[{"taxonomy":"category","embeddable":true,"href":"https:\/\/www.europesays.com\/fr\/wp-json\/wp\/v2\/categories?post=144488"},{"taxonomy":"post_tag","embeddable":true,"href":"https:\/\/www.europesays.com\/fr\/wp-json\/wp\/v2\/tags?post=144488"}],"curies":[{"name":"wp","href":"https:\/\/api.w.org\/{rel}","templated":true}]}}