{"id":144490,"date":"2025-06-01T17:03:08","date_gmt":"2025-06-01T17:03:08","guid":{"rendered":"https:\/\/www.europesays.com\/fr\/144490\/"},"modified":"2025-06-01T17:03:08","modified_gmt":"2025-06-01T17:03:08","slug":"les-soeurs-verge-depre-en-demi-finales-rts-ch","status":"publish","type":"post","link":"https:\/\/www.europesays.com\/fr\/144490\/","title":{"rendered":"Les soeurs Verg\u00e9-D\u00e9pr\u00e9 en demi-finales &#8211; rts.ch"},"content":{"rendered":"<p>Pour leur 3e tournoi Elite16 \u00e0 Ostrava, Anouk et Zo\u00e9 Verg\u00e9-D\u00e9pr\u00e9 atteignent pour la premi\u00e8re fois les demi-finales. Tanja H\u00fcberli et Leona Kernen ont en revanche pris la porte d\u00e8s les huiti\u00e8mes de finale.<\/p>\n<p>Apr\u00e8s avoir \u00e9chou\u00e9 deux fois en huiti\u00e8mes de finale lors des deux tournois du plus haut niveau au Br\u00e9sil en avril, les s\u0153urs Verg\u00e9-D\u00e9pr\u00e9 ont remport\u00e9 trois matchs \u00e0 \u00e9limination directe en Tch\u00e9quie. En huiti\u00e8mes de finale contre les Ukrainiennes Valentina Davidova\/Angelina Chmil et en quarts de finale contre le duo italien Valentina Gottardi\/Orsi Toth, elles ont d\u00fb batailler trois sets.<\/p>\n<p>Les prochaines adversaires des Verg\u00e9-D\u00e9pr\u00e9 en demi-finale dimanche seront les Lettones Tina Graudina\/Anastasia Samoilova,4es aux JO en 2021.<\/p>\n<p>Le deuxi\u00e8me duo suisse, \u00e9galement nouvellement form\u00e9 pour cette saison, Tanja H\u00fcberli et Leona Kernen a quitt\u00e9 le tournoi en huiti\u00e8me de finale. Elles n&rsquo;ont eu aucune chance contre les adversaires italiennes de Verg\u00e9-D\u00e9pr\u00e9 en quarts de finale, Gottardi\/Orsi Toth, et se sont inclin\u00e9es 22-22 21-14.<\/p>\n<p class=\"sources\">ats\/tzing<\/p>\n","protected":false},"excerpt":{"rendered":"Pour leur 3e tournoi Elite16 \u00e0 Ostrava, Anouk et Zo\u00e9 Verg\u00e9-D\u00e9pr\u00e9 atteignent pour la premi\u00e8re fois les demi-finales.&hellip;\n","protected":false},"author":2,"featured_media":144491,"comment_status":"","ping_status":"","sticky":false,"template":"","format":"standard","meta":{"footnotes":""},"categories":[1417],"tags":[27306,11170,1011,27,27307,27308,27309,27310,517,60,27311,27312,9621,27313,27314,1470,1632,1469,27315],"class_list":{"0":"post-144490","1":"post","2":"type-post","3":"status-publish","4":"format-standard","5":"has-post-thumbnail","7":"category-volley","8":"tag-beach-volley","9":"tag-demi-finale","10":"tag-fr","11":"tag-france","12":"tag-leona-kernen","13":"tag-orsolya-toth","14":"tag-ostrava","15":"tag-rts-sport","16":"tag-sport","17":"tag-sports","18":"tag-tanja-huberli","19":"tag-tchequie","20":"tag-tournoi","21":"tag-tout-le-sport","22":"tag-valentina-gottardi","23":"tag-volley","24":"tag-volley-ball","25":"tag-volleyball","26":"tag-zoe-verge-depre"},"share_on_mastodon":{"url":"https:\/\/pubeurope.com\/@fr\/114609193242383850","error":""},"_links":{"self":[{"href":"https:\/\/www.europesays.com\/fr\/wp-json\/wp\/v2\/posts\/144490","targetHints":{"allow":["GET"]}}],"collection":[{"href":"https:\/\/www.europesays.com\/fr\/wp-json\/wp\/v2\/posts"}],"about":[{"href":"https:\/\/www.europesays.com\/fr\/wp-json\/wp\/v2\/types\/post"}],"author":[{"embeddable":true,"href":"https:\/\/www.europesays.com\/fr\/wp-json\/wp\/v2\/users\/2"}],"replies":[{"embeddable":true,"href":"https:\/\/www.europesays.com\/fr\/wp-json\/wp\/v2\/comments?post=144490"}],"version-history":[{"count":0,"href":"https:\/\/www.europesays.com\/fr\/wp-json\/wp\/v2\/posts\/144490\/revisions"}],"wp:featuredmedia":[{"embeddable":true,"href":"https:\/\/www.europesays.com\/fr\/wp-json\/wp\/v2\/media\/144491"}],"wp:attachment":[{"href":"https:\/\/www.europesays.com\/fr\/wp-json\/wp\/v2\/media?parent=144490"}],"wp:term":[{"taxonomy":"category","embeddable":true,"href":"https:\/\/www.europesays.com\/fr\/wp-json\/wp\/v2\/categories?post=144490"},{"taxonomy":"post_tag","embeddable":true,"href":"https:\/\/www.europesays.com\/fr\/wp-json\/wp\/v2\/tags?post=144490"}],"curies":[{"name":"wp","href":"https:\/\/api.w.org\/{rel}","templated":true}]}}