{"id":144498,"date":"2025-06-01T17:08:13","date_gmt":"2025-06-01T17:08:13","guid":{"rendered":"https:\/\/www.europesays.com\/fr\/144498\/"},"modified":"2025-06-01T17:08:13","modified_gmt":"2025-06-01T17:08:13","slug":"desire-doue-naissance-dun-phenomene","status":"publish","type":"post","link":"https:\/\/www.europesays.com\/fr\/144498\/","title":{"rendered":"D\u00e9sir\u00e9 Dou\u00e9, naissance d\u2019un ph\u00e9nom\u00e8ne"},"content":{"rendered":"<p><strong>PORTRAIT &#8211;<\/strong> Magistral lors du sacre du PSG en Ligue des champions contre l\u2019Inter Milan, l\u2019attaquant de 19\u00a0ans s\u2019avance comme le nouveau crack du football fran\u00e7ais.<\/p>\n<p class=\"fig-paragraph\">Samedi soir, quand il se pr\u00e9sente face \u00e0 la presse internationale avec la m\u00e9daille de champion d\u2019Europe fi\u00e8rement arbor\u00e9e autour du cou,\u00a0<a href=\"http:\/\/www.lefigaro.fr\/sports\/football\/ligue-des-champions\/de-la-graine-de-champion-desire-doue-la-revelation-du-psg-20250414\" data-fig-type=\"Article\" data-gtm-custom-categorie=\"navigation\" data-gtm-custom-action=\"crossclick\" data-gtm-custom-label=\"Contextuel\" data-gtm-event=\"customEventSPE\" data-fig-domain=\"LEFIGARO\" target=\"_blank\" rel=\"noopener\">D\u00e9sir\u00e9 Dou\u00e9<\/a>\u00a0ne cache pas son sourire et sa fiert\u00e9. L\u2019horloge de l\u2019Allianz Arena de Munich indique 0\u00a0h\u00a030. La nuit s\u2019annonce longue et la journ\u00e9e de dimanche grandiose. Son entr\u00e9e dans la cour des (tr\u00e8s) grands est fracassante. \u00ab\u00a0Je n\u2019ai pas vraiment les mots pour dire ce que je ressens ce soir, plante-t-il avec fra\u00eecheur et simplicit\u00e9, pas du tout impressionn\u00e9 par la centaine de journalistes qui lui fait face. On a \u00e9crit l\u2019histoire du club, du football fran\u00e7ais mais aussi europ\u00e9en. C\u2019est magique et grandiose.\u00a0\u00bb<\/p>\n<p class=\"fig-paragraph\">\u00c9lu homme du match d\u2019une finale l\u00e9gendaire, apr\u00e8s avoir \u00e9t\u00e9 impliqu\u00e9 sur trois des cinq buts du\u00a0<a href=\"http:\/\/www.lefigaro.fr\/sports\/football\/ligue-des-champions\/psg-inter-milan-en-video-l-ouverture-du-score-d-achraf-hakimi-au-terme-d-un-sublime-mouvement-collectif-20250531\" data-fig-type=\"NewsFlash\" data-gtm-custom-categorie=\"navigation\" data-gtm-custom-action=\"crossclick\" data-gtm-custom-label=\"Contextuel\" data-gtm-event=\"customEventSPE\" data-fig-domain=\"LEFIGARO\" target=\"_blank\" rel=\"noopener\">Paris SG face \u00e0 l\u2019Inter Milan<\/a>\u00a0(5-0), le natif d\u2019Angers, qui f\u00eatera ses 20\u00a0ans ce mardi, s\u2019est r\u00e9v\u00e9l\u00e9 aux yeux du monde entier, sous les yeux de\u00a0<a href=\"http:\/\/madame.lefigaro.fr\/celebrites\/tom-cruise-dans-l-ombre-d-hollywood-l-enfant-de-la-scientologie-20250515\" data-fig-type=\"Article\" data-gtm-custom-categorie=\"navigation\" data-gtm-custom-action=\"crossclick\" data-gtm-custom-label=\"Contextuel\" data-gtm-event=\"customEventSPE\" data-fig-domain=\"MADAME\" target=\"_blank\" rel=\"noopener\">Tom Cruise,<\/a>\u00a0invit\u00e9 vedette d\u2019une finale visionn\u00e9e en mondovision. Dans la carri\u00e8re de la nouvelle p\u00e9pite\u2026<\/p>\n<p class=\"fig-premium-paywall__infos\">\n        Cet article est r\u00e9serv\u00e9 aux abonn\u00e9s.        Il vous reste 87% \u00e0 d\u00e9couvrir.\n    <\/p>\n<p>                <img  data- alt=\"Le Figaro\" class=\"fig-img--complete fig-img\"\/><\/p>\n<p class=\"fig-premium-paywall__title\">Vente Flash<\/p>\n<p class=\"fig-premium-paywall__subtitle\">4,99\u20ac par mois pendant 12 mois. Sans engagement.<\/p>\n<p class=\"fig-premium-paywall__connect\">\n                D\u00e9j\u00e0 abonn\u00e9\u00a0?                <a class=\"fig-premium-paywall__connect-link\" href=\"https:\/\/connect.lefigaro.fr\/login?client=horizon_web&amp;type=main&amp;redirect_uri=https%3A%2F%2Fwww.lefigaro.fr%2Fsports%2Ffootball%2Fligue-des-champions%2Fdesire-doue-naissance-d-un-phenomene-20250601\" data-js-gtm=\"{&quot;customCategorie&quot;: &quot;conversion&quot;, &quot;customAction&quot;: &quot;before_Landing_Connexion_paywall_auto&quot;, &quot;customLabel&quot;: &quot;bGVmaWdhcm8uZnJfXzFmMDNlZTAzLWIyMjYtNjI4NC05MmMyLWMzZjg1ZTMwOGU5OF9fQXJ0aWNsZQ==_\u00ab\u00a0C\u2019est un joueur qui a peu de limites\u00a0\u00bb\u00a0: D\u00e9sir\u00e9 Dou\u00e9, naissance d\u2019un ph\u00e9nom\u00e8ne_342&quot;, &quot;customIDSPE&quot;: &quot;bGVmaWdhcm8uZnJfXzFmMDNlZTAzLWIyMjYtNjI4NC05MmMyLWMzZjg1ZTMwOGU5OF9fQXJ0aWNsZQ==&quot;, &quot;event&quot;: &quot;customEventSPE&quot;}\" target=\"_blank\" rel=\"noopener\"><br \/>\n                    Connectez-vous<br \/>\n                <\/a>\n            <\/p>\n","protected":false},"excerpt":{"rendered":"PORTRAIT &#8211; Magistral lors du sacre du PSG en Ligue des champions contre l\u2019Inter Milan, l\u2019attaquant de 19\u00a0ans&hellip;\n","protected":false},"author":2,"featured_media":144499,"comment_status":"","ping_status":"","sticky":false,"template":"","format":"standard","meta":{"footnotes":""},"categories":[1412],"tags":[4791,786,525,448,1981,1089,1640,814,1451,2257,63,1452,1453,1454,1455,1011,27,2705,447,1307,3490,955,92,4589,4789,93,4790,1980,60,455],"class_list":{"0":"post-144498","1":"post","2":"type-post","3":"status-publish","4":"format-standard","5":"has-post-thumbnail","7":"category-f1","8":"tag-barcelone","9":"tag-c1","10":"tag-calendrier","11":"tag-champions-league","12":"tag-classement","13":"tag-coupe-deurope","14":"tag-desire-doue","15":"tag-direct","16":"tag-f1","17":"tag-foot","18":"tag-football","19":"tag-formula-1","20":"tag-formula1","21":"tag-formule-1","22":"tag-formule1","23":"tag-fr","24":"tag-france","25":"tag-groupe","26":"tag-ligue-des-champions","27":"tag-lille","28":"tag-liverpool","29":"tag-match","30":"tag-paris-sg","31":"tag-phase-finale","32":"tag-poule","33":"tag-psg","34":"tag-real-madrid","35":"tag-resultats","36":"tag-sports","37":"tag-uefa"},"share_on_mastodon":{"url":"https:\/\/pubeurope.com\/@fr\/114609212834240941","error":""},"_links":{"self":[{"href":"https:\/\/www.europesays.com\/fr\/wp-json\/wp\/v2\/posts\/144498","targetHints":{"allow":["GET"]}}],"collection":[{"href":"https:\/\/www.europesays.com\/fr\/wp-json\/wp\/v2\/posts"}],"about":[{"href":"https:\/\/www.europesays.com\/fr\/wp-json\/wp\/v2\/types\/post"}],"author":[{"embeddable":true,"href":"https:\/\/www.europesays.com\/fr\/wp-json\/wp\/v2\/users\/2"}],"replies":[{"embeddable":true,"href":"https:\/\/www.europesays.com\/fr\/wp-json\/wp\/v2\/comments?post=144498"}],"version-history":[{"count":0,"href":"https:\/\/www.europesays.com\/fr\/wp-json\/wp\/v2\/posts\/144498\/revisions"}],"wp:featuredmedia":[{"embeddable":true,"href":"https:\/\/www.europesays.com\/fr\/wp-json\/wp\/v2\/media\/144499"}],"wp:attachment":[{"href":"https:\/\/www.europesays.com\/fr\/wp-json\/wp\/v2\/media?parent=144498"}],"wp:term":[{"taxonomy":"category","embeddable":true,"href":"https:\/\/www.europesays.com\/fr\/wp-json\/wp\/v2\/categories?post=144498"},{"taxonomy":"post_tag","embeddable":true,"href":"https:\/\/www.europesays.com\/fr\/wp-json\/wp\/v2\/tags?post=144498"}],"curies":[{"name":"wp","href":"https:\/\/api.w.org\/{rel}","templated":true}]}}