{"id":14450,"date":"2025-04-10T08:03:07","date_gmt":"2025-04-10T08:03:07","guid":{"rendered":"https:\/\/www.europesays.com\/fr\/14450\/"},"modified":"2025-04-10T08:03:07","modified_gmt":"2025-04-10T08:03:07","slug":"cest-sans-poils-et-sans-gemissements-valerie-lemercier-refuse-categoriquement-de-tourner-des-scenes-de-sexe-et-sen-explique","status":"publish","type":"post","link":"https:\/\/www.europesays.com\/fr\/14450\/","title":{"rendered":"\u00ab\u00a0C\u2019est sans poils et sans g\u00e9missements\u00a0\u00bb, Val\u00e9rie Lemercier refuse cat\u00e9goriquement de tourner des sc\u00e8nes de sexe et s\u2019en explique"},"content":{"rendered":"<p>D&rsquo;Aline \u00e0 Coup de chance en passant par Le Petit Nicolas, Marie-Francine, Palais Royal ou Les Visiteurs, <a href=\"https:\/\/www.public.fr\/tag\/valerie-lemercier\" target=\"_blank\" rel=\"noopener\"><strong>Val\u00e9rie Lemercier<\/strong><\/a> ne compte plus les succ\u00e8s dans lesquels elle a eu la chance de jouer. <\/p>\n<p><strong>Figure embl\u00e9matique du cin\u00e9ma fran\u00e7ais<\/strong>, elle encha\u00eene en effet les tournages depuis le d\u00e9but des ann\u00e9es 90. <\/p>\n<p>Et \u00e0 61 ans, l&rsquo;actrice ne compte pas tirer un trait sur sa carri\u00e8re. En ce moment, elle est d&rsquo;ailleurs \u00e0 l&rsquo;affiche d&rsquo;<strong>Aimons-nous vivants<\/strong>, un film sign\u00e9 Jean-Pierre Am\u00e9ris dans lequel elle donne la r\u00e9plique \u00e0 <a href=\"https:\/\/www.public.fr\/tag\/gerard-darmon\" target=\"_blank\" rel=\"noopener\">G\u00e9rard Darmon<\/a>. <\/p>\n<p>Un personnage qui lui ressemble<\/p>\n<p>En pleine promotion de cette com\u00e9die romantique, dont la sortie dans les salles obscures est pr\u00e9vue pour le 16 avril prochain, Val\u00e9rie Lemercier a accord\u00e9 une longue interview \u00e0 nos confr\u00e8res du magazine Gala. <\/p>\n<p>Dans ce num\u00e9ro \u00e0 retrouver dans les kiosques ce jeudi 10 avril 2025, la com\u00e9dienne s&rsquo;est alors confi\u00e9e sur son personnage, dont elle se sent particuli\u00e8rement proche pour \u00ab\u00a0<strong>son c\u00f4t\u00e9 toujours optimiste<\/strong>\u00ab\u00a0. <\/p>\n<p>Outre son r\u00f4le dans Aimons-nous vivants, c&rsquo;est sur un aspect bien moins appr\u00e9ci\u00e9 de sa carri\u00e8re que la star a accept\u00e9 de se livrer : <strong>les sc\u00e8nes de sexe<\/strong>. <\/p>\n<p>Val\u00e9rie Lemercier cat\u00e9gorique sur le sexe au cin\u00e9ma<\/p>\n<p>En 35 ans dans le m\u00e9tier, Val\u00e9rie Lemercier n&rsquo;a jamais souhait\u00e9 appara\u00eetre nue \u00e0 l&rsquo;\u00e9cran, pas plus qu&rsquo;elle n&rsquo;a voulu simuler des sc\u00e8nes d&rsquo;amour charnel.<\/p>\n<p>\u00ab\u00a0Dans mes contrats au cin\u00e9ma, <strong>depuis toujours c&rsquo;est &lsquo;sans poils et sans g\u00e9missements&rsquo;. On ne me voit pas nue et je ne tourne pas de sc\u00e8nes de sexe.<\/strong> \u00c7a m&#8217;embarrasserait trop. Au th\u00e9\u00e2tre, on imagine, on joue des gens qui ne sont pas soi. Des hommes, des enfants&#8230; Alors qu&rsquo;au cin\u00e9ma, quand on embrasse quelqu&rsquo;un, eh bien on l&#8217;embrasse vraiment. On ne fait pas semblant. Donc forc\u00e9ment, c&rsquo;est compliqu\u00e9. Enfin, pour moi en tout cas\u00a0\u00bb, a-t-elle notamment expliqu\u00e9.<\/p>\n<p>Et d&rsquo;ajouter : \u00ab\u00a0<strong>Si je dis &lsquo;je t&rsquo;aime&rsquo; \u00e0 quelqu&rsquo;un dans un film, je m&rsquo;adresse \u00e0 son personnage. Mais si je l&#8217;embrasse, c&rsquo;est un peu de moi quand m\u00eame&#8230;<\/strong>\u00a0\u00bb De touchantes r\u00e9v\u00e9lations de la part de <a href=\"https:\/\/www.public.fr\/t-es-pas-drole-valerie-lemercier-garde-un-tres-mauvais-souvenir-de-son-tournage-avec-jean-reno-et-christian-clavier\" target=\"_blank\" rel=\"noopener\">celle qui garde un tr\u00e8s mauvais souvenir de son tournage avec Jean Reno et Christian Clavier<\/a>. <\/p>\n<p>      Mentionn\u00e9s dans cet article<\/p>\n<p>\u00c0 lire aussi<\/p>\n","protected":false},"excerpt":{"rendered":"D&rsquo;Aline \u00e0 Coup de chance en passant par Le Petit Nicolas, Marie-Francine, Palais Royal ou Les Visiteurs, Val\u00e9rie&hellip;\n","protected":false},"author":2,"featured_media":14451,"comment_status":"","ping_status":"","sticky":false,"template":"","format":"standard","meta":{"footnotes":""},"categories":[8],"tags":[58,59,1011,27,5818,6265,4094],"class_list":{"0":"post-14450","1":"post","2":"type-post","3":"status-publish","4":"format-standard","5":"has-post-thumbnail","7":"category-divertissement","8":"tag-divertissement","9":"tag-entertainment","10":"tag-fr","11":"tag-france","12":"tag-paris-match","13":"tag-tournage","14":"tag-valerie-lemercier"},"share_on_mastodon":{"url":"https:\/\/pubeurope.com\/@fr\/114312629764701920","error":""},"_links":{"self":[{"href":"https:\/\/www.europesays.com\/fr\/wp-json\/wp\/v2\/posts\/14450","targetHints":{"allow":["GET"]}}],"collection":[{"href":"https:\/\/www.europesays.com\/fr\/wp-json\/wp\/v2\/posts"}],"about":[{"href":"https:\/\/www.europesays.com\/fr\/wp-json\/wp\/v2\/types\/post"}],"author":[{"embeddable":true,"href":"https:\/\/www.europesays.com\/fr\/wp-json\/wp\/v2\/users\/2"}],"replies":[{"embeddable":true,"href":"https:\/\/www.europesays.com\/fr\/wp-json\/wp\/v2\/comments?post=14450"}],"version-history":[{"count":0,"href":"https:\/\/www.europesays.com\/fr\/wp-json\/wp\/v2\/posts\/14450\/revisions"}],"wp:featuredmedia":[{"embeddable":true,"href":"https:\/\/www.europesays.com\/fr\/wp-json\/wp\/v2\/media\/14451"}],"wp:attachment":[{"href":"https:\/\/www.europesays.com\/fr\/wp-json\/wp\/v2\/media?parent=14450"}],"wp:term":[{"taxonomy":"category","embeddable":true,"href":"https:\/\/www.europesays.com\/fr\/wp-json\/wp\/v2\/categories?post=14450"},{"taxonomy":"post_tag","embeddable":true,"href":"https:\/\/www.europesays.com\/fr\/wp-json\/wp\/v2\/tags?post=14450"}],"curies":[{"name":"wp","href":"https:\/\/api.w.org\/{rel}","templated":true}]}}