{"id":144502,"date":"2025-06-01T17:10:09","date_gmt":"2025-06-01T17:10:09","guid":{"rendered":"https:\/\/www.europesays.com\/fr\/144502\/"},"modified":"2025-06-01T17:10:09","modified_gmt":"2025-06-01T17:10:09","slug":"luis-enrique-chef-dorchestre-intransigeant-et-ideologue-inspire","status":"publish","type":"post","link":"https:\/\/www.europesays.com\/fr\/144502\/","title":{"rendered":"Luis Enrique, chef d\u2019orchestre intransigeant et id\u00e9ologue inspir\u00e9"},"content":{"rendered":"<p><strong>PORTRAIT <\/strong>\u2013 Natif des Asturies, le technicien espagnol de 55\u00a0ans a \u00e9crit son nom en lettres d\u2019or dans l\u2019histoire du Paris Saint-Germain et du football fran\u00e7ais.<\/p>\n<p class=\"fig-paragraph\">Un chef-d\u2019\u0153uvre sign\u00e9\u00a0<a href=\"https:\/\/photo-madame.lefigaro.fr\/celebrites\/actu-people\/luis-enrique-entoure-des-siens-pour-feter-le-sacre-du-paris-saint-germain-20250601\" data-fig-type=\"SlideShowResource\" data-gtm-custom-categorie=\"navigation\" data-gtm-custom-action=\"crossclick\" data-gtm-custom-label=\"Contextuel\" data-gtm-event=\"customEventSPE\" data-fig-domain=\"MADAME\" target=\"_blank\" rel=\"noopener\">Luis Enrique<\/a>. Certes,\u00a0<a href=\"http:\/\/www.lefigaro.fr\/sports\/football\/ligue-des-champions\/ligue-des-champions-le-psg-enfin-sur-le-toit-de-l-europe-ca-valait-le-coup-d-attendre-20250601\" data-fig-type=\"NewsFlash\" data-gtm-custom-categorie=\"navigation\" data-gtm-custom-action=\"crossclick\" data-gtm-custom-label=\"Contextuel\" data-gtm-event=\"customEventSPE\" data-fig-domain=\"LEFIGARO\" target=\"_blank\" rel=\"noopener\">le sacre parisien en Ligue des champions<\/a>\u00a0est avant tout collectif. Emmen\u00e9 par Ousmane Demb\u00e9l\u00e9 et Gigio Donnarumma le plus souvent,\u00a0<a href=\"http:\/\/www.lefigaro.fr\/sports\/football\/ligue-des-champions\/de-la-graine-de-champion-desire-doue-la-revelation-du-psg-20250414\" data-fig-type=\"Article\" data-gtm-custom-categorie=\"navigation\" data-gtm-custom-action=\"crossclick\" data-gtm-custom-label=\"Contextuel\" data-gtm-event=\"customEventSPE\" data-fig-domain=\"LEFIGARO\" target=\"_blank\" rel=\"noopener\">D\u00e9sir\u00e9 Dou\u00e9<\/a>\u00a0en finale, c\u2019est tout le groupe qui est \u00e0 saluer, comme le conseiller sportif, Luis Campos, et le pr\u00e9sident, Nasser al-Khela\u00effi. Mais s\u2019il n\u2019y a qu\u2019un personnage \u00e0 mettre en avant, un guide, un gourou, c\u2019est Luis Enrique, \u00ab\u00a0la t\u00eate de l\u2019\u00e9quipe\u00a0\u00bb, comme le r\u00e9sume Nuno Mendes.<\/p>\n<p class=\"fig-paragraph\">Historique, savoureux, mais aussi parfaitement inattendu quand on se replonge quelques mois en arri\u00e8re, apr\u00e8s le\u00a0<a href=\"http:\/\/www.lefigaro.fr\/sports\/football\/ligue-des-champions\/psg-champion-d-europe-le-message-de-kylian-mbappe-20250601\" data-fig-type=\"NewsFlash\" data-gtm-custom-categorie=\"navigation\" data-gtm-custom-action=\"crossclick\" data-gtm-custom-label=\"Contextuel\" data-gtm-event=\"customEventSPE\" data-fig-domain=\"LEFIGARO\" target=\"_blank\" rel=\"noopener\">d\u00e9part Kylian Mbapp\u00e9<\/a>, par exemple, ce sacre porte la patte de Luis Enrique \u00e0 tous les \u00e9tages. Chef d\u2019orchestre intransigeant et id\u00e9ologue inspir\u00e9, le technicien espagnol de 55\u00a0ans a touch\u00e9 au sublime en guidant le PSG jusqu\u2019aux plus hauts sommets europ\u00e9ens. \u00ab\u00a0L\u2019\u00e9quipe a \u00e9t\u00e9 exceptionnelle. Nous avons r\u00e9alis\u00e9 un grand match, on a totalement contr\u00f4l\u00e9\u00a0\u00bb, savourait-il samedi. Comme en 2015, au terme de sa premi\u00e8re saison\u2026<\/p>\n<p class=\"fig-premium-paywall__infos\">\n        Cet article est r\u00e9serv\u00e9 aux abonn\u00e9s.        Il vous reste 90% \u00e0 d\u00e9couvrir.\n    <\/p>\n<p>                <img  data- alt=\"Le Figaro\" class=\"fig-img--complete fig-img\"\/><\/p>\n<p class=\"fig-premium-paywall__title\">Vente Flash<\/p>\n<p class=\"fig-premium-paywall__subtitle\">4,99\u20ac par mois pendant 12 mois. Sans engagement.<\/p>\n<p class=\"fig-premium-paywall__connect\">\n                D\u00e9j\u00e0 abonn\u00e9\u00a0?                <a class=\"fig-premium-paywall__connect-link\" href=\"https:\/\/connect.lefigaro.fr\/login?client=horizon_web&amp;type=main&amp;redirect_uri=https%3A%2F%2Fwww.lefigaro.fr%2Fsports%2Ffootball%2Fligue-des-champions%2Fpsg-luis-enrique-chef-d-orchestre-intransigeant-et-ideologue-inspire-20250601\" data-js-gtm=\"{&quot;customCategorie&quot;: &quot;conversion&quot;, &quot;customAction&quot;: &quot;before_Landing_Connexion_paywall_auto&quot;, &quot;customLabel&quot;: &quot;bGVmaWdhcm8uZnJfXzFmMDNlZTMyLWVmMzUtNjZlNi04MDU0LWFiYTFkMWEwMTU1ZF9fQXJ0aWNsZQ==_PSG\u00a0: Luis Enrique, chef d\u2019orchestre intransigeant et id\u00e9ologue inspir\u00e9_533&quot;, &quot;customIDSPE&quot;: &quot;bGVmaWdhcm8uZnJfXzFmMDNlZTMyLWVmMzUtNjZlNi04MDU0LWFiYTFkMWEwMTU1ZF9fQXJ0aWNsZQ==&quot;, &quot;event&quot;: &quot;customEventSPE&quot;}\" target=\"_blank\" rel=\"noopener\"><br \/>\n                    Connectez-vous<br \/>\n                <\/a>\n            <\/p>\n","protected":false},"excerpt":{"rendered":"PORTRAIT \u2013 Natif des Asturies, le technicien espagnol de 55\u00a0ans a \u00e9crit son nom en lettres d\u2019or dans&hellip;\n","protected":false},"author":2,"featured_media":144503,"comment_status":"","ping_status":"","sticky":false,"template":"","format":"standard","meta":{"footnotes":""},"categories":[1410],"tags":[4791,786,525,448,1981,1089,814,2257,63,1011,27,2705,447,1307,3490,955,92,4589,4789,93,4790,1980,60,455],"class_list":{"0":"post-144502","1":"post","2":"type-post","3":"status-publish","4":"format-standard","5":"has-post-thumbnail","7":"category-football","8":"tag-barcelone","9":"tag-c1","10":"tag-calendrier","11":"tag-champions-league","12":"tag-classement","13":"tag-coupe-deurope","14":"tag-direct","15":"tag-foot","16":"tag-football","17":"tag-fr","18":"tag-france","19":"tag-groupe","20":"tag-ligue-des-champions","21":"tag-lille","22":"tag-liverpool","23":"tag-match","24":"tag-paris-sg","25":"tag-phase-finale","26":"tag-poule","27":"tag-psg","28":"tag-real-madrid","29":"tag-resultats","30":"tag-sports","31":"tag-uefa"},"share_on_mastodon":{"url":"https:\/\/pubeurope.com\/@fr\/114609220799924572","error":""},"_links":{"self":[{"href":"https:\/\/www.europesays.com\/fr\/wp-json\/wp\/v2\/posts\/144502","targetHints":{"allow":["GET"]}}],"collection":[{"href":"https:\/\/www.europesays.com\/fr\/wp-json\/wp\/v2\/posts"}],"about":[{"href":"https:\/\/www.europesays.com\/fr\/wp-json\/wp\/v2\/types\/post"}],"author":[{"embeddable":true,"href":"https:\/\/www.europesays.com\/fr\/wp-json\/wp\/v2\/users\/2"}],"replies":[{"embeddable":true,"href":"https:\/\/www.europesays.com\/fr\/wp-json\/wp\/v2\/comments?post=144502"}],"version-history":[{"count":0,"href":"https:\/\/www.europesays.com\/fr\/wp-json\/wp\/v2\/posts\/144502\/revisions"}],"wp:featuredmedia":[{"embeddable":true,"href":"https:\/\/www.europesays.com\/fr\/wp-json\/wp\/v2\/media\/144503"}],"wp:attachment":[{"href":"https:\/\/www.europesays.com\/fr\/wp-json\/wp\/v2\/media?parent=144502"}],"wp:term":[{"taxonomy":"category","embeddable":true,"href":"https:\/\/www.europesays.com\/fr\/wp-json\/wp\/v2\/categories?post=144502"},{"taxonomy":"post_tag","embeddable":true,"href":"https:\/\/www.europesays.com\/fr\/wp-json\/wp\/v2\/tags?post=144502"}],"curies":[{"name":"wp","href":"https:\/\/api.w.org\/{rel}","templated":true}]}}