{"id":144504,"date":"2025-06-01T17:11:08","date_gmt":"2025-06-01T17:11:08","guid":{"rendered":"https:\/\/www.europesays.com\/fr\/144504\/"},"modified":"2025-06-01T17:11:08","modified_gmt":"2025-06-01T17:11:08","slug":"la-maison-de-luis-enrique-avec-piscine-et-terrain-de-padel","status":"publish","type":"post","link":"https:\/\/www.europesays.com\/fr\/144504\/","title":{"rendered":"La maison de Luis Enrique avec piscine et terrain de padel"},"content":{"rendered":"<p><img fetchpriority=\"high\" decoding=\"async\" width=\"620\" height=\"413\" src=\"https:\/\/www.europesays.com\/fr\/wp-content\/uploads\/2025\/06\/Luis-Enrique-Gava-620x413.jpg\" alt=\"La spectaculaire maison de Luis Enrique avec piscine et terrain de padel\" class=\"wp-image-367059\"  \/>Luis Enrique a sa r\u00e9sidence principale sur la commune de Gav\u00e0.<\/p>\n<p>Qualifi\u00e9 pour une nouvelle finale de Ligue des Champions avec le <a href=\"https:\/\/sportune.20minutes.fr\/paris-saint-germain-psg\" rel=\"nofollow noopener\" target=\"_blank\">Paris Saint-Germain<\/a>, Luis Enrique jongle entre deux r\u00e9sidences de standing. Si l\u2019entra\u00eeneur espagnol a \u00e9lu domicile dans la capitale fran\u00e7aise depuis son arriv\u00e9e au PSG il y a deux ans, il maintient jalousement sa propri\u00e9t\u00e9 principale en Catalogne, dans la commune hupp\u00e9e de Gav\u00e0.<\/p>\n<p>Le m\u00e9dia Infobae raconte que cette demeure exceptionnelle de plus de 800 m\u00e8tres carr\u00e9s est \u00e9difi\u00e9e sur un terrain de 2 400 m\u00b2. La r\u00e9sidence b\u00e9n\u00e9ficie d\u2019un emplacement privil\u00e9gi\u00e9 avec vue imprenable sur la M\u00e9diterran\u00e9e, dans un secteur r\u00e9sidentiel pris\u00e9 par les c\u00e9l\u00e9brit\u00e9s sportives pour sa discr\u00e9tion et sa tranquillit\u00e9.<\/p>\n<p>Piscine priv\u00e9e et terrain de padel pour entretenir la forme physique<\/p>\n<p>Les \u00e9quipements de la propri\u00e9t\u00e9 refl\u00e8tent le train de vie de son propri\u00e9taire : piscine priv\u00e9e, terrain de padel personnel, vastes espaces paysagers et tous les services haut de gamme n\u00e9cessaires au bien-\u00eatre familial. La localisation de Gav\u00e0, dans la comarca du Baix Llobregat, offre l\u2019avantage d\u2019une proximit\u00e9 avec Barcelone tout en pr\u00e9servant l\u2019intimit\u00e9 recherch\u00e9e par les personnalit\u00e9s publiques.<\/p>\n<p>La maison t\u00e9moigne de la r\u00e9ussite financi\u00e8re de Luis Enrique, devenu l\u2019un des entra\u00eeneurs les mieux pay\u00e9s au monde. En 2015, ses revenus atteignaient d\u00e9j\u00e0 5,5 millions d\u2019euros annuels, publicit\u00e9 comprise, avant de doubler pour atteindre 11 millions d\u2019euros en 2017. Avec le <a href=\"https:\/\/sportune.20minutes.fr\/paris-saint-germain-psg\" rel=\"nofollow noopener\" target=\"_blank\">Paris Saint-Germain<\/a> il avoisine un salaire annuel proche de 12 millions.<\/p>\n<p>Un lien fusionnel avec la commune de Gav\u00e0<\/p>\n<p>Au-del\u00e0 de l\u2019aspect financier, cette propri\u00e9t\u00e9 catalane rev\u00eat une dimension sentimentale particuli\u00e8re pour l\u2019ancien s\u00e9lectionneur de la Roja. C\u2019est ici qu\u2019il a v\u00e9cu les moments cl\u00e9s de sa carri\u00e8re, d\u2019abord comme joueur du <a href=\"https:\/\/sportune.20minutes.fr\/fc-barcelone\" rel=\"nofollow noopener\" target=\"_blank\">FC Barcelone<\/a>, puis durant son passage sur le banc blaugrana. Gav\u00e0 abrite \u00e9galement la famille de son \u00e9pouse, renfor\u00e7ant les liens affectifs qui l\u2019unissent \u00e0 cette r\u00e9gion.<\/p>\n<p>Malgr\u00e9 ses obligations parisiennes, tout porte \u00e0 croire que cette r\u00e9sidence m\u00e9diterran\u00e9enne demeure le v\u00e9ritable foyer de Luis Enrique. Entre Histoire personnelle, cadre idyllique et confort absolu, elle incarne parfaitement l\u2019art de vivre \u00e0 l\u2019espagnole pour l\u2019un des tacticiens les plus respect\u00e9s du football europ\u00e9en.<\/p>\n","protected":false},"excerpt":{"rendered":"Luis Enrique a sa r\u00e9sidence principale sur la commune de Gav\u00e0. Qualifi\u00e9 pour une nouvelle finale de Ligue&hellip;\n","protected":false},"author":2,"featured_media":144505,"comment_status":"","ping_status":"","sticky":false,"template":"","format":"standard","meta":{"footnotes":""},"categories":[1359],"tags":[58,59,1011,27,921,27317,973,93],"class_list":{"0":"post-144504","1":"post","2":"type-post","3":"status-publish","4":"format-standard","5":"has-post-thumbnail","7":"category-people","8":"tag-divertissement","9":"tag-entertainment","10":"tag-fr","11":"tag-france","12":"tag-luis-enrique","13":"tag-maisons-sportifs","14":"tag-people","15":"tag-psg"},"share_on_mastodon":{"url":"https:\/\/pubeurope.com\/@fr\/114609224751136533","error":""},"_links":{"self":[{"href":"https:\/\/www.europesays.com\/fr\/wp-json\/wp\/v2\/posts\/144504","targetHints":{"allow":["GET"]}}],"collection":[{"href":"https:\/\/www.europesays.com\/fr\/wp-json\/wp\/v2\/posts"}],"about":[{"href":"https:\/\/www.europesays.com\/fr\/wp-json\/wp\/v2\/types\/post"}],"author":[{"embeddable":true,"href":"https:\/\/www.europesays.com\/fr\/wp-json\/wp\/v2\/users\/2"}],"replies":[{"embeddable":true,"href":"https:\/\/www.europesays.com\/fr\/wp-json\/wp\/v2\/comments?post=144504"}],"version-history":[{"count":0,"href":"https:\/\/www.europesays.com\/fr\/wp-json\/wp\/v2\/posts\/144504\/revisions"}],"wp:featuredmedia":[{"embeddable":true,"href":"https:\/\/www.europesays.com\/fr\/wp-json\/wp\/v2\/media\/144505"}],"wp:attachment":[{"href":"https:\/\/www.europesays.com\/fr\/wp-json\/wp\/v2\/media?parent=144504"}],"wp:term":[{"taxonomy":"category","embeddable":true,"href":"https:\/\/www.europesays.com\/fr\/wp-json\/wp\/v2\/categories?post=144504"},{"taxonomy":"post_tag","embeddable":true,"href":"https:\/\/www.europesays.com\/fr\/wp-json\/wp\/v2\/tags?post=144504"}],"curies":[{"name":"wp","href":"https:\/\/api.w.org\/{rel}","templated":true}]}}