{"id":144506,"date":"2025-06-01T17:12:10","date_gmt":"2025-06-01T17:12:10","guid":{"rendered":"https:\/\/www.europesays.com\/fr\/144506\/"},"modified":"2025-06-01T17:12:10","modified_gmt":"2025-06-01T17:12:10","slug":"photographe-a-cherbourg-karine-est-a-lhonneur-dans-un-magazine-diffuse-dans-le-monde-entier","status":"publish","type":"post","link":"https:\/\/www.europesays.com\/fr\/144506\/","title":{"rendered":"Photographe \u00e0 Cherbourg, Karine est \u00e0 l&rsquo;honneur dans un magazine diffus\u00e9 dans le monde entier"},"content":{"rendered":"<p>            Par<br \/>\n        <strong><br \/>\n            <a href=\"https:\/\/actu.fr\/auteur\/redaction-pressemanche\" title=\"Consulter tous les articles de R\u00e9daction La Presse de la Manche\" rel=\"nofollow noopener\" target=\"_blank\">R\u00e9daction La Presse de la Manche<\/a><br \/>\n        <\/strong><\/p>\n<p>        Publi\u00e9 le<\/p>\n<p>            1 juin 2025 \u00e0 17h11        <\/p>\n<p>La <b>qualit\u00e9<\/b> du travail de la <a href=\"https:\/\/actu.fr\/normandie\/cherbourg-en-cotentin_50129\/cherbourg-photographe-karine-est-a-lhonneur-dans-un-magazine-diffuse-dans-le-monde-entier_61030956.html\" rel=\"nofollow noopener\" target=\"_blank\">photographe cherbourgeoise Karine Nowak<\/a> vient d\u2019\u00eatre<b> doublement reconnue<\/b> par la <a href=\"https:\/\/leicasocietyinternational.org\/\" rel=\"nofollow noopener\" target=\"_blank\">Leica Society International<\/a> (LSI). Cette association, install\u00e9e aux <a href=\"https:\/\/actu.fr\/tag\/etats-unis\" rel=\"nofollow noopener\" target=\"_blank\">\u00c9tats-Unis<\/a>, rassemble dans le monde entier tous les passionn\u00e9s, on pourrait m\u00eame dire fanatiques, de la <b>mythique marque allemande d\u2019appareils photos<\/b>, Leica, reconnaissables \u00e0 leur point rouge.<\/p>\n<p class=\" wall-content\">LSI publie une<b> revue trimestrielle <\/b>titr\u00e9e \u00ab Viewfinder \u00bb, diffus\u00e9e dans le monde entier.<\/p>\n<p>Dans la revue \u00ab Viewfinder \u00bb<\/p>\n<p class=\" wall-content\">Dans le dernier num\u00e9ro de ce magazine (n\u00b0 57), <b>sept pages <\/b>sont consacr\u00e9es \u00e0 <a href=\"https:\/\/actu.fr\/normandie\/cherbourg-en-cotentin_50129\" rel=\"nofollow noopener\" target=\"_blank\">Cherbourg<\/a> (Manche), sous le titre \u00ab Cherbourg Downtown \u00bb et <b>illustr\u00e9es <\/b>par dix photographies de Karine.<\/p>\n<p>    <a href=\"https:\/\/www.facebook.com\/plugins\/post.php?href=https%3A%2F%2Fwww.facebook.com%2Fkarine.nowak.501%2Fposts%2Fpfbid02Z4Kw2tWMcbDfv7kfHy8GVDkYvtjDPuDVchRdGz7ZViYKyK4JeRJiWztqDwVW7yzsl&amp;show_text=true&amp;width=350\" title=\"Ouvrie le lien\" rel=\"nofollow noopener\" target=\"_blank\">Cliquez ici pour visualiser le contenu<\/a><\/p>\n<p class=\" wall-content\">Sur une double-page, une superbe photographie panoramique r\u00e9alis\u00e9e par assemblage de 16 photos permet aux lecteurs de d\u00e9couvrir la ville avec, en arri\u00e8re-plan ,ce paradoxe qui fascine visiteurs et cherbourgeois, \u00ab la <b>plus grande rade d\u2019Europe<\/b> qui n\u2019abrite pas le plus grand port de France \u00bb.<\/p>\n<p>Au Palais de Tokyo \u00e0 Paris<\/p>\n<p class=\" wall-content\">Un bonheur n\u2019arrivant pas toujours seul, Karine Nowak a \u00e9galement \u00e9t\u00e9 s\u00e9lectionn\u00e9e pour exposer une de ses r\u00e9centes photos au<b> Palais de Tokyo <\/b>\u00e0 <a href=\"https:\/\/actu.fr\/ile-de-france\/paris_75056\" rel=\"nofollow noopener\" target=\"_blank\">Paris<\/a>, o\u00f9 le Leica Tour viendra s\u2019installer les <b>14 et 15\u00a0juin 2025<\/b>.<\/p>\n<p>Vid\u00e9os : en ce moment sur Actu<\/p>\n<p class=\" wall-content\">Dans le cadre des festivit\u00e9s li\u00e9es aux 100\u00a0ans de la marque Leica, LSI organise dans de nombreux pays une exposition dans laquelle des utilisateurs talentueux de la marque sont invit\u00e9s \u00e0 pr\u00e9senter une de leurs cr\u00e9ations.<\/p>\n<p class=\" wall-content\">Karine aura la fiert\u00e9 d\u2019y voir exposer une malicieuse photo prise sur les rochers de <a href=\"https:\/\/actu.fr\/normandie\/gatteville-le-phare_50196\" rel=\"nofollow noopener\" target=\"_blank\">Gatteville-le-Phare<\/a>, qui donne l\u2019impression de voir un p\u00eacheur \u00e0 la ligne ferrer un joli voilier.<\/p>\n<p>    <a href=\"https:\/\/www.facebook.com\/plugins\/post.php?href=https%3A%2F%2Fwww.facebook.com%2Fkarine.nowak.501%2Fposts%2Fpfbid02BvmhCYsVT6e1STF8or25rt2XEW3HN5qmKuppZH2f4MQo9xnCFoi9mJZvLskhpvbMl&amp;show_text=true&amp;width=350\" title=\"Ouvrie le lien\" rel=\"nofollow noopener\" target=\"_blank\">Cliquez ici pour visualiser le contenu<\/a><\/p>\n<p class=\" wall-content\"><b>De notre correspondant \u00c9tienne DEVAILLY<\/b><\/p>\n<p class=\" wall-content\">Suivez toute l\u2019actualit\u00e9 de vos villes et m\u00e9dias favoris en vous inscrivant \u00e0 <a href=\"https:\/\/moncompte.actu.fr\" title=\"D\u00e9couvez Mon Actu\" rel=\"nofollow noopener\" data-trk=\"{&quot;cta&quot;:{&quot;action&quot;:&quot;https:\\\/\\\/moncompte.actu.fr&quot;,&quot;category&quot;:&quot;mon compte&quot;,&quot;from&quot;:&quot;article footer&quot;,&quot;name&quot;:&quot;Mon actu&quot;,&quot;type&quot;:&quot;cta&quot;}}\" target=\"_blank\">Mon Actu<\/a>.<\/p>\n","protected":false},"excerpt":{"rendered":"Par R\u00e9daction La Presse de la Manche Publi\u00e9 le 1 juin 2025 \u00e0 17h11 La qualit\u00e9 du travail&hellip;\n","protected":false},"author":2,"featured_media":144507,"comment_status":"","ping_status":"","sticky":false,"template":"","format":"standard","meta":{"footnotes":""},"categories":[1358],"tags":[1348,1384,1385,3168,1386,58,59,1011,27,1652,1756],"class_list":{"0":"post-144506","1":"post","2":"type-post","3":"status-publish","4":"format-standard","5":"has-post-thumbnail","7":"category-arts-et-design","8":"tag-arts","9":"tag-arts-and-design","10":"tag-arts-et-design","11":"tag-cotentin","12":"tag-design","13":"tag-divertissement","14":"tag-entertainment","15":"tag-fr","16":"tag-france","17":"tag-loisirs-culture","18":"tag-photographie"},"share_on_mastodon":{"url":"https:\/\/pubeurope.com\/@fr\/114609228582415791","error":""},"_links":{"self":[{"href":"https:\/\/www.europesays.com\/fr\/wp-json\/wp\/v2\/posts\/144506","targetHints":{"allow":["GET"]}}],"collection":[{"href":"https:\/\/www.europesays.com\/fr\/wp-json\/wp\/v2\/posts"}],"about":[{"href":"https:\/\/www.europesays.com\/fr\/wp-json\/wp\/v2\/types\/post"}],"author":[{"embeddable":true,"href":"https:\/\/www.europesays.com\/fr\/wp-json\/wp\/v2\/users\/2"}],"replies":[{"embeddable":true,"href":"https:\/\/www.europesays.com\/fr\/wp-json\/wp\/v2\/comments?post=144506"}],"version-history":[{"count":0,"href":"https:\/\/www.europesays.com\/fr\/wp-json\/wp\/v2\/posts\/144506\/revisions"}],"wp:featuredmedia":[{"embeddable":true,"href":"https:\/\/www.europesays.com\/fr\/wp-json\/wp\/v2\/media\/144507"}],"wp:attachment":[{"href":"https:\/\/www.europesays.com\/fr\/wp-json\/wp\/v2\/media?parent=144506"}],"wp:term":[{"taxonomy":"category","embeddable":true,"href":"https:\/\/www.europesays.com\/fr\/wp-json\/wp\/v2\/categories?post=144506"},{"taxonomy":"post_tag","embeddable":true,"href":"https:\/\/www.europesays.com\/fr\/wp-json\/wp\/v2\/tags?post=144506"}],"curies":[{"name":"wp","href":"https:\/\/api.w.org\/{rel}","templated":true}]}}