{"id":144510,"date":"2025-06-01T17:14:09","date_gmt":"2025-06-01T17:14:09","guid":{"rendered":"https:\/\/www.europesays.com\/fr\/144510\/"},"modified":"2025-06-01T17:14:09","modified_gmt":"2025-06-01T17:14:09","slug":"le-coeur-en-miettes-laure-larrory-de-maries-au-premier-regard-officialise-son-divorce-avec-matthieu-vieira","status":"publish","type":"post","link":"https:\/\/www.europesays.com\/fr\/144510\/","title":{"rendered":"\u00abLe c\u0153ur en miettes\u00bb, Laure Larrory de \u00abMari\u00e9s au premier regard\u00bb officialise son divorce avec Matthieu Vieira"},"content":{"rendered":"<p>Rencontr\u00e9 pendant le tournage de la saison 5 de l\u2019\u00e9mission romantique de M6 en 2021 et parents de deux petites filles, Lya et Rose, le couple se s\u00e9pare.<\/p>\n<p class=\"fig-paragraph\">\u00abDepuis longtemps, j\u2019ai essay\u00e9. De comprendre, de faire tenir, de ne pas baisser les bras\u00bb. \u00c0 cause des \u00abinterpr\u00e9tations lanc\u00e9es et des v\u00e9rit\u00e9s tronqu\u00e9es\u00bb,\u00a0<a href=\"http:\/\/tvmag.lefigaro.fr\/programme-tv\/people\/de-laure-et-matthieu-de-maries-au-premier-regard-a-vianney-les-couples-plus-amoureux-que-jamais-a-roland-garros-20240609\" target=\"_blank\" data-fig-type=\"Article\" rel=\"noopener\" data-gtm-custom-categorie=\"navigation\" data-gtm-custom-action=\"crossclick\" data-gtm-custom-label=\"Contextuel\" data-gtm-event=\"customEventSPE\" data-fig-domain=\"TVMAG\">Laure Larrory<\/a>\u00a0confirme ce dimanche 1er juin la rumeur. Elle se s\u00e9pare de Matthieu Vieira, \u00e9pous\u00e9 pendant la saison 5 de \u00abMari\u00e9s au premier regard\u00bb sur M6.<\/p>\n<p class=\"fig-paragraph\">\u00abJ\u2019ai cru que l\u2019amour pouvait suffire. J\u2019ai demand\u00e9 du temps, juste un peu d\u2019air, pour continuer \u00e0 y croire. Mais parfois, \u00e0 force de porter seule, on finit par se perdre soi-m\u00eame\u00bb, \u00e9crit la jeune femme dans un post Instagram. Elle pr\u00e9cise que \u00abla d\u00e9cision de se s\u00e9parer\u00bb ne lui \u00abappartient pas enti\u00e8rement\u00bb. Qu\u2019elle s\u2019est \u00abconstruite dans les silences, les d\u00e9calages, les blessures\u00bb. \u00abAujourd\u2019hui encore, je suis debout, mais j\u2019ai le c\u0153ur en miettes\u00bb, d\u00e9clare-t-elle.<\/p>\n<p>\u00abCertaines v\u00e9rit\u00e9s se taisent&#8230;\u00bb<\/p>\n<p class=\"fig-paragraph\">Les abonn\u00e9s de Laure et de Matthieu avaient remarqu\u00e9 leur absence respective dans les contenus post\u00e9s par l\u2019un ou par l\u2019autre. \u00abJe crois profond\u00e9ment qu\u2019on peut aimer encore et pourtant se s\u00e9parer. Parce qu\u2019on ne s\u2019aligne plus. Parce que les chemins bifurquent. Parce que rester ce serait se trahir. Je ne sais pas ce que l\u2019avenir r\u00e9serve. Mais je sais que pour avancer, il faut parfois accepter de l\u00e2cher. M\u00eame si \u00e7a fait mal. M\u00eame si on est jug\u00e9e. M\u00eame si certains pr\u00e9f\u00e8rent les raccourcis \u00e0 la complexit\u00e9\u00bb, poursuit la jeune femme dans son long texte.<\/p>\n<p class=\"fig-paragraph\">Laure \u00e9voque \u00e9galement leurs deux filles,\u00a0<a href=\"http:\/\/tvmag.lefigaro.fr\/programme-tv\/people\/ca-n-a-pas-ete-un-debut-de-grossesse-facile-j-etais-tres-malade-laure-et-matthieu-de-maries-au-premier-regard-attendent-leur-deuxieme-enfant-20240124\" target=\"_blank\" data-fig-type=\"Article\" rel=\"noopener\" data-gtm-custom-categorie=\"navigation\" data-gtm-custom-action=\"crossclick\" data-gtm-custom-label=\"Contextuel\" data-gtm-event=\"customEventSPE\" data-fig-domain=\"TVMAG\">Lya et Rose,<\/a>\u00a0\u00abn\u00e9es d\u2019un amour sinc\u00e8re\u00bb. \u00abElles resteront toujours notre plus belle r\u00e9ussite\u00bb. Sur le tournage de \u00abMari\u00e9s au premier regard\u00bb, Laure et Matthieu avaient eu la surprise d\u2019apprendre la grossesse de la participante. Leur premi\u00e8re fille est n\u00e9e le 24 ao\u00fbt 2021. Sa petite s\u0153ur est venue agrandir leur famille trois ans plus tard.<\/p>\n<p class=\"fig-paragraph\">\u00ab\u00c0 ceux qui s\u2019interrogent, \u00e0 ceux qui jugent, je ne leur dirais qu\u2019une chose\u00a0: tout ne se voit pas \u00e0 travers un \u00e9cran. Certaines v\u00e9rit\u00e9s se taisent&#8230; Non par l\u00e2chet\u00e9, mais par amour\u00bb, conclut Laure.<\/p>\n","protected":false},"excerpt":{"rendered":"Rencontr\u00e9 pendant le tournage de la saison 5 de l\u2019\u00e9mission romantique de M6 en 2021 et parents de&hellip;\n","protected":false},"author":2,"featured_media":144511,"comment_status":"","ping_status":"","sticky":false,"template":"","format":"standard","meta":{"footnotes":""},"categories":[1356],"tags":[976,1000,58,59,1011,27,1714,1718,6218,1713,973,1717,1715,1716,252,1364],"class_list":{"0":"post-144510","1":"post","2":"type-post","3":"status-publish","4":"format-standard","5":"has-post-thumbnail","7":"category-television","8":"tag-actu-people","9":"tag-celebrites","10":"tag-divertissement","11":"tag-entertainment","12":"tag-fr","13":"tag-france","14":"tag-info-people","15":"tag-infos-people-du-jour","16":"tag-maries-au-premier-regard","17":"tag-news-people","18":"tag-people","19":"tag-photo-people","20":"tag-potins-de-stars","21":"tag-potins-people","22":"tag-television","23":"tag-tv"},"share_on_mastodon":{"url":"https:\/\/pubeurope.com\/@fr\/114609236414636604","error":""},"_links":{"self":[{"href":"https:\/\/www.europesays.com\/fr\/wp-json\/wp\/v2\/posts\/144510","targetHints":{"allow":["GET"]}}],"collection":[{"href":"https:\/\/www.europesays.com\/fr\/wp-json\/wp\/v2\/posts"}],"about":[{"href":"https:\/\/www.europesays.com\/fr\/wp-json\/wp\/v2\/types\/post"}],"author":[{"embeddable":true,"href":"https:\/\/www.europesays.com\/fr\/wp-json\/wp\/v2\/users\/2"}],"replies":[{"embeddable":true,"href":"https:\/\/www.europesays.com\/fr\/wp-json\/wp\/v2\/comments?post=144510"}],"version-history":[{"count":0,"href":"https:\/\/www.europesays.com\/fr\/wp-json\/wp\/v2\/posts\/144510\/revisions"}],"wp:featuredmedia":[{"embeddable":true,"href":"https:\/\/www.europesays.com\/fr\/wp-json\/wp\/v2\/media\/144511"}],"wp:attachment":[{"href":"https:\/\/www.europesays.com\/fr\/wp-json\/wp\/v2\/media?parent=144510"}],"wp:term":[{"taxonomy":"category","embeddable":true,"href":"https:\/\/www.europesays.com\/fr\/wp-json\/wp\/v2\/categories?post=144510"},{"taxonomy":"post_tag","embeddable":true,"href":"https:\/\/www.europesays.com\/fr\/wp-json\/wp\/v2\/tags?post=144510"}],"curies":[{"name":"wp","href":"https:\/\/api.w.org\/{rel}","templated":true}]}}