{"id":144518,"date":"2025-06-01T17:18:09","date_gmt":"2025-06-01T17:18:09","guid":{"rendered":"https:\/\/www.europesays.com\/fr\/144518\/"},"modified":"2025-06-01T17:18:09","modified_gmt":"2025-06-01T17:18:09","slug":"max-verstappen-pourrait-etre-suspendu-pour-le-grand-prix-du-canada","status":"publish","type":"post","link":"https:\/\/www.europesays.com\/fr\/144518\/","title":{"rendered":"Max Verstappen pourrait \u00eatre suspendu pour le Grand Prix du Canada"},"content":{"rendered":"<p itemprop=\"description\">Sous pression apr\u00e8s le Grand Prix<br \/>\nd\u2019Espagne, Max Verstappen risque gros : entre p\u00e9nalit\u00e9s accumul\u00e9es,<br \/>\nenqu\u00eate de la FIA et attitude controvers\u00e9e, une suspension pour le<br \/>\nCanada n\u2019est plus \u00e0 exclure.<\/p>\n<p data-start=\"330\" data-end=\"716\">Max Verstappen est au c\u0153ur d\u00a0\u00bbune<br \/>\nnouvelle pol\u00e9mique apr\u00e8s le Grand Prix d\u2019Espagne, neuvi\u00e8me manche<br \/>\ndu <a href=\"https:\/\/f1i.autojournal.fr\/calendrier-f1-2025-dates-horaires-grands-prix\/\" target=\"_blank\" rel=\"noopener\"><br \/>\ncalendrier F1 2025<\/a>. Le pilote Red Bull a \u00e9t\u00e9 sanctionn\u00e9 pour<br \/>\nune action jug\u00e9e contraire \u00e0 l\u2019\u00e9thique sportive \u00e0 l\u2019encontre de<br \/>\nGeorge Russell. La direction de course n\u2019a pas tard\u00e9 \u00e0 r\u00e9agir : dix<br \/>\nsecondes de p\u00e9nalit\u00e9 lui ont \u00e9t\u00e9 inflig\u00e9es dans la foul\u00e9e, <a href=\"https:\/\/f1i.autojournal.fr\/grand-prix-f1\/grand-prix-despagne\/double-mclaren-10-points-davance-pour-oscar-piastri-alors-que-max-verstappen-craque\/\" target=\"_blank\" rel=\"noopener\"><br \/>\nce qui l\u2019a rel\u00e9gu\u00e9 \u00e0 la dixi\u00e8me place au classement final de la<br \/>\ncourse<\/a>.<\/p>\n<p data-start=\"718\" data-end=\"935\">Cette sanction sportive a \u00e9t\u00e9<br \/>\nalourdie par l\u2019ajout de deux points de p\u00e9nalit\u00e9 sur sa<br \/>\nsuper-licence. Cela porte d\u00e9sormais son total \u00e0 dix points sur les<br \/>\ndouze tol\u00e9r\u00e9s avant une suspension automatique d\u2019un Grand Prix.<\/p>\n<p>Un red\u00e9marrage sous<br \/>\nenqu\u00eate<\/p>\n<p data-start=\"969\" data-end=\"1279\">La situation du quadruple<br \/>\nchampion du monde pourrait encore empirer. La FIA a en effet ouvert<br \/>\nune enqu\u00eate ind\u00e9pendante concernant le comportement de Verstappen<br \/>\nlors de la relance de la course apr\u00e8s la sortie de la voiture de<br \/>\ns\u00e9curit\u00e9. Une man\u0153uvre muscl\u00e9e avec Charles Leclerc est dans le<br \/>\nviseur des commissaires.<\/p>\n<p data-start=\"1281\" data-end=\"1618\">Les deux pilotes se sont<br \/>\nfr\u00f4l\u00e9s \u00e0 haute vitesse dans la ligne droite, une action jug\u00e9e<br \/>\ndangereuse par certains observateurs. Bien que l\u2019incident n\u2019ait pas<br \/>\ncaus\u00e9 de d\u00e9g\u00e2ts mat\u00e9riels ou physiques, il a \u00e9t\u00e9 suffisant pour que<br \/>\nl\u2019instance dirigeante convoque Verstappen et Leclerc afin de<br \/>\nclarifier leurs r\u00f4les respectifs dans cet accrochage.<\/p>\n<p>Une suspension en jeu pour le<br \/>\nCanada ?<\/p>\n<p data-start=\"1663\" data-end=\"2038\">Si Verstappen venait \u00e0 \u00eatre<br \/>\nreconnu coupable dans ce second dossier, deux nouveaux points de<br \/>\np\u00e9nalit\u00e9 pourraient s\u2019ajouter \u00e0 son total actuel. Le N\u00e9erlandais<br \/>\natteindrait alors le seuil critique des 12 points, synonyme de<br \/>\nsuspension automatique pour le Grand Prix suivant. En l\u2019occurrence,<br \/>\ncela compromettrait sa participation \u00e0 l\u2019\u00e9preuve canadienne pr\u00e9vue<br \/>\ndans deux semaines.<\/p>\n<p data-start=\"2093\" data-end=\"2387\">Pour ne rien arranger \u00e0 sa<br \/>\nsituation, Verstappen aurait \u00e9vit\u00e9 certains journalistes \u00e0 l\u2019issue<br \/>\nde la course. Ce comportement, contraire au r\u00e8glement FIA qui<br \/>\nimpose aux pilotes de se rendre disponibles pour la presse,<br \/>\npourrait entra\u00eener une r\u00e9primande officielle, voire une amende<br \/>\nfinanci\u00e8re.<\/p>\n","protected":false},"excerpt":{"rendered":"Sous pression apr\u00e8s le Grand Prix d\u2019Espagne, Max Verstappen risque gros : entre p\u00e9nalit\u00e9s accumul\u00e9es, enqu\u00eate de la&hellip;\n","protected":false},"author":2,"featured_media":144519,"comment_status":"","ping_status":"","sticky":false,"template":"","format":"standard","meta":{"footnotes":""},"categories":[9],"tags":[1011,27,27318,2236,2255,60],"class_list":{"0":"post-144518","1":"post","2":"type-post","3":"status-publish","4":"format-standard","5":"has-post-thumbnail","7":"category-sports","8":"tag-fr","9":"tag-france","10":"tag-grand-prix-du-canada","11":"tag-max-verstappen","12":"tag-red-bull","13":"tag-sports"},"share_on_mastodon":{"url":"https:\/\/pubeurope.com\/@fr\/114609252147961733","error":""},"_links":{"self":[{"href":"https:\/\/www.europesays.com\/fr\/wp-json\/wp\/v2\/posts\/144518","targetHints":{"allow":["GET"]}}],"collection":[{"href":"https:\/\/www.europesays.com\/fr\/wp-json\/wp\/v2\/posts"}],"about":[{"href":"https:\/\/www.europesays.com\/fr\/wp-json\/wp\/v2\/types\/post"}],"author":[{"embeddable":true,"href":"https:\/\/www.europesays.com\/fr\/wp-json\/wp\/v2\/users\/2"}],"replies":[{"embeddable":true,"href":"https:\/\/www.europesays.com\/fr\/wp-json\/wp\/v2\/comments?post=144518"}],"version-history":[{"count":0,"href":"https:\/\/www.europesays.com\/fr\/wp-json\/wp\/v2\/posts\/144518\/revisions"}],"wp:featuredmedia":[{"embeddable":true,"href":"https:\/\/www.europesays.com\/fr\/wp-json\/wp\/v2\/media\/144519"}],"wp:attachment":[{"href":"https:\/\/www.europesays.com\/fr\/wp-json\/wp\/v2\/media?parent=144518"}],"wp:term":[{"taxonomy":"category","embeddable":true,"href":"https:\/\/www.europesays.com\/fr\/wp-json\/wp\/v2\/categories?post=144518"},{"taxonomy":"post_tag","embeddable":true,"href":"https:\/\/www.europesays.com\/fr\/wp-json\/wp\/v2\/tags?post=144518"}],"curies":[{"name":"wp","href":"https:\/\/api.w.org\/{rel}","templated":true}]}}