{"id":144537,"date":"2025-06-01T17:29:09","date_gmt":"2025-06-01T17:29:09","guid":{"rendered":"https:\/\/www.europesays.com\/fr\/144537\/"},"modified":"2025-06-01T17:29:09","modified_gmt":"2025-06-01T17:29:09","slug":"corniche-de-tamaris-a-la-seyne-les-attentes-de-florence-cyrulnik","status":"publish","type":"post","link":"https:\/\/www.europesays.com\/fr\/144537\/","title":{"rendered":"Corniche de Tamaris \u00e0 La Seyne: les attentes de Florence Cyrulnik"},"content":{"rendered":"<p>Elue municipale d\u00e9l\u00e9gu\u00e9e au patrimoine de 2001 \u00e0 2020, Florence Cyrulnik est \u00e0 l\u2019origine de la cr\u00e9ation de ZPPAUP (Zone de protection du patrimoine architectural, urbain et paysager) de Balaguier aux Sablettes, devenue SPR (Site patrimonial remarquable) en 2016. D\u00e9l\u00e9gu\u00e9e territoriale de la Fondation du patrimoine, elle fait aussi partie des personnalit\u00e9s qualifi\u00e9es d\u00e9sign\u00e9es par la pr\u00e9fecture pour si\u00e9ger \u00e0 la commission locale du SPR Balaguier &#8211; Tamaris &#8211; Les Sablettes &#8211; Baie du Lazaret.<\/p>\n<p>\u00c0 ce titre, Florence Cyrulnik, qui assure ne \u00ab\u00a0plus faire de politique \u00ab\u00a0, se d\u00e9clare attentive au \u00ab\u00a0respect de la loi, surtout en ce qui concerne la protection du patrimoine et du paysage, en particulier en SPR et en p\u00e9rim\u00e8tre de protection des Monuments historiques\u00a0\u00bb. Ayant particip\u00e9 depuis 2022 \u00e0 toutes les r\u00e9unions publiques et visites de concertation consacr\u00e9es au futur am\u00e9nagement de la corniche de Tamaris, \u00ab\u00a0j&rsquo;avais cru, indique Mme Cyrulnik, que les prescriptions du r\u00e8glement du SPR (servitude d&rsquo;utilit\u00e9 publique s&rsquo;imposant au plan local d\u2019urbanisme), serviraient de base au cahier des charges du projet. Or, ajoute-t-elle, je rel\u00e8ve plusieurs contradictions entre le projet de r\u00e9habilitation et ce r\u00e8glement de protection de la corniche\u00a0\u00bb.<\/p>\n<p>\u00ab\u00a0Des infrastructures intrusives\u00a0\u00bb<\/p>\n<p>Ainsi, poursuit Mme Cyrulnik, \u00ab\u00a0tout au long de l&rsquo;\u00e9tude, on retrouve les termes de \u201cdiscr\u00e9tion\u00a0\u00bb, \u00ab\u00a0esprit des lieux\u00a0\u00bb, \u00ab\u00a0c\u00f4nes de vue\u00a0\u00bb, \u00ab\u00a0perspectives sur le grand paysage maritime\u00a0\u00bb&#8230; Mais, interroge-t-elle, pourquoi faudrait-il imposer sur la corniche une touche contemporaine par des bouleversements fonctionnels peu justifi\u00e9s et des superstructures intrusives d\u00e9figurant le paysage? \u00bb. Parmi ces bouleversements, elle \u00e9voque \u00ab\u00a0le casse-t\u00eate d&rsquo;un sens unique aux cons\u00e9quences peu \u00e9cologiques pour les r\u00e9sidents et les usagers\u00a0\u00bb, \u00ab\u00a0les voies de contournement peu satisfaisantes\u00a0\u00bb, \u00ab\u00a0les \u00e9tudes de circulation \u00e0 refaire\u00a0\u00bb, \u00ab\u00a0les alt\u00e9rations de la s\u00e9curit\u00e9 d&rsquo;un secteur bois\u00e9 propice aux incendies\u00a0\u00bb, \u00ab\u00a0le mobilier urbain intempestif et les plantations encombrant un espace public pr\u00e9cieux\u00a0\u00bb, mais aussi \u00ab\u00a0le co\u00fbt d&rsquo;une piste cyclable de 4km avoisinant celui d&rsquo;une autoroute\u00a0\u00bb.<\/p>\n<p>\u00ab\u00a0Des alternatives au sens unique existent\u00a0\u00bb<\/p>\n<p>Dans l\u2019attente d\u2019un entretien avec l&rsquo;architecte des B\u00e2timents de France, afin \u00ab\u00a0d\u2019\u00e9valuer ces contradictions\u00a0\u00bb, Florence Cyrulnik fait savoir qu\u2019elle souhaite une nouvelle r\u00e9union de la commission locale du SPR qui, en mai 2024, avait donn\u00e9 un \u00ab\u00a0avis favorable\u00a0\u00bb au projet. Sauf que, assure-t-elle, \u00ab\u00a0cet avis portait, non sur le projet complet de r\u00e9habilitation, mais sur quelques questions qualifi\u00e9es de \u2018\u2018d\u00e9tails\u2019\u2019 que de nombreux membres de cette commission pensaient \u00eatre appel\u00e9s \u00e0 pr\u00e9ciser ult\u00e9rieurement\u00a0\u00bb.<\/p>\n<p>De plus, affirme l\u2019ex-\u00e9lue, ces membres ont eu \u00ab\u00a0la surprise de d\u00e9couvrir, six mois plus tard, en pr\u00e9sentation publique ou dans des plaquettes municipales, des illustrations diff\u00e9rentes de ce qui avait \u00e9t\u00e9 admis\u00a0\u00bb. Pour ces raisons, Florence Cyrulnik demande donc l\u2019organisation d\u2019une r\u00e9union de la commission du SPR lors de laquelle serait pr\u00e9sent\u00e9 le projet \u00ab\u00a0dans son ensemble, de Bois Sacr\u00e9 aux Sablettes\u00a0\u00bb. Tout en sachant, conclut-elle, que \u00ab\u00a0des alternatives existent au sens unique, dans une utilisation plus flexible de l&rsquo;espace public et des superstructures, permettant la diversit\u00e9 des usages sans alt\u00e9ration majeure du paysage\u00a0\u00bb.<\/p>\n","protected":false},"excerpt":{"rendered":"Elue municipale d\u00e9l\u00e9gu\u00e9e au patrimoine de 2001 \u00e0 2020, Florence Cyrulnik est \u00e0 l\u2019origine de la cr\u00e9ation de&hellip;\n","protected":false},"author":2,"featured_media":144538,"comment_status":"","ping_status":"","sticky":false,"template":"","format":"standard","meta":{"footnotes":""},"categories":[9619],"tags":[1111,11,1777,674,1011,27,12,882,25,2310,3366],"class_list":{"0":"post-144537","1":"post","2":"type-post","3":"status-publish","4":"format-standard","5":"has-post-thumbnail","7":"category-toulon","8":"tag-actu","9":"tag-actualites","10":"tag-eu","11":"tag-europe","12":"tag-fr","13":"tag-france","14":"tag-news","15":"tag-provence-alpes-cote-dazur","16":"tag-republique-francaise","17":"tag-toulon","18":"tag-vie-locale"},"share_on_mastodon":{"url":"https:\/\/pubeurope.com\/@fr\/114609295479604352","error":""},"_links":{"self":[{"href":"https:\/\/www.europesays.com\/fr\/wp-json\/wp\/v2\/posts\/144537","targetHints":{"allow":["GET"]}}],"collection":[{"href":"https:\/\/www.europesays.com\/fr\/wp-json\/wp\/v2\/posts"}],"about":[{"href":"https:\/\/www.europesays.com\/fr\/wp-json\/wp\/v2\/types\/post"}],"author":[{"embeddable":true,"href":"https:\/\/www.europesays.com\/fr\/wp-json\/wp\/v2\/users\/2"}],"replies":[{"embeddable":true,"href":"https:\/\/www.europesays.com\/fr\/wp-json\/wp\/v2\/comments?post=144537"}],"version-history":[{"count":0,"href":"https:\/\/www.europesays.com\/fr\/wp-json\/wp\/v2\/posts\/144537\/revisions"}],"wp:featuredmedia":[{"embeddable":true,"href":"https:\/\/www.europesays.com\/fr\/wp-json\/wp\/v2\/media\/144538"}],"wp:attachment":[{"href":"https:\/\/www.europesays.com\/fr\/wp-json\/wp\/v2\/media?parent=144537"}],"wp:term":[{"taxonomy":"category","embeddable":true,"href":"https:\/\/www.europesays.com\/fr\/wp-json\/wp\/v2\/categories?post=144537"},{"taxonomy":"post_tag","embeddable":true,"href":"https:\/\/www.europesays.com\/fr\/wp-json\/wp\/v2\/tags?post=144537"}],"curies":[{"name":"wp","href":"https:\/\/api.w.org\/{rel}","templated":true}]}}