{"id":144541,"date":"2025-06-01T17:31:10","date_gmt":"2025-06-01T17:31:10","guid":{"rendered":"https:\/\/www.europesays.com\/fr\/144541\/"},"modified":"2025-06-01T17:31:10","modified_gmt":"2025-06-01T17:31:10","slug":"un-incendie-qui-serait-dorigine-criminelle-vise-un-appartement-en-pleine-nuit","status":"publish","type":"post","link":"https:\/\/www.europesays.com\/fr\/144541\/","title":{"rendered":"un incendie qui serait d&rsquo;origine criminelle vise un appartement en pleine nuit"},"content":{"rendered":"<p>            Par<br \/>\n        <strong><br \/>\n            <a href=\"https:\/\/actu.fr\/auteur\/jm-aubert\" title=\"Consulter tous les articles de Jean-Marc Aubert\" rel=\"nofollow noopener\" target=\"_blank\">Jean-Marc Aubert<\/a><br \/>\n        <\/strong><\/p>\n<p>        Publi\u00e9 le<\/p>\n<p>            1 juin 2025 \u00e0 18h38        <\/p>\n<p>Un <strong>incendie<\/strong> qui serait criminel a vis\u00e9 la porte d\u2019un appartement d\u2019un immeuble de la place Carnot, pr\u00e8s du boulevard de Strasbourg, \u00e0 <strong>Montpellier<\/strong>, de dimanche 1er juin 2025 au matin. La<strong> police nationale<\/strong> enqu\u00eate.<\/p>\n<p>    <a href=\"https:\/\/www.google.com\/maps\/embed?pb=!1m18!1m12!1m3!1d3825.511738598479!2d3.880009691236793!3d43.603097231615514!2m3!1f0!2f0!3f0!3m2!1i1024!2i768!4f13.1!3m3!1m2!1s0x12b6afa3a6f083dd%3A0x276efa662b3fe07d!2sPl.%20Carnot%2C%2034000%20Montpellier!5e0!3m2!1sfr!2sfr!4v1748793411069!5m2!1sfr!2sfr\" title=\"Ouvrie le lien\" rel=\"nofollow noopener\" target=\"_blank\">Cliquez ici pour visualiser le contenu<\/a><\/p>\n<p class=\" wall-content\">Un pi\u00e9ton qui passait sur la place Carnot vers 6h30, ce dimanche a aper\u00e7u de la fum\u00e9e qui sortait d\u2019un immeuble. La porte d\u2019entr\u00e9e n\u2019\u00e9tant pas verrouill\u00e9e, elle s\u2019est rendu dans les \u00e9tages pour alerter les r\u00e9sidents qui dormaient, d\u00e9couvrant qu\u2019un incendie se propageait au premier \u00e9tage.<\/p>\n<p class=\" wall-content\">Les sapeurs-pompiers du<strong> Sdis 34<\/strong> rapidement sur place ont rapidement ma\u00eetris\u00e9 les flammes qui ont enti\u00e8rement d\u00e9truite la porte d\u2019un logement situ\u00e9 au premier \u00e9tage et ont \u00e9vit\u00e9 toute extension. Le locataire de cet appartement \u00e9tait absent au moment des faits. Sans l\u2019alerte donn\u00e9e par le t\u00e9moin qui a r\u00e9veill\u00e9 les habitants de l\u2019immeuble, un drame aurait pu se produire.<\/p>\n<p>Enqu\u00eate de police<\/p>\n<p class=\" wall-content\">Selon les constatations r\u00e9alis\u00e9es par les pompiers et par les policiers nationaux de la <strong>DIPN 34<\/strong>, l\u2019origine de cet incendie est criminelle. Pour quel mobile ? Myst\u00e8re. Une enqu\u00eate est en cours au commissariat central sous la direction du parquet de Montpellier. Pour l\u2019heure, aucun lien n\u2019est \u00e9tabli avec l\u2019<a href=\"https:\/\/actu.fr\/occitanie\/montpellier_34172\/mystere-a-montpellier-enlevement-cris-au-secours-coups-de-feu-douille-cartouche-retrouvees_62713801.html\" rel=\"nofollow noopener\" target=\"_blank\">enl\u00e8vement et la tentative de meurtre<\/a>, un peu plus tard, \u00e0 Malbosc.<\/p>\n<p>Vid\u00e9os : en ce moment sur Actu<\/p>\n<p class=\" wall-content\">Suivez toute l\u2019actualit\u00e9 de vos villes et m\u00e9dias favoris en vous inscrivant \u00e0 <a href=\"https:\/\/moncompte.actu.fr\" title=\"D\u00e9couvez Mon Actu\" rel=\"nofollow noopener\" data-trk=\"{&quot;cta&quot;:{&quot;action&quot;:&quot;https:\\\/\\\/moncompte.actu.fr&quot;,&quot;category&quot;:&quot;mon compte&quot;,&quot;from&quot;:&quot;article footer&quot;,&quot;name&quot;:&quot;Mon actu&quot;,&quot;type&quot;:&quot;cta&quot;}}\" target=\"_blank\">Mon Actu<\/a>.<\/p>\n","protected":false},"excerpt":{"rendered":"Par Jean-Marc Aubert Publi\u00e9 le 1 juin 2025 \u00e0 18h38 Un incendie qui serait criminel a vis\u00e9 la&hellip;\n","protected":false},"author":2,"featured_media":144542,"comment_status":"","ping_status":"","sticky":false,"template":"","format":"standard","meta":{"footnotes":""},"categories":[9599],"tags":[1111,11,1777,674,118,1011,27,1310,303,2208,12,2680,1072,25],"class_list":{"0":"post-144541","1":"post","2":"type-post","3":"status-publish","4":"format-standard","5":"has-post-thumbnail","7":"category-montpellier","8":"tag-actu","9":"tag-actualites","10":"tag-eu","11":"tag-europe","12":"tag-faits-divers","13":"tag-fr","14":"tag-france","15":"tag-incendie","16":"tag-justice","17":"tag-montpellier","18":"tag-news","19":"tag-occitanie","20":"tag-police","21":"tag-republique-francaise"},"share_on_mastodon":{"url":"https:\/\/pubeurope.com\/@fr\/114609303275962677","error":""},"_links":{"self":[{"href":"https:\/\/www.europesays.com\/fr\/wp-json\/wp\/v2\/posts\/144541","targetHints":{"allow":["GET"]}}],"collection":[{"href":"https:\/\/www.europesays.com\/fr\/wp-json\/wp\/v2\/posts"}],"about":[{"href":"https:\/\/www.europesays.com\/fr\/wp-json\/wp\/v2\/types\/post"}],"author":[{"embeddable":true,"href":"https:\/\/www.europesays.com\/fr\/wp-json\/wp\/v2\/users\/2"}],"replies":[{"embeddable":true,"href":"https:\/\/www.europesays.com\/fr\/wp-json\/wp\/v2\/comments?post=144541"}],"version-history":[{"count":0,"href":"https:\/\/www.europesays.com\/fr\/wp-json\/wp\/v2\/posts\/144541\/revisions"}],"wp:featuredmedia":[{"embeddable":true,"href":"https:\/\/www.europesays.com\/fr\/wp-json\/wp\/v2\/media\/144542"}],"wp:attachment":[{"href":"https:\/\/www.europesays.com\/fr\/wp-json\/wp\/v2\/media?parent=144541"}],"wp:term":[{"taxonomy":"category","embeddable":true,"href":"https:\/\/www.europesays.com\/fr\/wp-json\/wp\/v2\/categories?post=144541"},{"taxonomy":"post_tag","embeddable":true,"href":"https:\/\/www.europesays.com\/fr\/wp-json\/wp\/v2\/tags?post=144541"}],"curies":[{"name":"wp","href":"https:\/\/api.w.org\/{rel}","templated":true}]}}