{"id":144553,"date":"2025-06-01T17:39:10","date_gmt":"2025-06-01T17:39:10","guid":{"rendered":"https:\/\/www.europesays.com\/fr\/144553\/"},"modified":"2025-06-01T17:39:10","modified_gmt":"2025-06-01T17:39:10","slug":"illkirch-graffenstaden-au-printemps-des-bretelles-laccordeon-un-instrument-qui-federe","status":"publish","type":"post","link":"https:\/\/www.europesays.com\/fr\/144553\/","title":{"rendered":"Illkirch-Graffenstaden. Au Printemps des bretelles, l\u2019accord\u00e9on \u00ab\u00a0un instrument qui f\u00e9d\u00e8re\u00a0\u00bb"},"content":{"rendered":"<p>Parfois ringardis\u00e9 ou renvoy\u00e9 \u00e0 l\u2019image <a href=\"https:\/\/www.dna.fr\/culture-loisirs\/2025\/05\/08\/une-guinguette-festive-aux-saveurs-d-antan-pour-celebrer-la-fin-de-la-guerre\" target=\"_blank\" rel=\"noopener\">des bals de l\u2019apr\u00e8s-guerre<\/a> , l\u2019accord\u00e9on a-t-il le vent en poupe\u00a0? \u00c0 en croire l\u2019affluence et la long\u00e9vit\u00e9 du <a href=\"https:\/\/www.dna.fr\/culture-loisirs\/2025\/05\/27\/printemps-des-bretelles-neuf-jours-durant-l-accordeon-mene-la-danse\" target=\"_blank\" rel=\"noopener\">Printemps des bretelles<\/a> , festival d\u00e9di\u00e9 aux groupes jouant avec cet instrument \u00e0 soufflet, c\u2019est le cas. Le festival se tient jusqu\u2019au samedi 7\u00a0juin, \u00e0 l\u2019Illiade, dans le jardin aux abords et dans les deux salles de spectacle au c\u0153ur d\u2019Illkirch-Graffenstaden, ainsi que dans diff\u00e9rents lieux \u2013 \u00e9glise Saint-Symphorien ou restaurants de la ville.<\/p>\n<p>Ce jeudi de l\u2019Ascension 29\u00a0mai, 1\u00a0200 personnes se sont retrouv\u00e9es au jardin de l\u2019Illiade, autour de&#8230;<\/p>\n","protected":false},"excerpt":{"rendered":"Parfois ringardis\u00e9 ou renvoy\u00e9 \u00e0 l\u2019image des bals de l\u2019apr\u00e8s-guerre , l\u2019accord\u00e9on a-t-il le vent en poupe\u00a0? \u00c0&hellip;\n","protected":false},"author":2,"featured_media":144554,"comment_status":"","ping_status":"","sticky":false,"template":"","format":"standard","meta":{"footnotes":""},"categories":[2820],"tags":[1111,11,1687,2880,1777,674,3326,107,1011,27,775,3088,873,12,4043,25,953,640,3089],"class_list":{"0":"post-144553","1":"post","2":"type-post","3":"status-publish","4":"format-standard","5":"has-post-thumbnail","7":"category-strasbourg","8":"tag-actu","9":"tag-actualites","10":"tag-culture-loisirs","11":"tag-edition-strasbourg","12":"tag-eu","13":"tag-europe","14":"tag-fete-locale","15":"tag-fil-info","16":"tag-fr","17":"tag-france","18":"tag-grand-est","19":"tag-illkirch-graffenstaden","20":"tag-musique","21":"tag-news","22":"tag-repas-et-the-dansant","23":"tag-republique-francaise","24":"tag-soiree","25":"tag-strasbourg","26":"tag-strasbourg-sud"},"share_on_mastodon":{"url":"https:\/\/pubeurope.com\/@fr\/114609334838655266","error":""},"_links":{"self":[{"href":"https:\/\/www.europesays.com\/fr\/wp-json\/wp\/v2\/posts\/144553","targetHints":{"allow":["GET"]}}],"collection":[{"href":"https:\/\/www.europesays.com\/fr\/wp-json\/wp\/v2\/posts"}],"about":[{"href":"https:\/\/www.europesays.com\/fr\/wp-json\/wp\/v2\/types\/post"}],"author":[{"embeddable":true,"href":"https:\/\/www.europesays.com\/fr\/wp-json\/wp\/v2\/users\/2"}],"replies":[{"embeddable":true,"href":"https:\/\/www.europesays.com\/fr\/wp-json\/wp\/v2\/comments?post=144553"}],"version-history":[{"count":0,"href":"https:\/\/www.europesays.com\/fr\/wp-json\/wp\/v2\/posts\/144553\/revisions"}],"wp:featuredmedia":[{"embeddable":true,"href":"https:\/\/www.europesays.com\/fr\/wp-json\/wp\/v2\/media\/144554"}],"wp:attachment":[{"href":"https:\/\/www.europesays.com\/fr\/wp-json\/wp\/v2\/media?parent=144553"}],"wp:term":[{"taxonomy":"category","embeddable":true,"href":"https:\/\/www.europesays.com\/fr\/wp-json\/wp\/v2\/categories?post=144553"},{"taxonomy":"post_tag","embeddable":true,"href":"https:\/\/www.europesays.com\/fr\/wp-json\/wp\/v2\/tags?post=144553"}],"curies":[{"name":"wp","href":"https:\/\/api.w.org\/{rel}","templated":true}]}}