{"id":144561,"date":"2025-06-01T17:43:15","date_gmt":"2025-06-01T17:43:15","guid":{"rendered":"https:\/\/www.europesays.com\/fr\/144561\/"},"modified":"2025-06-01T17:43:15","modified_gmt":"2025-06-01T17:43:15","slug":"la-grande-vague-de-hokusai-une-oeuvre-iconique-dans-le-monde-entier","status":"publish","type":"post","link":"https:\/\/www.europesays.com\/fr\/144561\/","title":{"rendered":"La Grande Vague de Hokusai, une oeuvre iconique dans le monde entier"},"content":{"rendered":"<p>La Grande Vague de Kanagawa est sans conteste <a href=\"https:\/\/nantes.maville.com\/actu\/actudet_-info-ouest-france.-le-grand-artiste-japonais-hokusai-expose-au-chateau-de-nantes-a-l-ete-2025-_52716-6114791_actu.Htm\" target=\"_self\" rel=\"nofollow noopener\">la plus embl\u00e9matique des \u0153uvres d\u2019Hokusai.<\/a> Imprim\u00e9e sur des billets de banque ou les passeports japonais, ayant m\u00eame son propre \u00e9moji, elle a trouv\u00e9 sa place dans la culture populaire, partout sur la plan\u00e8te.<strong> \u00ab\u00a0Comme le sourire de la Joconde\u00a0\u00bb,<\/strong> compare Bertrand Guillet, le directeur du ch\u00e2teau des ducs de Bretagne. Et comme pour L\u00e9onard de Vinci, ce n\u2019est sans doute pas un hasard.<\/p>\n<p><strong>Lire aussi :<\/strong> <a href=\"https:\/\/nantes.maville.com\/actu\/actudet_-qui-etait-hokusai-le-plus-celebre-des-peintres-japonais-expose-au-chateau-de-nantes-cet-ete-_8-6833885_actu.Htm\" rel=\"nofollow noopener\" target=\"_blank\">Qui \u00e9tait Hokusai, le plus c\u00e9l\u00e8bre des peintres japonais, expos\u00e9 au ch\u00e2teau de Nantes cet \u00e9t\u00e9 ?<\/a><\/p>\n<p>La force de la nature, la fragilit\u00e9 de l\u2019homme<\/p>\n<p>Issue de la s\u00e9rie des Trente-six vues du mont Fuji, cette gravure semble au premier regard repr\u00e9senter une sc\u00e8ne simple\u00a0: des p\u00eacheurs face \u00e0 une immense vague pr\u00eate \u00e0 tout engloutir.<strong> \u00ab\u00a0Cette vague montre toute la force de la nature face \u00e0 la fragilit\u00e9 de l\u2019homme,<\/strong> d\u00e9taille Bertrand Guillet. <strong>Mais n\u2019oublions pas le mont Fuji, \u00e0 l\u2019arri\u00e8re-plan, qui illustre la permanence de la montagne \u00e9ternelle et sacr\u00e9e.\u00a0\u00bb<\/strong><\/p>\n<p>\u0152uvre hybride, La Grande Vague est aussi int\u00e9ressante dans sa composition\u00a0: <strong>\u00ab\u00a0Le premier plan est dynamique, le second plus statique, comme immuable. Cette image est \u00e0 la fois totalement japonaise et tr\u00e8s occidentale, par les dispositifs sur lesquels elle s\u2019appuie\u00a0: la perspective lin\u00e9aire et l\u2019utilisation du bleu de Prusse, une teinture synth\u00e9tique import\u00e9e massivement au Japon \u00e0 partir des ann\u00e9es 1820.\u00a0\u00bb<\/strong><\/p>\n<p><strong>Lire aussi :<\/strong>\u00a0<a href=\"https:\/\/nantes.maville.com\/actu\/actudet_--hokusai-au-chateau-de-nantes-une-exposition-a-475-000-e-sur-ce-monument-de-la-culture-nippone-_8-6833542_actu.Htm\" target=\"_self\" rel=\"nofollow noopener\">\u00ab Hokusai \u00bb au ch\u00e2teau de Nantes, une exposition \u00e0 475 000 \u20ac sur ce monument de la culture nippone<\/a><\/p>\n<p>Cette perspective occidentale est d\u2019autant plus surprenante qu\u2019Hokusai n\u2019a jamais quitt\u00e9 le Japon, pays ferm\u00e9 \u00e0 l\u2019\u00e9tranger depuis deux si\u00e8cles quand il peint cette s\u00e9rie, vers 1830-1834. <strong>\u00ab\u00a0C\u2019\u00e9tait compl\u00e8tement novateur,<\/strong> juge le commissaire de l\u2019exposition. <strong>Ces r\u00e9f\u00e9rences \u00e0 l\u2019Occident participent sans doute \u00e0 la dimension syncr\u00e9tique de cette \u0153uvre et \u00e0 son universalit\u00e9.\u00a0\u00bb<\/strong><\/p>\n<p> <strong>Hokusai (1760-1849), chefs-d\u2019\u0153uvre du mus\u00e9e Hokusai-kan d\u2019Obuse,<\/strong>  du samedi 28\u00a0juin au dimanche 7\u00a0septembre, tous les jours de 10\u00a0h \u00e0 19\u00a0h, au ch\u00e2teau des ducs de Bretagne, mus\u00e9e d\u2019histoire de Nantes. <a href=\"https:\/\/nantes.maville.com\/actu\/actudet_-12-000-billets-vendus-en-une-journee-raz-de-maree-pour-l-exposition-hokusai-a-nantes-_8-6795643_actu.Htm\" target=\"_self\" rel=\"nofollow noopener\">R\u00e9servation d\u2019un cr\u00e9neau de visite<\/a> (y compris pour les entr\u00e9es gratuites) via <a href=\"https:\/\/reservation.chateaunantes.fr\/selection\/timeslotpass?productId=10229358544973&amp;gtmStepTracking=true\" target=\"_blank\" rel=\"nofollow noopener\">reservation.chateaunantes.fr,<\/a> 9 \u20ac, 5 \u20ac moins de 26 ans, gratuit moins de18 ans.<\/p>\n<p>\u00a0<\/p>\n","protected":false},"excerpt":{"rendered":"La Grande Vague de Kanagawa est sans conteste la plus embl\u00e9matique des \u0153uvres d\u2019Hokusai. Imprim\u00e9e sur des billets&hellip;\n","protected":false},"author":2,"featured_media":144562,"comment_status":"","ping_status":"","sticky":false,"template":"","format":"standard","meta":{"footnotes":""},"categories":[2818],"tags":[1111,11,27321,1777,674,1011,27,4027,18699,27320,74,766,12,2009,2636,25,27319],"class_list":{"0":"post-144561","1":"post","2":"type-post","3":"status-publish","4":"format-standard","5":"has-post-thumbnail","7":"category-nantes","8":"tag-actu","9":"tag-actualites","10":"tag-entier","11":"tag-eu","12":"tag-europe","13":"tag-fr","14":"tag-france","15":"tag-grande","16":"tag-hokusai","17":"tag-iconique","18":"tag-monde","19":"tag-nantes","20":"tag-news","21":"tag-oeuvre","22":"tag-pays-de-la-loire","23":"tag-republique-francaise","24":"tag-vague"},"share_on_mastodon":{"url":"https:\/\/pubeurope.com\/@fr\/114609350544919371","error":""},"_links":{"self":[{"href":"https:\/\/www.europesays.com\/fr\/wp-json\/wp\/v2\/posts\/144561","targetHints":{"allow":["GET"]}}],"collection":[{"href":"https:\/\/www.europesays.com\/fr\/wp-json\/wp\/v2\/posts"}],"about":[{"href":"https:\/\/www.europesays.com\/fr\/wp-json\/wp\/v2\/types\/post"}],"author":[{"embeddable":true,"href":"https:\/\/www.europesays.com\/fr\/wp-json\/wp\/v2\/users\/2"}],"replies":[{"embeddable":true,"href":"https:\/\/www.europesays.com\/fr\/wp-json\/wp\/v2\/comments?post=144561"}],"version-history":[{"count":0,"href":"https:\/\/www.europesays.com\/fr\/wp-json\/wp\/v2\/posts\/144561\/revisions"}],"wp:featuredmedia":[{"embeddable":true,"href":"https:\/\/www.europesays.com\/fr\/wp-json\/wp\/v2\/media\/144562"}],"wp:attachment":[{"href":"https:\/\/www.europesays.com\/fr\/wp-json\/wp\/v2\/media?parent=144561"}],"wp:term":[{"taxonomy":"category","embeddable":true,"href":"https:\/\/www.europesays.com\/fr\/wp-json\/wp\/v2\/categories?post=144561"},{"taxonomy":"post_tag","embeddable":true,"href":"https:\/\/www.europesays.com\/fr\/wp-json\/wp\/v2\/tags?post=144561"}],"curies":[{"name":"wp","href":"https:\/\/api.w.org\/{rel}","templated":true}]}}