{"id":144565,"date":"2025-06-01T17:45:11","date_gmt":"2025-06-01T17:45:11","guid":{"rendered":"https:\/\/www.europesays.com\/fr\/144565\/"},"modified":"2025-06-01T17:45:11","modified_gmt":"2025-06-01T17:45:11","slug":"ces-deux-chateaux-de-la-metropole-de-bordeaux-sont-vendus-aux-encheres","status":"publish","type":"post","link":"https:\/\/www.europesays.com\/fr\/144565\/","title":{"rendered":"ces deux ch\u00e2teaux de la m\u00e9tropole de Bordeaux sont vendus aux ench\u00e8res"},"content":{"rendered":"<p>            Par<br \/>\n        <strong><br \/>\n            <a href=\"https:\/\/actu.fr\/auteur\/juliette-cardinale\" title=\"Consulter tous les articles de Juliette Cardinale\" rel=\"nofollow noopener\" target=\"_blank\">Juliette Cardinale<\/a><br \/>\n        <\/strong><\/p>\n<p>        Publi\u00e9 le<\/p>\n<p>            1 juin 2025 \u00e0 16h32        <\/p>\n<p>Alerte immo ! Deux villes de la m\u00e9tropole <a href=\"https:\/\/actu.fr\/bordeaux\/\" rel=\"nofollow noopener\" target=\"_blank\">de Bordeaux<\/a> <strong>se s\u00e9parent de biens d\u2019exception.<\/strong> Blanquefort comme Lormont vont vendre aux ench\u00e8res un ch\u00e2teau, dans une d\u00e9marche de gestion et valorisation responsable de leur patrimoine.<\/p>\n<p class=\" wall-content\">Les deux biens sont vendus via Agorastore, une entreprise sp\u00e9cialis\u00e9e dans la vente aux ench\u00e8res en ligne de biens <a href=\"https:\/\/actu.fr\/tag\/immobilier\" rel=\"nofollow noopener\" target=\"_blank\">immobiliers<\/a> provenant d\u2019entit\u00e9s publiques. \u00ab\u00a0Le vendeur conserve <strong>la libert\u00e9 de choisir l\u2019offre de son choix,<\/strong> et non n\u00e9cessairement la plus \u00e9lev\u00e9e\u00a0\u00bb, explique la soci\u00e9t\u00e9.<\/p>\n<p class=\" wall-content\">La\u00a0<strong>visite est obligatoire<\/strong>\u00a0(sur inscription jusqu\u2019au 4 juin) pour participer aux deux ench\u00e8res, qui auront lieu\u00a0en ligne du 24 au 26 juin prochain.<\/p>\n<p>Le ch\u00e2teau des Iris \u00e0 Lormont<\/p>\n<p class=\" wall-content\">Le ch\u00e2teau vendu par la ville<a href=\"https:\/\/actu.fr\/nouvelle-aquitaine\/lormont_33249\" rel=\"nofollow noopener\" target=\"_blank\"> de Lormont<\/a> a \u00e9t\u00e9 construit en 1865 par l\u2019architecte G. Bouluguet dans le style Louis XIII. Il s\u2019agit d\u2019une demeure de\u00a01 634 m\u00e8tres carr\u00e9s, avec deux \u00e9tages et des combles, situ\u00e9e en lisi\u00e8re d\u2019un parc public, le parc de l\u2019Ermitage Sainte-Catherine.<\/p>\n<p class=\" wall-content\">Ancien centre de vacances, le ch\u00e2teau des Iris n\u2019est plus utilis\u00e9 pour une mission de service public aujourd\u2019hui. D\u2019apr\u00e8s le PLUi, \u00ab\u00a0seules les occupations directement li\u00e9es aux activit\u00e9s de service public ou <strong>d\u2019int\u00e9r\u00eat collectif<\/strong> y sont autoris\u00e9es (hors logements, h\u00f4tels, commerces ou bureaux priv\u00e9s)\u00a0\u00bb, souligne Agorastore.<\/p>\n<p>Vid\u00e9os : en ce moment sur Actu<br \/>\n    <img   decoding=\"async\" loading=\"lazy\" src=\"https:\/\/www.europesays.com\/fr\/wp-content\/uploads\/2025\/06\/vente-encheres-chateau-lormont-agorastore-960x640.jpg\" alt=\"Le ch\u00e2teaux des Iris, \u00e0 Lormont, est vendu aux ench\u00e8res en juin 2025.\" width=\"960\" height=\"640\"\/><br \/>\n    Le ch\u00e2teaux des Iris, \u00e0 Lormont, est situ\u00e9 en lisi\u00e8re d\u2019un parc public. (\u00a9Agorastore)<\/p>\n<p class=\" wall-content\">Tout projet respectant les r\u00e8gles d\u2019urbanisme sera \u00e9tudi\u00e9. \u00ab\u00a0Le rez-de-chauss\u00e9e, aujourd\u2019hui occup\u00e9, sera <strong>lib\u00e9r\u00e9 \u00e0 la vente.<\/strong> Non assujetti \u00e0 la taxe fonci\u00e8re, ce patrimoine d\u2019exception s\u2019adresse \u00e0 des porteurs de projet souhaitant concilier r\u00e9habilitation et utilit\u00e9 collective\u00a0\u00bb, ajoute la soci\u00e9t\u00e9 de vente aux ench\u00e8res.<\/p>\n<p class=\" wall-content\">La\u00a0mise \u00e0 prix initiale est de <strong>750 000 euros TTC<\/strong>. Pensez \u00e0 <a href=\"https:\/\/www.agorastore.fr\/vente-occasion\/immobilier\/bien-historique\/chateau-1-634-m-lormont-33-373396.aspx\" rel=\"nofollow noopener\" target=\"_blank\">s\u2019inscrire pour les visites.<\/a><\/p>\n<p>Le ch\u00e2teau de Maurian \u00e0 Blanquefort<\/p>\n<p class=\" wall-content\">Au nord de Bordeaux, la ville <a href=\"https:\/\/actu.fr\/nouvelle-aquitaine\/blanquefort_33056\" rel=\"nofollow noopener\" target=\"_blank\">de Blanquefort<\/a> met en vente le <strong>ch\u00e2teau de Maurian.<\/strong> Acquis par la commune en 1976, il a \u00e9t\u00e9 occup\u00e9 par le Centre d\u2019\u00c9tudes Sup\u00e9rieures Industrielles (CESI) jusqu\u2019en 2018 mais n\u2019est aujourd\u2019hui plus utilis\u00e9.\u00a0<\/p>\n<p class=\" wall-content\">Le ch\u00e2teau de 430 m\u00e8tres carr\u00e9s est situ\u00e9 sur un terrain constructible de 1,9 hectare. Il comprend un b\u00e2timent principal d\u2019un \u00e9tage avec combles, <strong>\u00e0 r\u00e9nover enti\u00e8rement,<\/strong> accompagn\u00e9 de caves, bureaux et locaux sociaux. Le domaine est vendu<strong>\u00a0libre de toute occupation<\/strong>\u00a0et n\u2019est pas inscrit au titre des Monuments historiques.\u00a0<\/p>\n<p><a class=\"jo-module-caroussel__img-container\" href=\"https:\/\/static.actu.fr\/uploads\/2025\/06\/facade-chateau-blanquefort-en-vente-gironde-agorastore.jpg\" title=\"Agrandir la photo La ville de Blanquefort vend le ch\u00e2teau de Maurian.  (\u00a9 Agorastore)\" data-idx=\"1\" rel=\"nofollow noopener\" target=\"_blank\"><br \/>\n    <img decoding=\"async\" class=\"jo-module-caroussel__img\" loading=\"lazy\" src=\"https:\/\/www.europesays.com\/fr\/wp-content\/uploads\/2025\/06\/facade-chateau-blanquefort-en-vente-gironde-agorastore-640x427.jpg\" alt=\"La ville de Blanquefort vend le ch\u00e2teau de Maurian.  (\u00a9 Agorastore)\" width=\"640\" height=\"427\"\/><\/a><a class=\"jo-module-caroussel__img-container\" href=\"https:\/\/static.actu.fr\/uploads\/2025\/06\/chateau-blanquefort-en-vente-gironde-agorastore.jpg\" title=\"Agrandir la photo Le b\u00e2timent est sur un terrain d\u20191,9 hectare. (\u00a9 Agorastore)\" data-idx=\"2\" rel=\"nofollow noopener\" target=\"_blank\"><br \/>\n    <img decoding=\"async\" class=\"jo-module-caroussel__img\" loading=\"lazy\" src=\"https:\/\/www.europesays.com\/fr\/wp-content\/uploads\/2025\/06\/chateau-blanquefort-en-vente-gironde-agorastore-640x427.jpg\" alt=\"Le b\u00e2timent est sur un terrain d\u20191,9 hectare. (\u00a9 Agorastore)\" width=\"640\" height=\"427\"\/><\/a><\/p>\n<p class=\" wall-content\">\u00ab\u00a0Le terrain attenant, compos\u00e9 de parkings et d\u2019espaces bois\u00e9s, permet d\u2019envisager <strong>un projet m\u00ealant habitat, bureaux et \u00e9quipements\u00a0\u00bb,<\/strong> pr\u00e9cise Agorastore. Le futur projet doit correspondre au cahier d\u2019orientations urbains <a href=\"https:\/\/www.agorastore.fr\/vente-occasion\/immobilier\/immeuble\/chateau-430-m-foncier-a-batir-1-9-ha-blanquefort-33-372443.aspx\" rel=\"nofollow noopener\" target=\"_blank\">fourni dans l\u2019annonce.<\/a> Les candidats int\u00e9ress\u00e9s doivent remettre un dossier complet avant le 24 juin \u00e0 12h.<\/p>\n<p class=\" wall-content\">Sa mise \u00e0 prix initiale est de <strong>1 600 000 euros TTC.<\/strong> Penser \u00e0 <a href=\"https:\/\/www.agorastore.fr\/vente-occasion\/immobilier\/immeuble\/chateau-430-m-foncier-a-batir-1-9-ha-blanquefort-33-372443.aspx\" rel=\"nofollow noopener\" target=\"_blank\">s\u2019inscrire pour les visites.<\/a><\/p>\n<p class=\" wall-content\">Suivez toute l\u2019actualit\u00e9 de vos villes et m\u00e9dias favoris en vous inscrivant \u00e0 <a href=\"https:\/\/moncompte.actu.fr\" title=\"D\u00e9couvez Mon Actu\" rel=\"nofollow noopener\" data-trk=\"{&quot;cta&quot;:{&quot;action&quot;:&quot;https:\\\/\\\/moncompte.actu.fr&quot;,&quot;category&quot;:&quot;mon compte&quot;,&quot;from&quot;:&quot;article footer&quot;,&quot;name&quot;:&quot;Mon actu&quot;,&quot;type&quot;:&quot;cta&quot;}}\" target=\"_blank\">Mon Actu<\/a>.<\/p>\n","protected":false},"excerpt":{"rendered":"Par Juliette Cardinale Publi\u00e9 le 1 juin 2025 \u00e0 16h32 Alerte immo ! Deux villes de la m\u00e9tropole&hellip;\n","protected":false},"author":2,"featured_media":144566,"comment_status":"","ping_status":"","sticky":false,"template":"","format":"standard","meta":{"footnotes":""},"categories":[2817],"tags":[1111,11,1997,2904,1777,674,1011,27,1116,12,2219,2551,25,104],"class_list":{"0":"post-144565","1":"post","2":"type-post","3":"status-publish","4":"format-standard","5":"has-post-thumbnail","7":"category-bordeaux","8":"tag-actu","9":"tag-actualites","10":"tag-bordeaux","11":"tag-bordeaux-metropole","12":"tag-eu","13":"tag-europe","14":"tag-fr","15":"tag-france","16":"tag-immobilier","17":"tag-news","18":"tag-nouvelle-aquitaine","19":"tag-patrimoine","20":"tag-republique-francaise","21":"tag-societe"},"share_on_mastodon":{"url":"https:\/\/pubeurope.com\/@fr\/114609358403293665","error":""},"_links":{"self":[{"href":"https:\/\/www.europesays.com\/fr\/wp-json\/wp\/v2\/posts\/144565","targetHints":{"allow":["GET"]}}],"collection":[{"href":"https:\/\/www.europesays.com\/fr\/wp-json\/wp\/v2\/posts"}],"about":[{"href":"https:\/\/www.europesays.com\/fr\/wp-json\/wp\/v2\/types\/post"}],"author":[{"embeddable":true,"href":"https:\/\/www.europesays.com\/fr\/wp-json\/wp\/v2\/users\/2"}],"replies":[{"embeddable":true,"href":"https:\/\/www.europesays.com\/fr\/wp-json\/wp\/v2\/comments?post=144565"}],"version-history":[{"count":0,"href":"https:\/\/www.europesays.com\/fr\/wp-json\/wp\/v2\/posts\/144565\/revisions"}],"wp:featuredmedia":[{"embeddable":true,"href":"https:\/\/www.europesays.com\/fr\/wp-json\/wp\/v2\/media\/144566"}],"wp:attachment":[{"href":"https:\/\/www.europesays.com\/fr\/wp-json\/wp\/v2\/media?parent=144565"}],"wp:term":[{"taxonomy":"category","embeddable":true,"href":"https:\/\/www.europesays.com\/fr\/wp-json\/wp\/v2\/categories?post=144565"},{"taxonomy":"post_tag","embeddable":true,"href":"https:\/\/www.europesays.com\/fr\/wp-json\/wp\/v2\/tags?post=144565"}],"curies":[{"name":"wp","href":"https:\/\/api.w.org\/{rel}","templated":true}]}}