{"id":144573,"date":"2025-06-01T17:50:09","date_gmt":"2025-06-01T17:50:09","guid":{"rendered":"https:\/\/www.europesays.com\/fr\/144573\/"},"modified":"2025-06-01T17:50:09","modified_gmt":"2025-06-01T17:50:09","slug":"un-cycliste-fait-une-chute-et-un-malaise-sur-la-course-lille","status":"publish","type":"post","link":"https:\/\/www.europesays.com\/fr\/144573\/","title":{"rendered":"Un cycliste fait une chute et un malaise sur la course Lille"},"content":{"rendered":"<p>            Par<br \/>\n        <strong><br \/>\n            <a href=\"https:\/\/actu.fr\/auteur\/redaction-pasdecalais\" title=\"Consulter tous les articles de R\u00e9daction Pas de Calais\" rel=\"nofollow noopener\" target=\"_blank\">R\u00e9daction Pas de Calais<\/a><br \/>\n        <\/strong><\/p>\n<p>        Publi\u00e9 le<\/p>\n<p>            1 juin 2025 \u00e0 17h40        <\/p>\n<p>Les secours sont parvenus \u00e0 sauver la victime. Ce dimanche 1er juin 2025,<b> un coureur cycliste a fait une chute et un malaise sur la course Lille \u2013 Hardelot<\/b>. Les sapeurs-pompiers sont intervenus \u00e0 <b>Halinghen<\/b>, petite commune du <a href=\"https:\/\/actu.fr\/pas-de-calais\/\" rel=\"nofollow noopener\" target=\"_blank\">Pas-de-Calais<\/a>. Explications.\u00a0<\/p>\n<p>Un homme de 60 ans en arr\u00eat cardio-respiratoire<\/p>\n<p class=\" wall-content\">Les sapeurs-pompiers de la caserne d\u2019Etaples sont intervenus vers 14h dans le hameau le Haut Pichot \u00e0 Halinghen pour \u00ab\u00a0un coureur cycliste de la course Lille \u2013 Hardelot ayant chut\u00e9\u00a0\u00bb, souligne le Service d\u00e9partemental d\u2019incendie et de secours (Sdis).\u00a0<\/p>\n<p class=\" wall-content\">\u00c0 l\u2019arriv\u00e9e des secours,<b> un homme de 60 ans \u00e9tait en arr\u00eat cardio-respiratoire<\/b>. \u00ab\u00a0Les soins prodigu\u00e9s en collaboration avec l\u2019\u00e9quipe m\u00e9dicale du SMUR Boulogne ont permis de stabiliser la victime\u00a0\u00bb, est-il pr\u00e9cis\u00e9. Le sexag\u00e9naire a \u00e9t\u00e9 transport\u00e9 vers l\u2019h\u00f4pital de Boulogne-sur-Mer.\u00a0<\/p>\n<p class=\" wall-content\">Suivez toute l\u2019actualit\u00e9 de vos villes et m\u00e9dias favoris en vous inscrivant \u00e0 <a href=\"https:\/\/moncompte.actu.fr\" title=\"D\u00e9couvez Mon Actu\" rel=\"nofollow noopener\" data-trk=\"{&quot;cta&quot;:{&quot;action&quot;:&quot;https:\\\/\\\/moncompte.actu.fr&quot;,&quot;category&quot;:&quot;mon compte&quot;,&quot;from&quot;:&quot;article footer&quot;,&quot;name&quot;:&quot;Mon actu&quot;,&quot;type&quot;:&quot;cta&quot;}}\" target=\"_blank\">Mon Actu<\/a>.<\/p>\n","protected":false},"excerpt":{"rendered":"Par R\u00e9daction Pas de Calais Publi\u00e9 le 1 juin 2025 \u00e0 17h40 Les secours sont parvenus \u00e0 sauver&hellip;\n","protected":false},"author":2,"featured_media":144574,"comment_status":"","ping_status":"","sticky":false,"template":"","format":"standard","meta":{"footnotes":""},"categories":[2815],"tags":[1111,11,1777,674,118,1011,27,811,1307,12,1311,25],"class_list":{"0":"post-144573","1":"post","2":"type-post","3":"status-publish","4":"format-standard","5":"has-post-thumbnail","7":"category-lille","8":"tag-actu","9":"tag-actualites","10":"tag-eu","11":"tag-europe","12":"tag-faits-divers","13":"tag-fr","14":"tag-france","15":"tag-hauts-de-france","16":"tag-lille","17":"tag-news","18":"tag-pompiers","19":"tag-republique-francaise"},"share_on_mastodon":{"url":"https:\/\/pubeurope.com\/@fr\/114609377982348736","error":""},"_links":{"self":[{"href":"https:\/\/www.europesays.com\/fr\/wp-json\/wp\/v2\/posts\/144573","targetHints":{"allow":["GET"]}}],"collection":[{"href":"https:\/\/www.europesays.com\/fr\/wp-json\/wp\/v2\/posts"}],"about":[{"href":"https:\/\/www.europesays.com\/fr\/wp-json\/wp\/v2\/types\/post"}],"author":[{"embeddable":true,"href":"https:\/\/www.europesays.com\/fr\/wp-json\/wp\/v2\/users\/2"}],"replies":[{"embeddable":true,"href":"https:\/\/www.europesays.com\/fr\/wp-json\/wp\/v2\/comments?post=144573"}],"version-history":[{"count":0,"href":"https:\/\/www.europesays.com\/fr\/wp-json\/wp\/v2\/posts\/144573\/revisions"}],"wp:featuredmedia":[{"embeddable":true,"href":"https:\/\/www.europesays.com\/fr\/wp-json\/wp\/v2\/media\/144574"}],"wp:attachment":[{"href":"https:\/\/www.europesays.com\/fr\/wp-json\/wp\/v2\/media?parent=144573"}],"wp:term":[{"taxonomy":"category","embeddable":true,"href":"https:\/\/www.europesays.com\/fr\/wp-json\/wp\/v2\/categories?post=144573"},{"taxonomy":"post_tag","embeddable":true,"href":"https:\/\/www.europesays.com\/fr\/wp-json\/wp\/v2\/tags?post=144573"}],"curies":[{"name":"wp","href":"https:\/\/api.w.org\/{rel}","templated":true}]}}