{"id":144575,"date":"2025-06-01T17:51:09","date_gmt":"2025-06-01T17:51:09","guid":{"rendered":"https:\/\/www.europesays.com\/fr\/144575\/"},"modified":"2025-06-01T17:51:09","modified_gmt":"2025-06-01T17:51:09","slug":"un-itineraire-fleche-en-projet-pour-mettre-en-valeur-le-patrimoine-militaire-des-goudes","status":"publish","type":"post","link":"https:\/\/www.europesays.com\/fr\/144575\/","title":{"rendered":"un itin\u00e9raire fl\u00e9ch\u00e9 en projet pour mettre en valeur le patrimoine militaire des Goudes"},"content":{"rendered":"<p>Ce projet, Bernard Descal\u00e8s le nourrit depuis des ann\u00e9es avec l\u2019antenne proven\u00e7ale de l\u2019association Vauban, dont il est le d\u00e9l\u00e9gu\u00e9 r\u00e9gional et l\u2019administrateur. Il y a si longtemps qu\u2019il arpente ces collines que l\u2019id\u00e9e a naturellement fait son chemin. Spot de choix pour de revigorantes balades, le site des Goudes foisonne de vestiges militaires, mais en sillonnant ces calanques, bien peu de promeneurs connaissent leur origine et leur vocation initiale. Certains ne se doutent m\u00eame pas de c\u00f4toyer des pans d\u2019Histoire.<\/p>\n<p>Aussi, en randonneurs avertis, Bernard Descal\u00e8s et les autres membres de l\u2019association ont imagin\u00e9 un parcours p\u00e9dagogique permettant, \u00e0 la fois, de guider et d\u2019informer les promeneurs. Ces derniers emprunteraient, alors, un sentier balis\u00e9 et jalonn\u00e9, notamment, par des batteries (des plateformes \u00e0 canon) et autres bunkers, autant d\u2019anciennes constructions qui, par respect pour l\u2019Histoire, m\u00e9riteraient d\u2019\u00eatre observ\u00e9es avec un \u0153il avis\u00e9.<\/p>\n<p>\u00ab\u00a0Expliquer et mettre en valeur le patrimoine\u00a0\u00bb<\/p>\n<p>Mentionnant la d\u00e9nomination, la date d\u2019\u00e9dification et la fonction pr\u00e9cise, des panneaux (\u00ab\u00a0d\u00e9j\u00e0 pr\u00eats\u00a0\u00bb, signale Bernard Descal\u00e8s) seraient install\u00e9s devant chacune d\u2019entre-elles, en collaboration avec l\u2019Office du tourisme de Marseille qui a pr\u00e9par\u00e9 ces pancartes avec le support technique de l\u2019association et organis\u00e9 les r\u00e9unions de pr\u00e9paration entre les CIQ, le Parc national des Calanques et la mairie (locale et centrale). Le concept n\u2019attend plus que l\u2019aval des services de l\u2019\u00c9tat, signale-t-on au sein de l\u2019association Vauban, pour se concr\u00e9tiser sur le terrain.<\/p>\n","protected":false},"excerpt":{"rendered":"Ce projet, Bernard Descal\u00e8s le nourrit depuis des ann\u00e9es avec l\u2019antenne proven\u00e7ale de l\u2019association Vauban, dont il est&hellip;\n","protected":false},"author":2,"featured_media":144576,"comment_status":"","ping_status":"","sticky":false,"template":"","format":"standard","meta":{"footnotes":""},"categories":[2814],"tags":[17,1111,11,1777,674,20601,1011,27,13339,884,7557,12,471,1095,882,16,25,27322],"class_list":{"0":"post-144575","1":"post","2":"type-post","3":"status-publish","4":"format-standard","5":"has-post-thumbnail","7":"category-marseille","8":"tag-17","9":"tag-actu","10":"tag-actualites","11":"tag-eu","12":"tag-europe","13":"tag-fleche","14":"tag-fr","15":"tag-france","16":"tag-itineraire","17":"tag-marseille","18":"tag-mettre","19":"tag-news","20":"tag-pour","21":"tag-projet","22":"tag-provence-alpes-cote-dazur","23":"tag-region","24":"tag-republique-francaise","25":"tag-valeur"},"share_on_mastodon":{"url":"https:\/\/pubeurope.com\/@fr\/114609381969432384","error":""},"_links":{"self":[{"href":"https:\/\/www.europesays.com\/fr\/wp-json\/wp\/v2\/posts\/144575","targetHints":{"allow":["GET"]}}],"collection":[{"href":"https:\/\/www.europesays.com\/fr\/wp-json\/wp\/v2\/posts"}],"about":[{"href":"https:\/\/www.europesays.com\/fr\/wp-json\/wp\/v2\/types\/post"}],"author":[{"embeddable":true,"href":"https:\/\/www.europesays.com\/fr\/wp-json\/wp\/v2\/users\/2"}],"replies":[{"embeddable":true,"href":"https:\/\/www.europesays.com\/fr\/wp-json\/wp\/v2\/comments?post=144575"}],"version-history":[{"count":0,"href":"https:\/\/www.europesays.com\/fr\/wp-json\/wp\/v2\/posts\/144575\/revisions"}],"wp:featuredmedia":[{"embeddable":true,"href":"https:\/\/www.europesays.com\/fr\/wp-json\/wp\/v2\/media\/144576"}],"wp:attachment":[{"href":"https:\/\/www.europesays.com\/fr\/wp-json\/wp\/v2\/media?parent=144575"}],"wp:term":[{"taxonomy":"category","embeddable":true,"href":"https:\/\/www.europesays.com\/fr\/wp-json\/wp\/v2\/categories?post=144575"},{"taxonomy":"post_tag","embeddable":true,"href":"https:\/\/www.europesays.com\/fr\/wp-json\/wp\/v2\/tags?post=144575"}],"curies":[{"name":"wp","href":"https:\/\/api.w.org\/{rel}","templated":true}]}}