{"id":144577,"date":"2025-06-01T17:52:09","date_gmt":"2025-06-01T17:52:09","guid":{"rendered":"https:\/\/www.europesays.com\/fr\/144577\/"},"modified":"2025-06-01T17:52:09","modified_gmt":"2025-06-01T17:52:09","slug":"la-hausse-des-temperatures-a-plonge-marseille-dans-le-brouillard-des-entrees-maritimes","status":"publish","type":"post","link":"https:\/\/www.europesays.com\/fr\/144577\/","title":{"rendered":"la hausse des temp\u00e9ratures a plong\u00e9 Marseille dans le brouillard des entr\u00e9es maritimes"},"content":{"rendered":"<p>Brouillard ? Incendie ? Ni l\u2019un, ni l\u2019autre. Ce sont des entr\u00e9es maritimes. Sur le littoral marseillais, entre la Joliette et la Pointe-Rouge, en passant par le Vieux-Port, habitants et touristes s\u2019\u00e9tonnent ou s\u2019inqui\u00e8tent, ce dimanche matin, de voir une brume \u00e9paisse et grise ou des \u00ab\u00a0fum\u00e9es\u00a0\u00bb se d\u00e9placer et camoufler le soleil. Rassurez-vous, il s\u2019agit simplement d\u2019un ph\u00e9nom\u00e8ne m\u00e9t\u00e9orologique classique et fr\u00e9quent au printemps, provoqu\u00e9 par <a href=\"https:\/\/www.laprovence.com\/article\/region\/16890540589121\/meteo-jusqua-34-c-dans-le-vaucluse-de-fortes-temperatures-ce-vendredi-en-provence\" target=\"_blank\" rel=\"noopener\">la diff\u00e9rence de temp\u00e9ratures<\/a> en l\u2019air et la mer.<\/p>\n<p>Paul Marquis, m\u00e9t\u00e9orologue ind\u00e9pendant pour e-M\u00e9t\u00e9o Service pr\u00e9cise\u00a0: \u00ab\u00a0Au large de Marseille, la temp\u00e9rature de l\u2019eau est \u00e0 18 degr\u00e9s et celle de l\u2019air est \u00e0 28. Un petit vent de Sud s\u2019ajoute et pousse l\u2019humidit\u00e9 vers les terres, ce d\u00e9calage cr\u00e9\u00e9 un ph\u00e9nom\u00e8ne appel\u00e9 entr\u00e9es maritimes\u00a0\u00bb.<\/p>\n<p>En fait, la mer est fra\u00eeche et la masse d\u2019air est chaude et tr\u00e8s humide. <a href=\"https:\/\/www.laprovence.com\/article\/ecoplanete\/80096523962959\/alerte-meteo-la-moitie-de-la-france-placee-en-vigilance-apres-des-records-de-chaleur-voici-les-previsions\" target=\"_blank\" rel=\"noopener\">De gros orages sont, en effet, attendus<\/a> dans le Centre-Est d\u2019ici la fin de la journ\u00e9e\u00a0: du Doubs \u00e0 la Dr\u00f4me, dix d\u00e9partements sont plac\u00e9s en vigilance orange ce dimanche par M\u00e9t\u00e9o-France. \u00ab\u00a0L\u2019atmosph\u00e8re est inhabituellement chaude partout dans l\u2019Hexagone. Le taux d\u2019humidit\u00e9 atteint actuellement 85% sur la C\u00f4te bleue et 90% \u00e0 Marseille\u00a0\u00bb, signale Paul Marquis.<\/p>\n<p>Ce ph\u00e9nom\u00e8ne dure quelques heures et se dissipe de mani\u00e8re al\u00e9atoire. Des entr\u00e9es maritimes ont \u00e9t\u00e9 observ\u00e9es en Camargue d\u00e8s ce matin, avant de filer vers le bord de la M\u00e9diterran\u00e9e et de revenir ce soir dans le sud d\u2019Arles.<\/p>\n<p>\u00c0 Marseille, elles laisseront place \u00e0 un temps nuageux et lourd ces deux prochains jours (25-27\u00b0 sont attendus, ressentis 30) puis \u00e0 la pluie mercredi. \u00ab\u00a0Ce n\u2019est qu\u2019une faiblesse de pression, rassure le m\u00e9t\u00e9orologue. On retrouvera un temps stable \u00e0 partir de jeudi et le beau temps s\u2019installera dans la dur\u00e9e. L\u2019\u00e9t\u00e9 est d\u00e9j\u00e0 l\u00e0\u00a0!\u00a0\u00bb<\/p>\n","protected":false},"excerpt":{"rendered":"Brouillard ? Incendie ? Ni l\u2019un, ni l\u2019autre. Ce sont des entr\u00e9es maritimes. Sur le littoral marseillais, entre&hellip;\n","protected":false},"author":2,"featured_media":144578,"comment_status":"","ping_status":"","sticky":false,"template":"","format":"standard","meta":{"footnotes":""},"categories":[2814],"tags":[17,1111,11,1446,154,436,1777,674,1011,27,4508,884,2487,12,5491,882,25,13209],"class_list":{"0":"post-144577","1":"post","2":"type-post","3":"status-publish","4":"format-standard","5":"has-post-thumbnail","7":"category-marseille","8":"tag-17","9":"tag-actu","10":"tag-actualites","11":"tag-dans","12":"tag-des","13":"tag-environnement","14":"tag-eu","15":"tag-europe","16":"tag-fr","17":"tag-france","18":"tag-hausse","19":"tag-marseille","20":"tag-meteo","21":"tag-news","22":"tag-plonge","23":"tag-provence-alpes-cote-dazur","24":"tag-republique-francaise","25":"tag-temperatures"},"share_on_mastodon":{"url":"https:\/\/pubeurope.com\/@fr\/114609385824644191","error":""},"_links":{"self":[{"href":"https:\/\/www.europesays.com\/fr\/wp-json\/wp\/v2\/posts\/144577","targetHints":{"allow":["GET"]}}],"collection":[{"href":"https:\/\/www.europesays.com\/fr\/wp-json\/wp\/v2\/posts"}],"about":[{"href":"https:\/\/www.europesays.com\/fr\/wp-json\/wp\/v2\/types\/post"}],"author":[{"embeddable":true,"href":"https:\/\/www.europesays.com\/fr\/wp-json\/wp\/v2\/users\/2"}],"replies":[{"embeddable":true,"href":"https:\/\/www.europesays.com\/fr\/wp-json\/wp\/v2\/comments?post=144577"}],"version-history":[{"count":0,"href":"https:\/\/www.europesays.com\/fr\/wp-json\/wp\/v2\/posts\/144577\/revisions"}],"wp:featuredmedia":[{"embeddable":true,"href":"https:\/\/www.europesays.com\/fr\/wp-json\/wp\/v2\/media\/144578"}],"wp:attachment":[{"href":"https:\/\/www.europesays.com\/fr\/wp-json\/wp\/v2\/media?parent=144577"}],"wp:term":[{"taxonomy":"category","embeddable":true,"href":"https:\/\/www.europesays.com\/fr\/wp-json\/wp\/v2\/categories?post=144577"},{"taxonomy":"post_tag","embeddable":true,"href":"https:\/\/www.europesays.com\/fr\/wp-json\/wp\/v2\/tags?post=144577"}],"curies":[{"name":"wp","href":"https:\/\/api.w.org\/{rel}","templated":true}]}}