{"id":144585,"date":"2025-06-01T17:58:10","date_gmt":"2025-06-01T17:58:10","guid":{"rendered":"https:\/\/www.europesays.com\/fr\/144585\/"},"modified":"2025-06-01T17:58:10","modified_gmt":"2025-06-01T17:58:10","slug":"quand-les-parkings-racontent-la-societe","status":"publish","type":"post","link":"https:\/\/www.europesays.com\/fr\/144585\/","title":{"rendered":"quand les parkings racontent la soci\u00e9t\u00e9"},"content":{"rendered":"<p><strong>UNE HEURE DANS LE BUREAU &#8211;<\/strong> Chaque lundi, un dirigeant ouvre sa porte au Figaro. C\u2019est au tour de S\u00e9bastien Fraisse, pr\u00e9sident du groupe Indigo.<\/p>\n<p class=\"fig-paragraph\">Quoi de mieux que Puteaux pour y installer les locaux d\u2019Indigo &#8211; leader mondial du stationnement et de la mobilit\u00e9 individuelle\u00a0?\u00a0<a href=\"http:\/\/www.lefigaro.fr\/societes\/immobilier-dans-un-marche-du-bureau-en-berne-le-quartier-de-la-defense-repart-20250107\" target=\"_blank\" data-fig-type=\"Article\" rel=\"noopener nofollow\" data-gtm-custom-categorie=\"navigation\" data-gtm-custom-action=\"crossclick\" data-gtm-custom-label=\"Contextuel\" data-gtm-event=\"customEventSPE\" data-fig-domain=\"LEFIGARO\">Le quartier de la D\u00e9fense,<\/a>\u00a0inaugur\u00e9 en septembre 1958, a \u00e9t\u00e9 imagin\u00e9 \u00e0 une \u00e9poque o\u00f9 prendre sa voiture pour se rendre au bureau \u00e9tait la norme. Les choses ont bien chang\u00e9.\u00a0<a href=\"http:\/\/www.lefigaro.fr\/decideurs\/management\/dans-les-tours-inspirantes-de-la-defense-la-creme-du-droit-francais-interdit-la-presence-au-bureau-apres-21-heures-20250302\" target=\"_blank\" data-fig-type=\"Article\" rel=\"noopener nofollow\" data-gtm-custom-categorie=\"navigation\" data-gtm-custom-action=\"crossclick\" data-gtm-custom-label=\"Contextuel\" data-gtm-event=\"customEventSPE\" data-fig-domain=\"LEFIGARO\">Le quartier d\u2019affaires<\/a>\u00a0essaie &#8211; tant bien que mal &#8211; de se transformer\u00a0<a href=\"http:\/\/www.lefigaro.fr\/decideurs\/vie-bureau\/j-ai-teste-un-trajet-a-velo-ubuesque-dans-la-jungle-de-la-defense-20230704\" target=\"_blank\" data-fig-type=\"Article\" rel=\"noopener nofollow\" data-gtm-custom-categorie=\"navigation\" data-gtm-custom-action=\"crossclick\" data-gtm-custom-label=\"Contextuel\" data-gtm-event=\"customEventSPE\" data-fig-domain=\"LEFIGARO\">pour y accueillir la mobilit\u00e9 douce<\/a>. Pistes cyclables et bornes de recharge pour v\u00e9hicules hybrides y ont d\u00e9sormais leur place. Et dans les parkings\u00a0? Il en est de m\u00eame\u00a0: des places pour les v\u00e9los, trottinettes et tout autre moyen de transport d\u2019aujourd\u2019hui qui n\u00e9cessitent d\u2019\u00eatre gar\u00e9s et recharg\u00e9s.<\/p>\n<p>\u00c0 l\u2019instar de la vie de parking, la vie de bureau \u00e9volue<\/p>\n<p class=\"fig-paragraph\">\u00ab\u00a0On observe une v\u00e9ritable reconqu\u00eate urbaine,\u00a0<a href=\"http:\/\/www.lefigaro.fr\/decideurs\/parole-patron\/chez-indigo-sebastien-fraisse-veut-faire-coexister-esprit-start-up-et-forces-traditionnelles-20240602\" target=\"_blank\" data-fig-type=\"Article\" rel=\"noopener nofollow\" data-gtm-custom-categorie=\"navigation\" data-gtm-custom-action=\"crossclick\" data-gtm-custom-label=\"Contextuel\" data-gtm-event=\"customEventSPE\" data-fig-domain=\"LEFIGARO\">glisse S\u00e9bastien Fraisse<\/a>. Il y a encore dix ans, il y avait une uniformit\u00e9 du besoin, de Paris \u00e0 Saint-Jean-de-Luz. Cela n\u2019est plus le cas.\u00a0\u00bb Cet X-Ponts conna\u00eet sur le bout des doigts l\u2019\u00e9volution des besoins en mati\u00e8re de stationnement et de d\u00e9placement puisqu\u2019il\u2026<\/p>\n<p class=\"fig-premium-paywall__infos\">\n        Cet article est r\u00e9serv\u00e9 aux abonn\u00e9s.        Il vous reste 75% \u00e0 d\u00e9couvrir.\n    <\/p>\n<p>                <img  data- alt=\"Le Figaro\" class=\"fig-img--complete fig-img\"\/><\/p>\n<p class=\"fig-premium-paywall__title\">Vente Flash<\/p>\n<p class=\"fig-premium-paywall__subtitle\">4,99\u20ac par mois pendant 12 mois. Sans engagement.<\/p>\n<p class=\"fig-premium-paywall__connect\">\n                D\u00e9j\u00e0 abonn\u00e9\u00a0?                <a class=\"fig-premium-paywall__connect-link\" href=\"https:\/\/connect.lefigaro.fr\/login?client=horizon_web&amp;type=main&amp;redirect_uri=https%3A%2F%2Fwww.lefigaro.fr%2Fdecideurs%2Fmanagement%2Fil-y-a-encore-dix-ans-il-y-avait-une-uniformite-du-besoin-de-paris-a-saint-jean-de-luz-quand-les-parkings-racontent-la-societe-20250601\" data-js-gtm=\"{&quot;customCategorie&quot;: &quot;conversion&quot;, &quot;customAction&quot;: &quot;before_Landing_Connexion_paywall_auto&quot;, &quot;customLabel&quot;: &quot;bGVmaWdhcm8uZnJfXzFmMDNhMWIxLWIxOTUtNmYxNi1hNGQ4LWRmMjE0NmNkYzA0NV9fQXJ0aWNsZQ==_\u00abIl y a encore dix ans, il y avait une uniformit\u00e9 du besoin, de Paris \u00e0 Saint-Jean-de-Luz\u00bb\u00a0: quand les parkings racontent la soci\u00e9t\u00e9_312&quot;, &quot;customIDSPE&quot;: &quot;bGVmaWdhcm8uZnJfXzFmMDNhMWIxLWIxOTUtNmYxNi1hNGQ4LWRmMjE0NmNkYzA0NV9fQXJ0aWNsZQ==&quot;, &quot;event&quot;: &quot;customEventSPE&quot;}\" rel=\"nofollow noopener\" target=\"_blank\"><br \/>\n                    Connectez-vous<br \/>\n                <\/a>\n            <\/p>\n","protected":false},"excerpt":{"rendered":"UNE HEURE DANS LE BUREAU &#8211; Chaque lundi, un dirigeant ouvre sa porte au Figaro. C\u2019est au tour&hellip;\n","protected":false},"author":2,"featured_media":144586,"comment_status":"","ping_status":"","sticky":false,"template":"","format":"standard","meta":{"footnotes":""},"categories":[1888],"tags":[1111,1928,15272,11,1927,15279,35,15280,15275,15278,15059,341,15273,15271,1777,674,1011,27,8329,15277,15276,12,1926,626,1925,16025,7099,25,801,15274,4752],"class_list":{"0":"post-144585","1":"post","2":"type-post","3":"status-publish","4":"format-standard","5":"has-post-thumbnail","7":"category-paris","8":"tag-actu","9":"tag-actu-paris","10":"tag-actualite-entreprise","11":"tag-actualites","12":"tag-actualites-paris","13":"tag-autoentreprise","14":"tag-business","15":"tag-creation-entreprise","16":"tag-creer-entreprise","17":"tag-creer-entreprises","18":"tag-droit-du-travail","19":"tag-emploi","20":"tag-entrepreneur","21":"tag-entrepreneurs","22":"tag-eu","23":"tag-europe","24":"tag-fr","25":"tag-france","26":"tag-gestion-entreprise","27":"tag-gestion-societe","28":"tag-manager-les-hommes","29":"tag-news","30":"tag-news-paris","31":"tag-paris","32":"tag-paris-news","33":"tag-parking","34":"tag-recrutement","35":"tag-republique-francaise","36":"tag-social","37":"tag-startups","38":"tag-voiture"},"share_on_mastodon":{"url":"https:\/\/pubeurope.com\/@fr\/114609409474897044","error":""},"_links":{"self":[{"href":"https:\/\/www.europesays.com\/fr\/wp-json\/wp\/v2\/posts\/144585","targetHints":{"allow":["GET"]}}],"collection":[{"href":"https:\/\/www.europesays.com\/fr\/wp-json\/wp\/v2\/posts"}],"about":[{"href":"https:\/\/www.europesays.com\/fr\/wp-json\/wp\/v2\/types\/post"}],"author":[{"embeddable":true,"href":"https:\/\/www.europesays.com\/fr\/wp-json\/wp\/v2\/users\/2"}],"replies":[{"embeddable":true,"href":"https:\/\/www.europesays.com\/fr\/wp-json\/wp\/v2\/comments?post=144585"}],"version-history":[{"count":0,"href":"https:\/\/www.europesays.com\/fr\/wp-json\/wp\/v2\/posts\/144585\/revisions"}],"wp:featuredmedia":[{"embeddable":true,"href":"https:\/\/www.europesays.com\/fr\/wp-json\/wp\/v2\/media\/144586"}],"wp:attachment":[{"href":"https:\/\/www.europesays.com\/fr\/wp-json\/wp\/v2\/media?parent=144585"}],"wp:term":[{"taxonomy":"category","embeddable":true,"href":"https:\/\/www.europesays.com\/fr\/wp-json\/wp\/v2\/categories?post=144585"},{"taxonomy":"post_tag","embeddable":true,"href":"https:\/\/www.europesays.com\/fr\/wp-json\/wp\/v2\/tags?post=144585"}],"curies":[{"name":"wp","href":"https:\/\/api.w.org\/{rel}","templated":true}]}}