{"id":144593,"date":"2025-06-01T18:02:10","date_gmt":"2025-06-01T18:02:10","guid":{"rendered":"https:\/\/www.europesays.com\/fr\/144593\/"},"modified":"2025-06-01T18:02:10","modified_gmt":"2025-06-01T18:02:10","slug":"une-rencontre-lundi-entre-lukraine-et-la-russie-et-deux-ponts-effondres-en-russie","status":"publish","type":"post","link":"https:\/\/www.europesays.com\/fr\/144593\/","title":{"rendered":"Une rencontre lundi entre l\u2019Ukraine et la Russie, et deux ponts effondr\u00e9s en Russie"},"content":{"rendered":"<p>Vous avez rat\u00e9 les derniers \u00e9v\u00e9nements sur la guerre en Ukraine\u00a0? 20 Minutes fait le point pour vous tous les soirs. Voici l\u2019essentiel de ce samedi 31\u00a0mai, 1.194e jour du conflit.<\/p>\n<p>Le fait du jour<\/p>\n<p>Des d\u00e9l\u00e9gations russe et ukrainienne sont attendues en Turquie lundi pour un nouveau cycle de n\u00e9gociations, plus de trois ans apr\u00e8s le d\u00e9but de l\u2019invasion russe. Le 16 mai, elles s\u2019\u00e9taient rencontr\u00e9es \u00e0 Istanbul, sans succ\u00e8s.<\/p>\n<p>Ces discussions ont \u00e9t\u00e9 propos\u00e9es par <a href=\"https:\/\/www.20minutes.fr\/dossier\/kremlin\" class=\"color-ultramarine c-link\" target=\"_blank\" rel=\"noopener\">Moscou<\/a>. Apr\u00e8s avoir laiss\u00e9 planer le doute sur la participation ukrainienne, le pr\u00e9sident Volodymyr Zelensky a <a href=\"https:\/\/www.20minutes.fr\/monde\/4156073-20250530-direct-guerre-ukraine-macron-credibilite-americains-jeu\" class=\"color-ultramarine c-link\" target=\"_blank\" rel=\"noopener\">finalement annonc\u00e9 dimanche qu\u2019une d\u00e9l\u00e9gation<\/a> ukrainienne, men\u00e9e par son ministre de la D\u00e9fense Roustem Oumerov, serait \u00e0 Istanbul lundi.<\/p>\n<p>La d\u00e9claration du jour<\/p>\n<blockquote class=\"mx-m@xs mx-xxl@md color-ultramarine c-citation\">\n<p class=\"font-weight-regular@xs text-italic font-source-serif-pro text-l@xs c-citation__content\">\u00ab\u00a0\u00ab\u00a0Ces actions ont \u00e9t\u00e9 class\u00e9es comme des actes de terrorisme\u00a0\u00bb\u00a0\u00bb<\/p>\n<\/blockquote>\n<p>C\u2019est ce qu\u2019a d\u00e9clar\u00e9 Svetlana Petrenko, porte-parole du Comit\u00e9 d\u2019enqu\u00eate russe, cit\u00e9e par l\u2019agence de presse d\u2019\u00c9tat RIA, alors que deux <a href=\"https:\/\/www.20minutes.fr\/monde\/russie\/4156274-20250601-russie-train-deraille-lors-effondrement-pont-moins-sept-morts\" class=\"color-ultramarine c-link\" target=\"_blank\" rel=\"noopener\">ponts se sont effondr\u00e9s<\/a> apr\u00e8s des explosions dans la nuit pr\u00e8s de la fronti\u00e8re ukrainienne, provoquant des accidents meurtriers de trains. Sept personnes sont d\u00e9c\u00e9d\u00e9es.<\/p>\n<p>Des cas de sabotages de voies ferr\u00e9es russes se sont d\u00e9j\u00e0 produits dans les zones \u00e0 proximit\u00e9 de l\u2019Ukraine. A ce stade, les autorit\u00e9s russes n\u2019ont fait aucun lien avec le conflit en Ukraine, laquelle n\u2019a pas officiellement comment\u00e9 l\u2019effondrement des ponts.<\/p>\n<\/p>\n<p>Le chiffre du jour<\/p>\n<p>472. L\u2019Ukraine dit avoir \u00e9t\u00e9 vis\u00e9e par 472 drones russes dans la nuit de samedi \u00e0 dimanche, un record depuis le d\u00e9but de l\u2019invasion, a pr\u00e9cis\u00e9 l\u2019arm\u00e9e de l\u2019air ukrainienne.<\/p>\n<p><a href=\"https:\/\/www.20minutes.fr\/monde\/ukraine\/\" class=\"c-link c-btn c-btn--primary\" target=\"_blank\" rel=\"noopener\">Notre dossier sur la Guerre en Ukraine<\/a>La tendance<\/p>\n<p>L\u2019Ukraine a men\u00e9 dimanche une vaste attaque de drones contre l\u2019aviation militaire en Russie, disant avoir d\u00e9truit environ 40 avions et frapp\u00e9 jusqu\u2019\u00e0 des milliers de kilom\u00e8tres de ses fronti\u00e8res.<\/p>\n<p>Quelque 41 avions utilis\u00e9s pour \u00ab\u00a0bombarder les villes ukrainiennes\u00a0\u00bb ont \u00e9t\u00e9 d\u00e9truits, a indiqu\u00e9 une source au sein des services de s\u00e9curit\u00e9 ukrainiens. L\u2019une des bases militaires vis\u00e9es est l\u2019a\u00e9rodrome de Bela\u00efa, dans la r\u00e9gion d\u2019<a href=\"https:\/\/www.google.fr\/maps\/place\/Irkoutsk,+Oblast+d&#039;Irkoutsk,+Russie\/@53.7494503,83.051075,2872693m\/data=!3m1!1e3!4m6!3m5!1s0x5da83ad353e2f665:0x31d6cd1456d8e94e!8m2!3d52.2854834!4d104.2890222!16zL20vMGZwMnY?entry=ttu&amp;g_ep=EgoyMDI1MDUyOC4wIKXMDSoASAFQAw%3D%3D\" target=\"_blank\" class=\"color-ultramarine c-link\" rel=\"noopener\">Irkoutsk <\/a>en Sib\u00e9rie orientale, \u00e0 environ 4.300 kilom\u00e8tres de l\u2019Ukraine. Il s\u2019agirait de la premi\u00e8re attaque ukrainienne aussi loin du front.<\/p>\n","protected":false},"excerpt":{"rendered":"Vous avez rat\u00e9 les derniers \u00e9v\u00e9nements sur la guerre en Ukraine\u00a0? 20 Minutes fait le point pour vous&hellip;\n","protected":false},"author":2,"featured_media":144594,"comment_status":"","ping_status":"","sticky":false,"template":"","format":"standard","meta":{"footnotes":""},"categories":[1590],"tags":[119,47,11,564,7122,1777,674,27324,2688,1146,131,3343,74,1916,27325,12,5604,4919,8013,132,27323,926,3496,220,135,134],"class_list":{"0":"post-144593","1":"post","2":"type-post","3":"status-publish","4":"format-standard","5":"has-post-thumbnail","7":"category-ukraine","8":"tag-accident","9":"tag-actualite","10":"tag-actualites","11":"tag-drone","12":"tag-effondrement","13":"tag-eu","14":"tag-europe","15":"tag-explosif","16":"tag-explosion","17":"tag-guerre","18":"tag-guerre-en-ukraine","19":"tag-missile","20":"tag-monde","21":"tag-moscou","22":"tag-negociations-de-paix","23":"tag-news","24":"tag-pont","25":"tag-president","26":"tag-russe","27":"tag-russie","28":"tag-siberie","29":"tag-train","30":"tag-turquie","31":"tag-ukraine","32":"tag-vladimir-poutine","33":"tag-volodymyr-zelensky"},"share_on_mastodon":{"url":"https:\/\/pubeurope.com\/@fr\/114609425191847333","error":""},"_links":{"self":[{"href":"https:\/\/www.europesays.com\/fr\/wp-json\/wp\/v2\/posts\/144593","targetHints":{"allow":["GET"]}}],"collection":[{"href":"https:\/\/www.europesays.com\/fr\/wp-json\/wp\/v2\/posts"}],"about":[{"href":"https:\/\/www.europesays.com\/fr\/wp-json\/wp\/v2\/types\/post"}],"author":[{"embeddable":true,"href":"https:\/\/www.europesays.com\/fr\/wp-json\/wp\/v2\/users\/2"}],"replies":[{"embeddable":true,"href":"https:\/\/www.europesays.com\/fr\/wp-json\/wp\/v2\/comments?post=144593"}],"version-history":[{"count":0,"href":"https:\/\/www.europesays.com\/fr\/wp-json\/wp\/v2\/posts\/144593\/revisions"}],"wp:featuredmedia":[{"embeddable":true,"href":"https:\/\/www.europesays.com\/fr\/wp-json\/wp\/v2\/media\/144594"}],"wp:attachment":[{"href":"https:\/\/www.europesays.com\/fr\/wp-json\/wp\/v2\/media?parent=144593"}],"wp:term":[{"taxonomy":"category","embeddable":true,"href":"https:\/\/www.europesays.com\/fr\/wp-json\/wp\/v2\/categories?post=144593"},{"taxonomy":"post_tag","embeddable":true,"href":"https:\/\/www.europesays.com\/fr\/wp-json\/wp\/v2\/tags?post=144593"}],"curies":[{"name":"wp","href":"https:\/\/api.w.org\/{rel}","templated":true}]}}