{"id":144597,"date":"2025-06-01T18:04:10","date_gmt":"2025-06-01T18:04:10","guid":{"rendered":"https:\/\/www.europesays.com\/fr\/144597\/"},"modified":"2025-06-01T18:04:10","modified_gmt":"2025-06-01T18:04:10","slug":"le-royaume-uni-considere-le-plan-dautonomie-marocain-comme-la-base-la-plus-credible","status":"publish","type":"post","link":"https:\/\/www.europesays.com\/fr\/144597\/","title":{"rendered":"le Royaume-Uni consid\u00e8re le plan d&rsquo;autonomie marocain comme \u00abla base la plus cr\u00e9dible\u00bb"},"content":{"rendered":"<p>Le chef de la diplomatie, David Lammy, a op\u00e9r\u00e9 un tournant ce dimanche 1er juin. Le pays plaidait jusqu\u2019\u00e0 pr\u00e9sent pour une autod\u00e9termination du territoire.<\/p>\n<p class=\"fig-paragraph\">Le chef de la diplomatie du Royaume-Uni,\u00a0<a href=\"http:\/\/www.lefigaro.fr\/vox\/monde\/jean-noel-barrot-et-david-lammy-luttons-contre-la-poutinisation-du-monde-20241121\" target=\"_blank\" data-fig-type=\"Article\" rel=\"noopener\" data-gtm-custom-categorie=\"navigation\" data-gtm-custom-action=\"crossclick\" data-gtm-custom-label=\"Contextuel\" data-gtm-event=\"customEventSPE\" data-fig-domain=\"LEFIGARO\">David Lammy<\/a>, a annonc\u00e9 dimanche \u00e0 Rabat que le plan d&rsquo;autonomie sous souverainet\u00e9 marocaine pour le\u00a0<a href=\"http:\/\/www.lefigaro.fr\/politique\/au-sahara-occidental-gerard-larcher-poursuit-le-rapprochement-avec-le-maroc-sur-fond-de-crise-franco-algerienne-20250226\" target=\"_blank\" data-fig-type=\"Article\" rel=\"noopener\" data-gtm-custom-categorie=\"navigation\" data-gtm-custom-action=\"crossclick\" data-gtm-custom-label=\"Contextuel\" data-gtm-event=\"customEventSPE\" data-fig-domain=\"LEFIGARO\">Sahara occidental<\/a>\u00a0\u00e9tait \u00abla base la plus cr\u00e9dible\u00bb pour parvenir \u00e0 une solution pour ce territoire. Cette d\u00e9claration marque un tournant dans la position britannique auparavant align\u00e9e sur le principe d&rsquo;autod\u00e9termination de ses habitants.<\/p>\n<p class=\"fig-paragraph\">Le Royaume-Uni, membre permanent du\u00a0<a href=\"http:\/\/www.lefigaro.fr\/flash-actu\/le-conseil-de-securite-de-l-onu-appelle-les-autorites-de-transition-a-proteger-tous-les-syriens-sans-distinction-20250314\" target=\"_blank\" data-fig-type=\"NewsFlash\" rel=\"noopener\" data-gtm-custom-categorie=\"navigation\" data-gtm-custom-action=\"crossclick\" data-gtm-custom-label=\"Contextuel\" data-gtm-event=\"customEventSPE\" data-fig-domain=\"LEFIGARO\">Conseil de s\u00e9curit\u00e9 de l\u2019ONU<\/a>, \u00abconsid\u00e8re la proposition d\u2019autonomie pr\u00e9sent\u00e9e par le Maroc en 2007 viable et pragmatique pour un r\u00e8glement durable du diff\u00e9rend\u00bb, a d\u00e9clar\u00e9 David Lammy devant la presse aux c\u00f4t\u00e9s de son homologue marocain, Nasser Bourita. Jusqu\u2019\u00e0 pr\u00e9sent le gouvernement britannique mentionnait le Sahara occidental comme un territoire au \u00abstatut ind\u00e9termin\u00e9\u00bb et soutenait \u00ables efforts d\u00e9ploy\u00e9s par l\u2019ONU pour parvenir \u00e0 une solution politique durable et mutuellement acceptable garantissant l\u2019autod\u00e9termination du peuple du Sahara occidental\u00bb, selon le site du Foreign Office.<\/p>\n<p>\u00abOccasion unique de parvenir \u00e0 un accord\u00bb<\/p>\n<p class=\"fig-paragraph\">\u00abCette ann\u00e9e est une occasion unique de parvenir \u00e0 un accord avant que le conflit n\u2019atteigne son 50e anniversaire en novembre\u00bb, a ajout\u00e9 David Lammy. Le ministre britannique a aussi appel\u00e9 les parties concern\u00e9es \u00ab\u00e0 s\u2019engager de toute urgence et de mani\u00e8re constructive dans le processus politique men\u00e9 par les Nations unies\u00bb.<\/p>\n<p class=\"fig-paragraph\">Le Sahara occidental, une\u00a0<a href=\"https:\/\/www.lefigaro.fr\/international\/2017\/01\/30\/01003-20170130ARTFIG00285-sahara-occidental-histoire-d-un-conflit-gele.php\" target=\"_blank\" data-fig-type=\"Article\" rel=\"noopener\" data-gtm-custom-categorie=\"navigation\" data-gtm-custom-action=\"crossclick\" data-gtm-custom-label=\"Contextuel\" data-gtm-event=\"customEventSPE\" data-fig-domain=\"LEFIGARO\">ancienne colonie espagnole jusqu\u2019en 1975<\/a>, est contr\u00f4l\u00e9 en majeure partie par le Maroc mais consid\u00e9r\u00e9 comme un territoire non autonome par les Nations unies. Un conflit arm\u00e9 y oppose depuis 50 ans le Maroc aux ind\u00e9pendantistes du Front Polisario, soutenus par l\u2019Alg\u00e9rie. Un cessez-le-feu y avait \u00e9t\u00e9 conclu en 1991 et une mission de l\u2019ONU (Minurso) devait y organiser un r\u00e9f\u00e9rendum d\u2019autod\u00e9termination qui ne s\u2019est jamais concr\u00e9tis\u00e9. Depuis, les Nations unies appellent r\u00e9guli\u00e8rement les diff\u00e9rentes \u00abparties\u00bb \u00e0 \u00abreprendre les n\u00e9gociations\u00bb pour parvenir \u00e0 une \u00absolution politique durable\u00bb.<\/p>\n","protected":false},"excerpt":{"rendered":"Le chef de la diplomatie, David Lammy, a op\u00e9r\u00e9 un tournant ce dimanche 1er juin. Le pays plaidait&hellip;\n","protected":false},"author":2,"featured_media":144598,"comment_status":"","ping_status":"","sticky":false,"template":"","format":"standard","meta":{"footnotes":""},"categories":[1588],"tags":[259,11,260,1777,674,14,261,12,262,473,1853,3184,1851,1850,1852],"class_list":{"0":"post-144597","1":"post","2":"type-post","3":"status-publish","4":"format-standard","5":"has-post-thumbnail","7":"category-royaume-uni","8":"tag-actualite-internationale","9":"tag-actualites","10":"tag-affaires-etrangeres","11":"tag-eu","12":"tag-europe","13":"tag-international","14":"tag-ministere-des-affaires-etrangeres","15":"tag-news","16":"tag-politique-etrangere","17":"tag-royaume-uni","18":"tag-royaume-uni-de-grande-bretagne-et-dirlande-du-nord","19":"tag-sahara-occidental","20":"tag-uk","21":"tag-united-kingdom","22":"tag-united-kingdom-of-great-britain-and-northern-ireland"},"share_on_mastodon":{"url":"https:\/\/pubeurope.com\/@fr\/114609433065371177","error":""},"_links":{"self":[{"href":"https:\/\/www.europesays.com\/fr\/wp-json\/wp\/v2\/posts\/144597","targetHints":{"allow":["GET"]}}],"collection":[{"href":"https:\/\/www.europesays.com\/fr\/wp-json\/wp\/v2\/posts"}],"about":[{"href":"https:\/\/www.europesays.com\/fr\/wp-json\/wp\/v2\/types\/post"}],"author":[{"embeddable":true,"href":"https:\/\/www.europesays.com\/fr\/wp-json\/wp\/v2\/users\/2"}],"replies":[{"embeddable":true,"href":"https:\/\/www.europesays.com\/fr\/wp-json\/wp\/v2\/comments?post=144597"}],"version-history":[{"count":0,"href":"https:\/\/www.europesays.com\/fr\/wp-json\/wp\/v2\/posts\/144597\/revisions"}],"wp:featuredmedia":[{"embeddable":true,"href":"https:\/\/www.europesays.com\/fr\/wp-json\/wp\/v2\/media\/144598"}],"wp:attachment":[{"href":"https:\/\/www.europesays.com\/fr\/wp-json\/wp\/v2\/media?parent=144597"}],"wp:term":[{"taxonomy":"category","embeddable":true,"href":"https:\/\/www.europesays.com\/fr\/wp-json\/wp\/v2\/categories?post=144597"},{"taxonomy":"post_tag","embeddable":true,"href":"https:\/\/www.europesays.com\/fr\/wp-json\/wp\/v2\/tags?post=144597"}],"curies":[{"name":"wp","href":"https:\/\/api.w.org\/{rel}","templated":true}]}}