{"id":1446,"date":"2025-04-03T21:22:11","date_gmt":"2025-04-03T21:22:11","guid":{"rendered":"https:\/\/www.europesays.com\/fr\/1446\/"},"modified":"2025-04-03T21:22:11","modified_gmt":"2025-04-03T21:22:11","slug":"lapparition-improbable-et-presque-incognito-dharrison-ford-dans-le-metro-new-yorkais","status":"publish","type":"post","link":"https:\/\/www.europesays.com\/fr\/1446\/","title":{"rendered":"l\u2019apparition improbable et presque incognito d\u2019Harrison Ford dans le m\u00e9tro new-yorkais"},"content":{"rendered":"<p>                             Par M-L. M.<\/p>\n<p>\n            Publi\u00e9<br \/>\n                le 3 avril 2025 \u00e0 18h08,<br \/>\n                 mis \u00e0 jour le 3 avril 2025 \u00e0 18h14<\/p>\n<p>    Harrison Ford \u00e0 l\u2019avant-premi\u00e8re de la saison 2 de la s\u00e9rie 1923 de Paramount+,\u00e0 l\u2019Harmony Gold Theater de Hollywood (Los Angeles, Californie, le 19 f\u00e9vrier 2025)<br \/>\n                Collin Xavier\/Image Press Agency\/ABACA<\/p>\n<p>L\u2019acteur multir\u00e9compens\u00e9 a \u00e9t\u00e9 aper\u00e7u, en compagnie de son \u00e9pouse, l\u2019actrice Calista Flockhart, alors qu\u2019il s\u2019appr\u00eatait \u00e0 emprunter les transports en commun.<\/p>\n<p class=\"fig-paragraph\">Les usagers des transports en commun new-yorkais ont fait une \u00e9tonnante rencontre ce lundi 31 mars. Ils ont eu la surprise de partager leur rame de m\u00e9tro avec l\u2019une des plus grandes stars du cin\u00e9ma hollywoodien\u00a0:\u00a0<a href=\"http:\/\/madame.lefigaro.fr\/celebrites\/actu-people\/harrison-ford-mangeant-une-chips-en-plein-discours-aux-sag-awards-la-video-qui-fait-le-tour-du-web-20250224\" data-fig-type=\"Article\" data-gtm-custom-categorie=\"navigation\" data-gtm-custom-action=\"crossclick\" data-gtm-custom-label=\"Contextuel\" data-gtm-event=\"customEventSPE\" data-fig-domain=\"MADAME\" target=\"_blank\" rel=\"noopener\">Harrison Ford<\/a>.<\/p>\n<p class=\"fig-paragraph\">L\u2019acteur de 82 ans a en effet \u00e9t\u00e9 aper\u00e7u en compagnie de son \u00e9pouse, l\u2019actrice\u00a0<a href=\"http:\/\/madame.lefigaro.fr\/celebrites\/actu-people\/amoureux-comme-au-premier-jour-en-photo-le-fougueux-baiser-d-harrison-ford-a-sa-femme-calista-flockhart-20231127\" data-fig-type=\"Article\" data-gtm-custom-categorie=\"navigation\" data-gtm-custom-action=\"crossclick\" data-gtm-custom-label=\"Contextuel\" data-gtm-event=\"customEventSPE\" data-fig-domain=\"MADAME\" target=\"_blank\" rel=\"noopener\">Calista Flockhart<\/a>\u00a0sur le quai du m\u00e9tro ; attendant patiemment sa rame aux c\u00f4t\u00e9s des autres habitu\u00e9s. Tels des anonymes, le couple s\u2019est fondu dans la masse. Lui, mains dans les poches, lunettes \u00e0 monture noires viss\u00e9es sur le nez, v\u00eatu d\u2019une chemise bleue, d\u2019un jean bleu fonc\u00e9 et de bottes noires ; elle, portant un pull gris, un jean bleu ample, une casquette bleue, un masque noir et un sac \u00e0 dos.<\/p>\n<p class=\"fig-paragraph\">Apr\u00e8s s\u2019\u00eatre embrass\u00e9es, les deux stars se sont s\u00e9par\u00e9es. L\u2019air concentr\u00e9, l\u2019interpr\u00e8te d\u2019Indiana Jones est alors mont\u00e9e dans leur train, o\u00f9 il s\u2019est install\u00e9 s\u2019est assis \u00e0 c\u00f4t\u00e9 d\u2019une passag\u00e8re avant d\u2019engager la conversation avec plusieurs usagers.<\/p>\n<p class=\"fig-paragraph\">Cette apparition d\u2019Harrison Ford \u00e9tait la premi\u00e8re depuis que l\u2019acteur avait \u00e9t\u00e9 contraint d\u2019annuler sa participation \u00e0 la c\u00e9r\u00e9monie des Oscars 2025, en raison d\u2019un probl\u00e8me de sant\u00e9. Selon les m\u00e9dias am\u00e9ricains,\u00a0<a href=\"http:\/\/madame.lefigaro.fr\/celebrites\/actu-people\/harrison-ford-82-ans-diagnostique-du-zona-l-acteur-annule-sa-participation-aux-oscars-a-la-veille-de-la-ceremonie-20250302\" data-fig-type=\"Article\" data-gtm-custom-categorie=\"navigation\" data-gtm-custom-action=\"crossclick\" data-gtm-custom-label=\"Contextuel\" data-gtm-event=\"customEventSPE\" data-fig-domain=\"MADAME\" target=\"_blank\" rel=\"noopener\">il avait contract\u00e9 un zona<\/a>.<\/p>\n","protected":false},"excerpt":{"rendered":"Par M-L. M. Publi\u00e9 le 3 avril 2025 \u00e0 18h08, mis \u00e0 jour le 3 avril 2025 \u00e0&hellip;\n","protected":false},"author":2,"featured_media":1447,"comment_status":"","ping_status":"","sticky":false,"template":"","format":"standard","meta":{"footnotes":""},"categories":[8],"tags":[253,976,972,58,59,638,1011,27,1079,977,415,973,975,974],"class_list":{"0":"post-1446","1":"post","2":"type-post","3":"status-publish","4":"format-standard","5":"has-post-thumbnail","7":"category-divertissement","8":"tag-acteur","9":"tag-actu-people","10":"tag-celebrite","11":"tag-divertissement","12":"tag-entertainment","13":"tag-figaro","14":"tag-fr","15":"tag-france","16":"tag-harrison-ford","17":"tag-madame","18":"tag-new-york","19":"tag-people","20":"tag-potain-de-stars","21":"tag-star"},"share_on_mastodon":{"url":"https:\/\/pubeurope.com\/@fr\/114276135267635009","error":""},"_links":{"self":[{"href":"https:\/\/www.europesays.com\/fr\/wp-json\/wp\/v2\/posts\/1446","targetHints":{"allow":["GET"]}}],"collection":[{"href":"https:\/\/www.europesays.com\/fr\/wp-json\/wp\/v2\/posts"}],"about":[{"href":"https:\/\/www.europesays.com\/fr\/wp-json\/wp\/v2\/types\/post"}],"author":[{"embeddable":true,"href":"https:\/\/www.europesays.com\/fr\/wp-json\/wp\/v2\/users\/2"}],"replies":[{"embeddable":true,"href":"https:\/\/www.europesays.com\/fr\/wp-json\/wp\/v2\/comments?post=1446"}],"version-history":[{"count":0,"href":"https:\/\/www.europesays.com\/fr\/wp-json\/wp\/v2\/posts\/1446\/revisions"}],"wp:featuredmedia":[{"embeddable":true,"href":"https:\/\/www.europesays.com\/fr\/wp-json\/wp\/v2\/media\/1447"}],"wp:attachment":[{"href":"https:\/\/www.europesays.com\/fr\/wp-json\/wp\/v2\/media?parent=1446"}],"wp:term":[{"taxonomy":"category","embeddable":true,"href":"https:\/\/www.europesays.com\/fr\/wp-json\/wp\/v2\/categories?post=1446"},{"taxonomy":"post_tag","embeddable":true,"href":"https:\/\/www.europesays.com\/fr\/wp-json\/wp\/v2\/tags?post=1446"}],"curies":[{"name":"wp","href":"https:\/\/api.w.org\/{rel}","templated":true}]}}