{"id":144614,"date":"2025-06-01T18:14:15","date_gmt":"2025-06-01T18:14:15","guid":{"rendered":"https:\/\/www.europesays.com\/fr\/144614\/"},"modified":"2025-06-01T18:14:15","modified_gmt":"2025-06-01T18:14:15","slug":"roland-garros-swiatek-apres-sa-victoire-renversante-contre-rybakina-javais-limpression-de-jouer-contre-jannik-sinner","status":"publish","type":"post","link":"https:\/\/www.europesays.com\/fr\/144614\/","title":{"rendered":"Roland Garros > Swiatek, apr\u00e8s sa victoire renversante contre Rybakina : \u00ab\u00a0J&rsquo;avais l&rsquo;impression de jouer contre Jannik Sinner\u00a0\u00bb"},"content":{"rendered":"<p id=\"tw-target-text\">Iga Swiatek a eu chaud mais elle n\u2019est pas quadruple laur\u00e9ate du tournoi et triple cham\u00adpionne en titre pour\u00a0rien.<\/p>\n<p>Men\u00e9e 6\u20131, 2\u20130 face \u00e0 une impres\u00adsion\u00adnante Elena Rybakina, ce dimanche en huiti\u00e8mes de finale de Roland\u2010Garros, la Polonaise a fait le dos rond avant de prendre le dessus et fina\u00adle\u00adment s\u2019im\u00adposer apr\u00e8s 2h30 d\u2019une sacr\u00e9e bataille\u00a0: 1\u20136, 6\u20133, 7\u20135. <\/p>\n<blockquote class=\"twitter-tweet\">\n<p lang=\"fr\" dir=\"ltr\">\ud83c\udfbe <a href=\"https:\/\/twitter.com\/hashtag\/RolandGarros?src=hash&amp;ref_src=twsrc%5Etfw\" data-wpel-link=\"external\" target=\"_blank\" rel=\"nofollow external noopener\">#RolandGarros<\/a> | \ud83e\udd2f MAIS QUI ES\u2010TU SWIATEK\u202f?<\/p>\n<p>\ud83c\uddf5\ud83c\uddf1 Dos au mur, la triple tenante du titre retourne le match face \u00e0 Rybakina (1\u22126, 6\u20133, 7\u20135) et file en 1\u20444 de finale. Elle est toujours en lice pour un 4e titre\u202f!<\/p>\n<p>\ud83d\udcfa Suivez les autres matchs\u00a0: <a href=\"https:\/\/t.co\/g7emTw0U8k\" data-wpel-link=\"external\" target=\"_blank\" rel=\"nofollow external noopener\">https:\/\/t.co\/g7emTw0U8k<\/a> <a href=\"https:\/\/t.co\/wB4f4B0Vrw\" data-wpel-link=\"external\" target=\"_blank\" rel=\"nofollow external noopener\">pic.twitter.com\/wB4f4B0Vrw<\/a><\/p>\n<p>\u2014 fran\u00adcetv\u00adsport (@francetvsport) <a href=\"https:\/\/twitter.com\/francetvsport\/status\/1929185926510502036?ref_src=twsrc%5Etfw\" data-wpel-link=\"external\" target=\"_blank\" rel=\"nofollow external noopener\">June 1,\u00a02025<\/a><\/p><\/blockquote>\n<p>De passage au micro de Mats Wilander sur le court Philippe\u2010Chatrier quelques secondes apr\u00e8s la rencontre, la 3e joueuse mondiale a tout simple\u00adment compar\u00e9 son adver\u00adsaire du jour \u00e0 Jannik Sinner.<\/p>\n<p><strong>\u00ab\u202fC\u2019\u00e9tait vrai\u00adment dur. Dans le premier set, j\u2019avais l\u2019im\u00adpres\u00adsion de jouer contre Jannik Sinner. Elena m\u2019a vrai\u00adment pouss\u00e9 dans mes retran\u00adche\u00adments. Je devais faire quelque chose pour revenir dans le match. Je devais juste me battre et esp\u00e9rer qu\u2019elle joue un peu moins bien. \u00c0 la fin, je suis parvenue \u00e0 jouer mon jeu et \u00e0 l\u2019emporter donc je suis vrai\u00adment heureuse.\u202f\u00bb<\/strong><\/p>\n<p class=\"post-published-date\" style=\"color: silver; font-size: 75%; text-align: left;\">Publi\u00e9 le dimanche 1 juin 2025 \u00e0 17:07<\/p>\n<p><script async src=\"https:\/\/platform.twitter.com\/widgets.js\" charset=\"utf-8\"><\/script><\/p>\n","protected":false},"excerpt":{"rendered":"Iga Swiatek a eu chaud mais elle n\u2019est pas quadruple laur\u00e9ate du tournoi et triple cham\u00adpionne en titre&hellip;\n","protected":false},"author":2,"featured_media":144615,"comment_status":"","ping_status":"","sticky":false,"template":"","format":"standard","meta":{"footnotes":""},"categories":[1415],"tags":[6903,1011,27,2200,2127,60,1467],"class_list":{"0":"post-144614","1":"post","2":"type-post","3":"status-publish","4":"format-standard","5":"has-post-thumbnail","7":"category-tennis","8":"tag-elena-rybakina","9":"tag-fr","10":"tag-france","11":"tag-iga-swiatek","12":"tag-sinner","13":"tag-sports","14":"tag-tennis"},"share_on_mastodon":{"url":"https:\/\/pubeurope.com\/@fr\/114609472355686462","error":""},"_links":{"self":[{"href":"https:\/\/www.europesays.com\/fr\/wp-json\/wp\/v2\/posts\/144614","targetHints":{"allow":["GET"]}}],"collection":[{"href":"https:\/\/www.europesays.com\/fr\/wp-json\/wp\/v2\/posts"}],"about":[{"href":"https:\/\/www.europesays.com\/fr\/wp-json\/wp\/v2\/types\/post"}],"author":[{"embeddable":true,"href":"https:\/\/www.europesays.com\/fr\/wp-json\/wp\/v2\/users\/2"}],"replies":[{"embeddable":true,"href":"https:\/\/www.europesays.com\/fr\/wp-json\/wp\/v2\/comments?post=144614"}],"version-history":[{"count":0,"href":"https:\/\/www.europesays.com\/fr\/wp-json\/wp\/v2\/posts\/144614\/revisions"}],"wp:featuredmedia":[{"embeddable":true,"href":"https:\/\/www.europesays.com\/fr\/wp-json\/wp\/v2\/media\/144615"}],"wp:attachment":[{"href":"https:\/\/www.europesays.com\/fr\/wp-json\/wp\/v2\/media?parent=144614"}],"wp:term":[{"taxonomy":"category","embeddable":true,"href":"https:\/\/www.europesays.com\/fr\/wp-json\/wp\/v2\/categories?post=144614"},{"taxonomy":"post_tag","embeddable":true,"href":"https:\/\/www.europesays.com\/fr\/wp-json\/wp\/v2\/tags?post=144614"}],"curies":[{"name":"wp","href":"https:\/\/api.w.org\/{rel}","templated":true}]}}