{"id":14462,"date":"2025-04-10T08:09:08","date_gmt":"2025-04-10T08:09:08","guid":{"rendered":"https:\/\/www.europesays.com\/fr\/14462\/"},"modified":"2025-04-10T08:09:08","modified_gmt":"2025-04-10T08:09:08","slug":"avant-sa-deconstruction-le-parking-vilaine-sert-de-decor-pour-le-clip-de-ce-musicien","status":"publish","type":"post","link":"https:\/\/www.europesays.com\/fr\/14462\/","title":{"rendered":"avant sa d\u00e9construction, le parking Vilaine sert de d\u00e9cor pour le clip de ce musicien"},"content":{"rendered":"<p>            Par<br \/>\n        <strong><br \/>\n            <a href=\"https:\/\/actu.fr\/auteur\/brian-legoff\" title=\"Consulter tous les articles de Brian Le Goff\" rel=\"nofollow noopener\" target=\"_blank\">Brian Le Goff<\/a><br \/>\n        <\/strong><\/p>\n<p>        Publi\u00e9 le<\/p>\n<p>            10 avr. 2025 \u00e0 8h16        <\/p>\n<p>Ces <strong>images feront partie des derni\u00e8res qui seront tourn\u00e9es<\/strong> sous le <a href=\"https:\/\/actu.fr\/bretagne\/rennes_35238\/photos-rennes-voici-a-quoi-va-ressembler-republique-une-fois-le-parking-vilaine-supprime_60719407.html\" rel=\"nofollow noopener\" target=\"_blank\">parking Vilaine avant sa destruction,<\/a> \u00e0 partir de l\u2019\u00e9t\u00e9 2025.<\/p>\n<p class=\" wall-content\">Au d\u00e9but de l\u2019ann\u00e9e, <strong>Edouard Lermite, alias Astopek,<\/strong> saxophoniste rennais, a tourn\u00e9 son clip vid\u00e9o Breathless \u2013 haletant en fran\u00e7ais \u2013 dans le tunnel cr\u00e9\u00e9 par les dalles de la place de la R\u00e9publique et du parking vilaine, dans le centre-ville de la capitale bretonne.<\/p>\n<p>Noir et blanc, arches\u2026<\/p>\n<p class=\" wall-content\"><strong>En noir et blanc, cette vid\u00e9o<\/strong> de pr\u00e8s de six minutes montre la structure compos\u00e9e de nombreuses arches qui soutient le parking.\u00a0<\/p>\n<p class=\" wall-content\">Au fond, la lumi\u00e8re du jour se distingue comme <strong>un mirage.<\/strong> Les sonorit\u00e9s du saxophoniste, assis dans un cano\u00eb d\u2019\u00e9poque, r\u00e9nov\u00e9 par le pagayeur \u00e0 ses c\u00f4t\u00e9s, Ga\u00ebl Blunven, collent parfaitement avec <strong>l\u2019ambiance presque mena\u00e7ante<\/strong> du lieu.\u00a0<\/p>\n<blockquote class=\"ac-article-quote wall-content\">\n<p>\u00c9douard Lermite, connu pour sa ma\u00eetrise de la respiration circulaire et de la polyphonie aux saxophones, transforme des lieux insolites en sc\u00e8nes musicales \u00e9ph\u00e9m\u00e8res et magiques.\n<\/p>\n<p>    <strong\/>\n            <\/p><\/blockquote>\n<p>Vid\u00e9os : en ce moment sur Actu<\/p>\n<p class=\" wall-content\"><a href=\"https:\/\/actu.fr\/rennes\/\" rel=\"nofollow noopener\" target=\"_blank\">Actu Rennes<\/a> vous propose de d\u00e9couvrir ce clip :<\/p>\n<p class=\" wall-content\">\n<p>Une derni\u00e8re possibilit\u00e9 de passer sous la dalle pour le grand public<\/p>\n<p class=\" wall-content\">Selon Ga\u00ebl Blunven, il sera<strong> possible pour le grand public<\/strong> de pagayer pour la derni\u00e8re fois sous la dalle le <strong>14 juin prochain<\/strong> dans le cadre de Rennes \u00e0 la Pagaie, organis\u00e9 par le <a href=\"https:\/\/canoe356.wixsite.com\/cdck35\" rel=\"nofollow noopener\" target=\"_blank\">CDCK 35<\/a>.<\/p>\n<p class=\" wall-content\">Suivez toute l\u2019actualit\u00e9 de vos villes et m\u00e9dias favoris en vous inscrivant \u00e0 <a href=\"https:\/\/moncompte.actu.fr\" title=\"D\u00e9couvez Mon Actu\" rel=\"nofollow noopener\" data-trk=\"{&quot;cta&quot;:{&quot;action&quot;:&quot;https:\\\/\\\/moncompte.actu.fr&quot;,&quot;category&quot;:&quot;mon compte&quot;,&quot;from&quot;:&quot;article footer&quot;,&quot;name&quot;:&quot;Mon actu&quot;,&quot;type&quot;:&quot;cta&quot;}}\" target=\"_blank\">Mon Actu<\/a>.<\/p>\n","protected":false},"excerpt":{"rendered":"Par Brian Le Goff Publi\u00e9 le 10 avr. 2025 \u00e0 8h16 Ces images feront partie des derni\u00e8res qui&hellip;\n","protected":false},"author":2,"featured_media":14463,"comment_status":"","ping_status":"","sticky":false,"template":"","format":"standard","meta":{"footnotes":""},"categories":[2821],"tags":[1111,11,829,1777,674,1011,27,1757,1652,873,12,584,25],"class_list":{"0":"post-14462","1":"post","2":"type-post","3":"status-publish","4":"format-standard","5":"has-post-thumbnail","7":"category-rennes","8":"tag-actu","9":"tag-actualites","10":"tag-bretagne","11":"tag-eu","12":"tag-europe","13":"tag-fr","14":"tag-france","15":"tag-insolite","16":"tag-loisirs-culture","17":"tag-musique","18":"tag-news","19":"tag-rennes","20":"tag-republique-francaise"},"share_on_mastodon":{"url":"https:\/\/pubeurope.com\/@fr\/114312653439916504","error":""},"_links":{"self":[{"href":"https:\/\/www.europesays.com\/fr\/wp-json\/wp\/v2\/posts\/14462","targetHints":{"allow":["GET"]}}],"collection":[{"href":"https:\/\/www.europesays.com\/fr\/wp-json\/wp\/v2\/posts"}],"about":[{"href":"https:\/\/www.europesays.com\/fr\/wp-json\/wp\/v2\/types\/post"}],"author":[{"embeddable":true,"href":"https:\/\/www.europesays.com\/fr\/wp-json\/wp\/v2\/users\/2"}],"replies":[{"embeddable":true,"href":"https:\/\/www.europesays.com\/fr\/wp-json\/wp\/v2\/comments?post=14462"}],"version-history":[{"count":0,"href":"https:\/\/www.europesays.com\/fr\/wp-json\/wp\/v2\/posts\/14462\/revisions"}],"wp:featuredmedia":[{"embeddable":true,"href":"https:\/\/www.europesays.com\/fr\/wp-json\/wp\/v2\/media\/14463"}],"wp:attachment":[{"href":"https:\/\/www.europesays.com\/fr\/wp-json\/wp\/v2\/media?parent=14462"}],"wp:term":[{"taxonomy":"category","embeddable":true,"href":"https:\/\/www.europesays.com\/fr\/wp-json\/wp\/v2\/categories?post=14462"},{"taxonomy":"post_tag","embeddable":true,"href":"https:\/\/www.europesays.com\/fr\/wp-json\/wp\/v2\/tags?post=14462"}],"curies":[{"name":"wp","href":"https:\/\/api.w.org\/{rel}","templated":true}]}}