{"id":144624,"date":"2025-06-01T18:20:09","date_gmt":"2025-06-01T18:20:09","guid":{"rendered":"https:\/\/www.europesays.com\/fr\/144624\/"},"modified":"2025-06-01T18:20:09","modified_gmt":"2025-06-01T18:20:09","slug":"plongee-dans-lincroyable-opulence-decouvrez-comment-la-villa-saoudienne-de-benzema-redefinit-le-luxe-a-plus-de-10-millions-deuros","status":"publish","type":"post","link":"https:\/\/www.europesays.com\/fr\/144624\/","title":{"rendered":"Plong\u00e9e dans l&rsquo;incroyable opulence : d\u00e9couvrez comment la villa saoudienne de Benzema red\u00e9finit le luxe \u00e0 plus de 10 millions d&rsquo;euros"},"content":{"rendered":"<tr>\n<td><strong>EN BREF<\/strong><\/td>\n<\/tr>\n<tr>\n<td>\n<ul>\n<li>\u26bd Karim Benzema quitte sa luxueuse r\u00e9sidence madril\u00e8ne pour un nouveau d\u00e9part en <strong>Arabie saoudite<\/strong>.<\/li>\n<li>\ud83c\udfc6 Un transfert au club Al-Ittihad, estim\u00e9 \u00e0 300 millions d\u2019euros, souligne l\u2019<strong>attraction<\/strong> du pays pour les footballeurs de renom.<\/li>\n<li>\ud83c\udfe1 La nouvelle villa de Benzema, s\u2019\u00e9tendant sur <strong>864 m\u00b2<\/strong>, allie <strong>\u00e9l\u00e9gance<\/strong> et fonctionnalit\u00e9.<\/li>\n<li>\ud83d\udd1d Benzema esp\u00e8re continuer \u00e0 marquer l\u2019histoire du football tout en profitant d\u2019un cadre de vie <strong>exceptionnel<\/strong>.<\/li>\n<\/ul>\n<\/td>\n<\/tr>\n<p>Karim Benzema, l\u2019une des figures embl\u00e9matiques du football moderne, a r\u00e9cemment pris une d\u00e9cision qui a fait couler beaucoup d\u2019encre : quitter sa r\u00e9sidence luxueuse de Madrid pour un nouveau d\u00e9part en Arabie saoudite. Ce choix marque non seulement un tournant dans sa carri\u00e8re sportive avec son transfert au club Al-Ittihad, mais aussi dans sa vie personnelle, en s\u2019installant dans une villa de prestige. Ce texte explore les raisons et les implications de ce changement, tant sur le plan professionnel que personnel, en soulignant la capacit\u00e9 d\u2019adaptation et de r\u00e9invention d\u2019une l\u00e9gende du football.<\/p>\n<p>Un parcours exceptionnel \u00e0 Madrid<\/p>\n<p>Durant ses ann\u00e9es au Real Madrid, Karim Benzema a non seulement prouv\u00e9 son talent sur le terrain, mais a \u00e9galement v\u00e9cu dans une r\u00e9sidence \u00e0 la hauteur de sa renomm\u00e9e. \u00c9valu\u00e9e \u00e0 environ cinq millions d\u2019euros, sa maison \u00e0 Madrid \u00e9tait un symbole de r\u00e9ussite. Avec ses six chambres, sa salle de sport ultra-moderne et sa piscine de grande taille, elle repr\u00e9sentait un v\u00e9ritable havre de paix. Cette villa ne se limitait pas \u00e0 \u00eatre une simple habitation ; elle \u00e9tait le reflet de son succ\u00e8s accumul\u00e9 au fil des ans. Quitter cette maison, c\u2019est aussi tourner la page sur une p\u00e9riode marqu\u00e9e par des souvenirs imp\u00e9rissables et des triomphes sportifs.<\/p>\n<p>Le d\u00e9part de cette r\u00e9sidence madril\u00e8ne symbolise la fin d\u2019un chapitre riche en \u00e9motions et en r\u00e9ussites. Benzema y avait forg\u00e9 un h\u00e9ritage inoubliable, tant sur le plan personnel que professionnel. Ce d\u00e9m\u00e9nagement signifie dire adieu \u00e0 un lieu de confort, mais \u00e9galement \u00e0 une \u00e8re de succ\u00e8s ind\u00e9niable. Il est maintenant pr\u00eat \u00e0 embrasser de nouveaux d\u00e9fis dans un environnement tout aussi prestigieux en Arabie saoudite.<\/p>\n<blockquote class=\"wp-embedded-content\" data-secret=\"LbVYRhvkd0\">\n<p><a href=\"https:\/\/actuafoot.fr\/2025\/05\/30\/une-complicite-qui-ne-passe-pas-inapercue-benzema-et-cette-actrice-francaise-affolent-les-reseaux\/\" target=\"_blank\" rel=\"noopener\">\u00ab Une complicit\u00e9 qui ne passe pas inaper\u00e7ue \u00bb : Benzema et cette actrice fran\u00e7aise affolent les r\u00e9seaux<\/a><\/p>\n<\/blockquote>\n<p>L\u2019attraction de l\u2019Arabie saoudite<\/p>\n<p>\u00c0 l\u2019\u00e2ge de 36 ans, Karim Benzema a choisi de rejoindre le club saoudien Al-Ittihad, un transfert estim\u00e9 \u00e0 environ 300 millions d\u2019euros sur trois ans. Cette d\u00e9cision illustre la force d\u2019attraction de l\u2019Arabie saoudite pour les footballeurs de renom, attir\u00e9s par des contrats d\u2019une valeur exceptionnelle et des opportunit\u00e9s in\u00e9dites. Le pays s\u2019est impos\u00e9 comme une destination de choix pour de nombreux athl\u00e8tes cherchant \u00e0 capitaliser sur la fin de leur carri\u00e8re professionnelle tout en profitant d\u2019un cadre de vie luxueux.<\/p>\n<p>En Arabie saoudite, Benzema profite d\u00e9sormais d\u2019une villa somptueuse, dot\u00e9e d\u2019\u00e9quipements haut de gamme, r\u00e9serv\u00e9e aux c\u00e9l\u00e9brit\u00e9s et personnalit\u00e9s influentes. Cette habitation refl\u00e8te une modernit\u00e9 et une opulence qui rivalisent avec celles de sa pr\u00e9c\u00e9dente r\u00e9sidence \u00e0 Madrid. Ce choix de vie montre non seulement un attrait pour des conditions de vie exceptionnelles, mais aussi une volont\u00e9 de s\u2019adapter \u00e0 un nouveau cadre culturel et sportif, tout en continuant \u00e0 marquer l\u2019histoire du football mondial.<\/p>\n<blockquote class=\"wp-embedded-content\" data-secret=\"EQEmNabb3B\">\n<p><a href=\"https:\/\/actuafoot.fr\/2025\/05\/29\/si-on-ne-revoit-pas-mon-salaire-je-pars-lultimatum-de-barcola-qui-secoue-les-dirigeants-du-psg\/\" target=\"_blank\" rel=\"noopener\">\u00ab Si on ne revoit pas mon salaire, je pars \u00bb : l\u2019ultimatum de Barcola qui secoue les dirigeants du PSG<\/a><\/p>\n<\/blockquote>\n<p>Les caract\u00e9ristiques de la nouvelle villa<\/p>\n<p>La nouvelle demeure de Benzema en Arabie saoudite est un v\u00e9ritable palais moderne, s\u2019\u00e9tendant sur une surface impressionnante de 864 m\u00b2. Cette villa allie \u00e9l\u00e9gance et fonctionnalit\u00e9, offrant un cadre de vie sup\u00e9rieur \u00e0 son occupant. Les espaces int\u00e9rieurs sont am\u00e9nag\u00e9s avec go\u00fbt et comprennent :<\/p>\n<ul>\n<li><strong>Six chambres spacieuses<\/strong><\/li>\n<li><strong>Une salle de sport enti\u00e8rement \u00e9quip\u00e9e<\/strong><\/li>\n<li><strong>Une cuisine moderne adjacente \u00e0 une salle de d\u00e9tente<\/strong><\/li>\n<\/ul>\n<p>Les ext\u00e9rieurs de la villa sont tout aussi remarquables. De magnifiques jardins paysagers m\u00e8nent \u00e0 une zone de d\u00e9tente ext\u00e9rieure, permettant \u00e0 Benzema de se ressourcer apr\u00e8s ses nombreux exploits sportifs. Ces caract\u00e9ristiques t\u00e9moignent de l\u2019attention port\u00e9e aux moindres d\u00e9tails pour offrir une exp\u00e9rience de vie in\u00e9gal\u00e9e.<\/p>\n<blockquote class=\"wp-embedded-content\" data-secret=\"u80ReV8zpO\">\n<p><a href=\"https:\/\/actuafoot.fr\/2025\/03\/18\/joueurs-clubs-agents-acheter-des-fans-com-le-site-incontournable-pour-booster-leur-influence-sur-les-reseaux-sociaux\/\" target=\"_blank\" rel=\"noopener\">Joueurs, clubs, agents\u2026 Acheter-des-Fans.com, le site incontournable pour booster leur influence sur les r\u00e9seaux sociaux<\/a><\/p>\n<\/blockquote>\n<p>Le futur imm\u00e9diat pour Karim Benzema<\/p>\n<p>En s\u2019installant en Arabie saoudite, Benzema entame une nouvelle \u00e9tape de sa vie professionnelle et personnelle. Les enjeux sportifs restent \u00e9lev\u00e9s, avec l\u2019objectif de laisser une empreinte durable dans les annales du football mondial. Ce nouvel environnement offre \u00e0 Benzema un juste milieu entre la poursuite de sa passion pour le football et une qualit\u00e9 de vie exceptionnelle.<\/p>\n<p>Entour\u00e9 de luxe et de confort in\u00e9gal\u00e9, il est pr\u00eat \u00e0 relever de nouveaux d\u00e9fis et \u00e0 \u00e9crire de nouvelles pages de son histoire. Cette r\u00e9invention personnelle et professionnelle est enrichie par un patrimoine immobilier de r\u00eave, qui traduit son statut de l\u00e9gende vivante du football. Comment cette nouvelle vie influencera-t-elle sa carri\u00e8re et sa l\u00e9gende dans le monde du sport ?<\/p>\n<p>L\u2019auteur s\u2019est appuy\u00e9 sur l\u2019intelligence artificielle pour enrichir cet article.<\/p>\n<p id=\"rating\">\u00c7a vous a plu ?\u00a04.5\/5 (26)<\/p>\n","protected":false},"excerpt":{"rendered":"EN BREF \u26bd Karim Benzema quitte sa luxueuse r\u00e9sidence madril\u00e8ne pour un nouveau d\u00e9part en Arabie saoudite. \ud83c\udfc6&hellip;\n","protected":false},"author":2,"featured_media":144625,"comment_status":"","ping_status":"","sticky":false,"template":"","format":"standard","meta":{"footnotes":""},"categories":[1359],"tags":[4947,58,59,1011,27,21044,24748,973],"class_list":{"0":"post-144624","1":"post","2":"type-post","3":"status-publish","4":"format-standard","5":"has-post-thumbnail","7":"category-people","8":"tag-arabie-saoudite","9":"tag-divertissement","10":"tag-entertainment","11":"tag-fr","12":"tag-france","13":"tag-immobilier-de-luxe","14":"tag-karim-benzema","15":"tag-people"},"share_on_mastodon":{"url":"https:\/\/pubeurope.com\/@fr\/114609495941306641","error":""},"_links":{"self":[{"href":"https:\/\/www.europesays.com\/fr\/wp-json\/wp\/v2\/posts\/144624","targetHints":{"allow":["GET"]}}],"collection":[{"href":"https:\/\/www.europesays.com\/fr\/wp-json\/wp\/v2\/posts"}],"about":[{"href":"https:\/\/www.europesays.com\/fr\/wp-json\/wp\/v2\/types\/post"}],"author":[{"embeddable":true,"href":"https:\/\/www.europesays.com\/fr\/wp-json\/wp\/v2\/users\/2"}],"replies":[{"embeddable":true,"href":"https:\/\/www.europesays.com\/fr\/wp-json\/wp\/v2\/comments?post=144624"}],"version-history":[{"count":0,"href":"https:\/\/www.europesays.com\/fr\/wp-json\/wp\/v2\/posts\/144624\/revisions"}],"wp:featuredmedia":[{"embeddable":true,"href":"https:\/\/www.europesays.com\/fr\/wp-json\/wp\/v2\/media\/144625"}],"wp:attachment":[{"href":"https:\/\/www.europesays.com\/fr\/wp-json\/wp\/v2\/media?parent=144624"}],"wp:term":[{"taxonomy":"category","embeddable":true,"href":"https:\/\/www.europesays.com\/fr\/wp-json\/wp\/v2\/categories?post=144624"},{"taxonomy":"post_tag","embeddable":true,"href":"https:\/\/www.europesays.com\/fr\/wp-json\/wp\/v2\/tags?post=144624"}],"curies":[{"name":"wp","href":"https:\/\/api.w.org\/{rel}","templated":true}]}}