{"id":144626,"date":"2025-06-01T18:21:09","date_gmt":"2025-06-01T18:21:09","guid":{"rendered":"https:\/\/www.europesays.com\/fr\/144626\/"},"modified":"2025-06-01T18:21:09","modified_gmt":"2025-06-01T18:21:09","slug":"un-tableau-de-velazquez-redecouvert-par-hasard-cet-infirmier-azureen-veut-percer-les-secrets-de-cette-toile-et-lexposer-2","status":"publish","type":"post","link":"https:\/\/www.europesays.com\/fr\/144626\/","title":{"rendered":"Un tableau de Vel\u00e1zquez red\u00e9couvert par hasard? Cet infirmier azur\u00e9en veut percer les secrets de cette toile&#8230; et l&rsquo;exposer"},"content":{"rendered":"<p>\u2018\u2018Sa place est dans un mus\u00e9e\u2019\u2019 serait-on tent\u00e9 de dire pour paraphraser le professeur d\u2019arch\u00e9ologie fictif Indiana Jones. C\u2019est en tout cas l\u2019avis de Vincent (1), propri\u00e9taire d\u2019un tableau repr\u00e9sentant saint Barth\u00e9lemy et expertis\u00e9 comme faisant partie d\u2019un cycle de peintures religieuses con\u00e7ues au XVIIe si\u00e8cle par le ma\u00eetre espagnol Diego Vel\u00e1zquez.<\/p>\n<p>Une toile \u2018\u2018r\u00e9apparue\u2019\u2019 miraculeusement \u00e0 Metz en 2021 \u00e0 la suite du d\u00e9c\u00e8s du p\u00e8re de cet infirmier vivant \u00e0 Grasse et officiant dans l\u2019agglom\u00e9ration est-varoise.<\/p>\n<p>\u00ab\u00a0Ma s\u0153ur et moi avions sollicit\u00e9 les services d\u2019un commissaire-priseur afin qu\u2019ils prennent en charge la vente de la totalit\u00e9 des biens que contenait la maison de notre p\u00e8re qui collectionnait les antiquit\u00e9s. Lors de l\u2019inventaire des biens, ce tableau, qui \u00e9tait accroch\u00e9 entre la friteuse et la machine \u00e0 caf\u00e9, a suscit\u00e9 l\u2019int\u00e9r\u00eat du professionnel qui a jug\u00e9 bon de le faire expertiser.\u00a0\u00bb<\/p>\n<p>Pour ce faire, la peinture a \u00e9t\u00e9 envoy\u00e9e \u00e0 Paris au c\u00e9l\u00e8bre et r\u00e9put\u00e9 cabinet d\u2019\u00c9ric Turquin, surnomm\u00e9 \u2018\u2018l\u2019\u0153il\u2019\u2019 pour sa capacit\u00e9 \u00e0 d\u00e9tecter les tableaux de ma\u00eetres. \u00ab\u00a0Apr\u00e8s une longue \u00e9tude de pr\u00e8s de deux ans et la sollicitation d\u2019historiens d\u2019art ou encore de Guillaume Kientz, directeur de l\u2019Hispanic society museum &amp; library de New York, une conclusion a \u00e9t\u00e9 rendue\u00a0\u00bb.<\/p>\n<p><strong>Probablement pas de la main m\u00eame de Vel\u00e1zquez mais&#8230;<\/strong><\/p>\n<p>Dans ce compte rendu, le tableau est attribu\u00e9 \u00ab\u00a0entourage Vel\u00e1zquez\u00a0\u00bb et est rattach\u00e9 \u00e0 la s\u00e9rie incompl\u00e8te d\u2019ap\u00f4tres \u2013 un apostolado \u2013 peinte par Vel\u00e1zquez dans sa prime jeunesse et au sein de laquelle figure notamment saint Thomas et saint Paul. \u00ab\u00a0Dans le style caravagesque, de dimensions proches et qui porte une inscription similaire en lettres b\u00e2ton, en haut, les identifiant par leurs pr\u00e9noms\u00a0\u00bb.<\/p>\n<p>N\u00e9anmoins, les peintres de renom pouvaient laisser \u00e0 d\u2019autres le soin d\u2019achever ces apostolados \u00ab\u00a0pour se tourner vers des commandes plus int\u00e9ressantes ou plus prestigieuses re\u00e7ues entre-temps\u00a0\u00bb. La paternit\u00e9 de ce saint Barth\u00e9lemy au coloris terreux et habill\u00e9 d\u2019une cape reste donc drap\u00e9e de myst\u00e8re.<\/p>\n<p><strong>Une radiographie pour t\u00e2cher d\u2019y voir plus clair<\/strong><\/p>\n<p>\u00ab\u00a0On m\u2019a fait comprendre que ce n\u2019\u00e9tait probablement pas une \u0153uvre peinte de la main m\u00eame de Vel\u00e1zquez, mais sans jamais l\u2019\u00e9carter formellement non plus. Dans tous les cas, elle m\u00e9rite de plus amples approfondissements\u00a0\u00bb, poursuit Vincent.<\/p>\n<p>Ainsi, l\u2019int\u00e9ress\u00e9 a eu l\u2019id\u00e9e de faire r\u00e9aliser une radiographie de sa toile. Une op\u00e9ration permettant de r\u00e9v\u00e9ler les coups de pinceaux et donc la technique de l\u2019artiste.<\/p>\n<p>Il y a quelques jours, un radiologue rapha\u00eblois a consenti \u00e0 se pr\u00eater au jeu&#8230; Reste d\u00e9sormais \u00e0 trouver un \u0153il expert acceptant de se pencher sur ces clich\u00e9s offerts par les rayons X.<\/p>\n<p>Ce qui, contre toute attente, se r\u00e9v\u00e8le assez complexe depuis le d\u00e9but des recherches de Vincent. \u00ab\u00a0Je me suis notamment rapproch\u00e9 du mus\u00e9e des Beaux-Arts d\u2019Orl\u00e9ans qui a r\u00e9cemment organis\u00e9 une exposition sur l\u2019Apostolado de Vel\u00e1zquez. D\u2019ailleurs, un tableau avait \u00e9t\u00e9 rajout\u00e9 en cours d\u2019exposition apr\u00e8s qu\u2019un collectionneur priv\u00e9 en a fait la r\u00e9v\u00e9lation. Et dans le cas de ce tableau-ci, des infrarouges et une radiographie ont rapidement \u00e9t\u00e9 effectu\u00e9s sous l\u2019\u00e9gide du mus\u00e9e qui l\u2019a tout aussi promptement expos\u00e9\u00a0\u00bb.<\/p>\n<p><strong>Le d\u00e9sir voir l\u2019\u0153uvre expos\u00e9e<\/strong><\/p>\n<p>Aujourd\u2019hui, Vincent se trouve dans la plus parfaite incompr\u00e9hension. \u00ab\u00a0Pourquoi ce tableau n\u2019a pas davantage attis\u00e9 la curiosit\u00e9 des sp\u00e9cialistes? Parfois, j\u2019ai l\u2019impression qu\u2019ils ne veulent pas mettre leur r\u00e9putation en jeu en affirmant ou en infirmant la paternit\u00e9 de cette \u0153uvre. Je me demande \u00e9galement si les mus\u00e9es n\u2019attendent pas que je la mette en vente sans confirmation de son origine [le tableau a \u00e9t\u00e9 estim\u00e9 entre 60.000 et 80.000 euros en l\u2019\u00e9tat actuel, NDLR] afin de la faire \u00e9ventuellement authentifier apr\u00e8s rachat. Mais \u00e7a n\u2019arrivera pas, car si elle a \u00e9t\u00e9 initialement mise entre les mains d\u2019un commissaire-priseur avec le reste des biens de mon p\u00e8re, je n\u2019ai aujourd\u2019hui aucune intention de la vendre.\u00a0\u00bb<\/p>\n<p>Cependant, de son propre aveu, Vincent estime qu\u2019il serait dommage que cette pi\u00e8ce reste uniquement accessible \u00e0 ses yeux et \u00e0 ceux de ses proches. D\u2019autant que ce dernier est \u00ab\u00a0davantage amateur d\u2019art contemporain\u00a0\u00bb que de peinture baroque.<\/p>\n<p>Aussi, ce dernier exprime \u00ab\u00a0le d\u00e9sir de notre famille de voir ce saint Barth\u00e9lemy expos\u00e9\u00a0\u00bb. Qu\u2019il soit, ou non, reconnu comme l\u2019\u0153uvre du ma\u00eetre espagnol.<\/p>\n<p>Cela pourrait bient\u00f4t \u00eatre le cas: tout r\u00e9cemment, la toile accompagn\u00e9e de sa radiographie a suscit\u00e9 un regain d\u2019int\u00e9r\u00eat de la part d\u2019un commissaire d\u2019exposition du mus\u00e9e des Beaux-Arts d\u2019Orl\u00e9ans.<\/p>\n<p>Affaire \u00e0 suivre&#8230;<\/p>\n<p>1. Le pr\u00e9nom a \u00e9t\u00e9 chang\u00e9 par souci d\u2019anonymat.<\/p>\n","protected":false},"excerpt":{"rendered":"\u2018\u2018Sa place est dans un mus\u00e9e\u2019\u2019 serait-on tent\u00e9 de dire pour paraphraser le professeur d\u2019arch\u00e9ologie fictif Indiana Jones.&hellip;\n","protected":false},"author":2,"featured_media":141127,"comment_status":"","ping_status":"","sticky":false,"template":"","format":"standard","meta":{"footnotes":""},"categories":[1358],"tags":[1348,1384,1385,11130,251,1386,58,59,1011,27],"class_list":{"0":"post-144626","1":"post","2":"type-post","3":"status-publish","4":"format-standard","5":"has-post-thumbnail","7":"category-arts-et-design","8":"tag-arts","9":"tag-arts-and-design","10":"tag-arts-et-design","11":"tag-belle-histoire","12":"tag-culture","13":"tag-design","14":"tag-divertissement","15":"tag-entertainment","16":"tag-fr","17":"tag-france"},"share_on_mastodon":{"url":"https:\/\/pubeurope.com\/@fr\/114609499926826621","error":""},"_links":{"self":[{"href":"https:\/\/www.europesays.com\/fr\/wp-json\/wp\/v2\/posts\/144626","targetHints":{"allow":["GET"]}}],"collection":[{"href":"https:\/\/www.europesays.com\/fr\/wp-json\/wp\/v2\/posts"}],"about":[{"href":"https:\/\/www.europesays.com\/fr\/wp-json\/wp\/v2\/types\/post"}],"author":[{"embeddable":true,"href":"https:\/\/www.europesays.com\/fr\/wp-json\/wp\/v2\/users\/2"}],"replies":[{"embeddable":true,"href":"https:\/\/www.europesays.com\/fr\/wp-json\/wp\/v2\/comments?post=144626"}],"version-history":[{"count":0,"href":"https:\/\/www.europesays.com\/fr\/wp-json\/wp\/v2\/posts\/144626\/revisions"}],"wp:featuredmedia":[{"embeddable":true,"href":"https:\/\/www.europesays.com\/fr\/wp-json\/wp\/v2\/media\/141127"}],"wp:attachment":[{"href":"https:\/\/www.europesays.com\/fr\/wp-json\/wp\/v2\/media?parent=144626"}],"wp:term":[{"taxonomy":"category","embeddable":true,"href":"https:\/\/www.europesays.com\/fr\/wp-json\/wp\/v2\/categories?post=144626"},{"taxonomy":"post_tag","embeddable":true,"href":"https:\/\/www.europesays.com\/fr\/wp-json\/wp\/v2\/tags?post=144626"}],"curies":[{"name":"wp","href":"https:\/\/api.w.org\/{rel}","templated":true}]}}