{"id":144629,"date":"2025-06-01T18:23:13","date_gmt":"2025-06-01T18:23:13","guid":{"rendered":"https:\/\/www.europesays.com\/fr\/144629\/"},"modified":"2025-06-01T18:23:13","modified_gmt":"2025-06-01T18:23:13","slug":"qui-sont-les-perside-nouvelle-tribu-de-la-saison-9-au-mode-de-vie-atypique","status":"publish","type":"post","link":"https:\/\/www.europesays.com\/fr\/144629\/","title":{"rendered":"qui sont les Perside, nouvelle tribu de la saison 9 au mode de vie \u00ab\u00a0atypique\u00a0\u00bb ?"},"content":{"rendered":"<p class=\"articleContent-meta\">\n        Aujourd&rsquo;hui \u00e0 19:00 &#8211; par             Jessica Gajderowicz<\/p>\n<p>                    Tweeter<\/p>\n<p>                    Partager sur Facebook<\/p>\n<p>                        <img decoding=\"async\" src=\"https:\/\/www.europesays.com\/fr\/wp-content\/uploads\/2025\/06\/tlq-familles-nombreuses-tf1-les-participants-sont-ils-remuneres.jpg\" alt=\"Player Video\" class=\"player-applyRatio poster exclude-seedtag\"\/><\/p>\n<p>Dans l\u2019\u00e9pisode de Familles nombreuses : la vie en XXL diffus\u00e9 ce vendredi 30 mai, une nouvelle tribu a fait son arriv\u00e9e. Il s\u2019agit de Marl\u00e8ne et Olivier Perside, les heureux parents de six enfants. Mais qui sont-ils ?<\/p>\n<p>Chaque saison, des familles embl\u00e9matiques laissent place \u00e0 des nouvelles tribus dans Familles nombreuses : la vie en XXL. Alors que le docu-r\u00e9alit\u00e9 a repris du service avec une neuvi\u00e8me saison, <a href=\"https:\/\/www.programme.tv\/news\/actu\/262763-cette-grossesse-n-etait-pas-prevue-melanie-gonzalez-familles-nombreuses-enceinte-de-son-10e-enfant-annonce-avoir-fait-une-fausse-couche\/\" rel=\"nofollow noopener\" target=\"_blank\">les Gonzalez <\/a>ainsi que <a href=\"https:\/\/www.programme.tv\/news\/actu\/262750-on-a-depense-moins-que-prevu-les-esposito-familles-nombreuses-se-rejouissent-davoir-investi-seulement-13995-euros-pour-preparer-une-grande-occasion\/\" rel=\"nofollow noopener\" target=\"_blank\">les Esposito<\/a> qui ont agrandi la famille ont fait leur grand retour dans le programme. Mais les t\u00e9l\u00e9spectateurs ont aussi d\u00e9couvert de nouvelles familles dont<a href=\"https:\/\/www.programme.tv\/news\/actu\/262775-entre-1-000-et-2-000-euros-elsa-laforce-familles-nombreuses-devoile-sa-maniere-originale-pour-arrondir-ses-fins-de-mois\/\" rel=\"nofollow noopener\" target=\"_blank\"> Elsa Laforce et ses enfants <\/a>ou encore tout r\u00e9cemment Marl\u00e8ne et Olivier Perside qui ont fait la connaissance du public en fin de semaine.<\/p>\n<p>Qui sont les Perside, la nouvelle tribu de la saison 9 de Familles nombreuses sur TF1 ?<\/p>\n<p>Ce vendredi 30 mai, Marl\u00e8ne et Olivier Perside ont fait leur entr\u00e9e dans Familles nombreuses\u00a0: la vie en XXL. Ils sont les heureux parents de Ziggy (12 ans), Malone (10 ans), Pippa (8 ans), P\u00e9gase (7 ans), Miky (3 ans) et T\u00e9l\u00e9maque (2 ans). La maman de 38 ans est fonctionnaire tandis que son mari est p\u00e8re au foyer. Originaire de Franche-Comt\u00e9, Marl\u00e8ne est venue durant sept ans \u00e0 Paris. C\u2019est l\u00e0-bas qu\u2019elle a rencontr\u00e9 Olivier. \u00c0 l\u2019\u00e9poque, son compagnon lui avait menti sur son \u00e2ge. \u00ab\u00a0Il y a treize ans, nous avons quitt\u00e9 Paris pour un village de Haute Sa\u00f4ne de 150 habitants\u00a0\u00bb, a expliqu\u00e9 Marl\u00e8ne. Ensemble, ils avaient envie de retourner aux sources m\u00eame s\u2019il \u00e9tait Parisien depuis toujours notamment suite \u00e0 la naissance de leur premier bout de chou survenu apr\u00e8s trois ans de relation.<\/p>\n<p>                                    Familles nombreuses : d\u00e9couvrez les Perside, une famille pas comme les autres<\/p>\n<p>Comme l\u2019a indiqu\u00e9 Olivier Perside : \u00ab\u00a0pour la plan\u00e8te ce n\u2019est pas tr\u00e8s \u00e9cologique autant d\u2019enfants\u00a0\u00bb. Les Perside se d\u00e9crivent comme une famille \u00e9coresponsable. Pour y proc\u00e9der, la tribu plante ses tomates et a son propre potager. \u00ab\u00a0On cultive nos fruits et l\u00e9gumes dans nos potagers, on fait beaucoup de pates, de cr\u00eapes, de pancakes\u00a0\u00bb a expliqu\u00e9 le papa de 50 ans qui ne se voyait pas avec autant d\u2019enfants. De plus, ils se chauffent au bois et \u00e9vitent de consommer trop de plastique ainsi que le sopalin. Ils ach\u00e8tent des v\u00eatements d\u2019occasion et ont un forfait de t\u00e9l\u00e9phone pour huit. \u00ab\u00a0Si les enfants restent longtemps sous la douche on dit de faire attention\u00a0\u00bb, ont-ils pr\u00e9cis\u00e9. Un mode de vie \u00ab\u00a0atypique\u00a0\u00bb \u00e0 d\u00e9couvrir dans les prochains \u00e9pisodes.<\/p>\n<p>Article \u00e9crit en collaboration avec 6medias.<\/p>\n<p>Rejoignez-nous sur Google News !<\/p>\n<p class=\"articleContent-pushTagline\">Abonnez-vous \u00e0 <a href=\"https:\/\/news.google.com\/publications\/CAAiEJwr-IZFXDFoZD1ePbkC_VcqFAgKIhCcK_iGRVwxaGQ9Xj25Av1X\" target=\"_blank\" rel=\"noopener\">T\u00e9l\u00e9 2 semaines sur Google News<\/a> pour ne manquer aucune info !<\/p>\n","protected":false},"excerpt":{"rendered":"Aujourd&rsquo;hui \u00e0 19:00 &#8211; par Jessica Gajderowicz Tweeter Partager sur Facebook Dans l\u2019\u00e9pisode de Familles nombreuses : la&hellip;\n","protected":false},"author":2,"featured_media":144630,"comment_status":"","ping_status":"","sticky":false,"template":"","format":"standard","meta":{"footnotes":""},"categories":[1356],"tags":[17756,58,59,652,17755,17752,17754,17753,4980,1011,27,17757,682,252,199,3604,1364],"class_list":{"0":"post-144629","1":"post","2":"type-post","3":"status-publish","4":"format-standard","5":"has-post-thumbnail","7":"category-television","8":"tag-amandine-pellissard","9":"tag-divertissement","10":"tag-entertainment","11":"tag-famille","12":"tag-famille-cordule","13":"tag-famille-gayat","14":"tag-famille-pellissard","15":"tag-famille-santoro","16":"tag-familles-nombreuses-la-vie-en-xxl","17":"tag-fr","18":"tag-france","19":"tag-justine-cordule","20":"tag-tele-realite","21":"tag-television","22":"tag-tf1","23":"tag-tu00e9lu00e9-ru00e9alitu00e9","24":"tag-tv"},"share_on_mastodon":{"url":"https:\/\/pubeurope.com\/@fr\/114609507869631772","error":""},"_links":{"self":[{"href":"https:\/\/www.europesays.com\/fr\/wp-json\/wp\/v2\/posts\/144629","targetHints":{"allow":["GET"]}}],"collection":[{"href":"https:\/\/www.europesays.com\/fr\/wp-json\/wp\/v2\/posts"}],"about":[{"href":"https:\/\/www.europesays.com\/fr\/wp-json\/wp\/v2\/types\/post"}],"author":[{"embeddable":true,"href":"https:\/\/www.europesays.com\/fr\/wp-json\/wp\/v2\/users\/2"}],"replies":[{"embeddable":true,"href":"https:\/\/www.europesays.com\/fr\/wp-json\/wp\/v2\/comments?post=144629"}],"version-history":[{"count":0,"href":"https:\/\/www.europesays.com\/fr\/wp-json\/wp\/v2\/posts\/144629\/revisions"}],"wp:featuredmedia":[{"embeddable":true,"href":"https:\/\/www.europesays.com\/fr\/wp-json\/wp\/v2\/media\/144630"}],"wp:attachment":[{"href":"https:\/\/www.europesays.com\/fr\/wp-json\/wp\/v2\/media?parent=144629"}],"wp:term":[{"taxonomy":"category","embeddable":true,"href":"https:\/\/www.europesays.com\/fr\/wp-json\/wp\/v2\/categories?post=144629"},{"taxonomy":"post_tag","embeddable":true,"href":"https:\/\/www.europesays.com\/fr\/wp-json\/wp\/v2\/tags?post=144629"}],"curies":[{"name":"wp","href":"https:\/\/api.w.org\/{rel}","templated":true}]}}