{"id":144631,"date":"2025-06-01T18:24:11","date_gmt":"2025-06-01T18:24:11","guid":{"rendered":"https:\/\/www.europesays.com\/fr\/144631\/"},"modified":"2025-06-01T18:24:11","modified_gmt":"2025-06-01T18:24:11","slug":"la-story-match-le-jour-ou-claude-francois-a-change-la-vie-dalain-chamfort-en-choisissant-son-nom-de-scene-par-hasard","status":"publish","type":"post","link":"https:\/\/www.europesays.com\/fr\/144631\/","title":{"rendered":"La Story Match\u00a0: le jour o\u00f9 Claude Fran\u00e7ois a chang\u00e9 la vie d&rsquo;Alain Chamfort en choisissant son nom de sc\u00e8ne\u2026 par hasard"},"content":{"rendered":"<p><a href=\"https:\/\/www.parismatch.be\/actualites\/people\/2025\/05\/25\/la-story-match-le-jour-ou-jacques-dutronc-a-du-aller-recuperer-jacques-villeret-ivre-mort-dans-un-magasin-BPW2VVREJFGX3FII6YICXL7WTU\/\" target=\"_blank\" rel=\"noopener noreferrer\" class=\"ap-StoryInterstitialLink ap-StoryElement ap-StoryElement--mb\">La Story Match : le jour o\u00f9 Jacques Dutronc a d\u00fb aller r\u00e9cup\u00e9rer Jacques Villeret, \u00ab\u00a0ivre mort\u00a0\u00bb dans un magasin<\/a>Une histoire de dictionnaire<\/p>\n<p class=\"ap-StoryElement ap-StoryElement--mb ap-StoryText\">Avant de croiser la route de Claude Fran\u00e7ois, qui propulsera sa carri\u00e8re, Alain Le Govic, pianiste de formations, travaille aux c\u00f4t\u00e9s de Jacques Dutronc et de Dick Rivers. Pour faire d\u00e9coller sa carri\u00e8re, Cloclo va lui dire qu&rsquo;il lui faut un pseudonyme, un nom de sc\u00e8ne.<\/p>\n<p class=\"ap-StoryElement ap-StoryElement--mb ap-StoryText\">Dans l&rsquo;\u00e9mission \u00ab\u00a0La petite histoire du nom des stars\u00a0\u00bb, Alain Chamfort a racont\u00e9 comment cela s&rsquo;est pass\u00e9, rapporte France Bleu. \u00ab\u00a0Claude m&rsquo;a dit que Le Govic, \u00e7a sentait trop mes origines, que \u00e7a pouvait freiner certains publics\u00a0\u00bb, explique-t-il. \u00ab\u00a0Il voulait un nom qui passe partout.\u00a0\u00bb<\/p>\n<p class=\"ap-StoryElement ap-StoryElement--mb ap-StoryText\">C&rsquo;\u00e9tait dans les ann\u00e9es 70, et c&rsquo;est dans le bureau de Claude Fran\u00e7ois que ce choix d\u00e9cisif a \u00e9t\u00e9 fait. Et pour choisir le nom de sc\u00e8ne d&rsquo;Alain Chamfort, il a utilis\u00e9\u2026 un dictionnaire ! \u00ab\u00a0Il a pris un Larousse, il est all\u00e9 direct aux noms propres\u00a0\u00bb, poursuit le chanteur de \u00ab\u00a0Manureva\u00a0\u00bb. Le doigt du producteur s&rsquo;arr\u00eate alors sur \u00ab\u00a0Chamfort\u00a0\u00bb pour Nicolas de Chamfort, un dramaturge du XVIIIe si\u00e8cle (qui \u00e9tait d&rsquo;ailleurs d\u00e9j\u00e0 un pseudonyme). \u00ab\u00a0Pour moi, c&rsquo;\u00e9tait un jeu\u00a0\u00bb, se souvient l&rsquo;artiste, qui prenait cette histoire \u00e0 la l\u00e9g\u00e8re. \u00ab\u00a0Je pensais que trois mois apr\u00e8s, j&rsquo;allais retrouver mon vrai nom.\u00a0\u00bb<\/p>\n<p><a href=\"https:\/\/www.parismatch.be\/actualites\/people\/2025\/01\/05\/la-story-match-le-jour-ou-claude-francois-a-failli-se-faire-casser-la-figure-par-johnny-hallyday-B6EFQNMEQFDHBMS3TXGGRDJVDU\/\" target=\"_blank\" rel=\"noopener noreferrer\" class=\"ap-StoryInterstitialLink ap-StoryElement ap-StoryElement--mb\">La Story Match : le jour o\u00f9 Claude Fran\u00e7ois a failli se faire \u00ab\u00a0casser la figure\u00a0\u00bb par Johnny Hallyday<\/a><\/p>\n<p class=\"ap-StoryElement ap-StoryElement--mb ap-StoryText\">Mais le succ\u00e8s est au rendez-vous et son nom de sc\u00e8ne va donc rester. Cela ne signifie pas pour autant qu&rsquo;Alain Chamfort a reni\u00e9 ses origines. D&rsquo;ailleurs, il pr\u00e9cise que ses enfants portent le nom Le Govic. \u00ab\u00a0Pour moi, \u00e7a n&rsquo;a jamais \u00e9t\u00e9 un acte de trahison ou de renoncement.\u00a0\u00bb<\/p>\n","protected":false},"excerpt":{"rendered":"La Story Match : le jour o\u00f9 Jacques Dutronc a d\u00fb aller r\u00e9cup\u00e9rer Jacques Villeret, \u00ab\u00a0ivre mort\u00a0\u00bb dans&hellip;\n","protected":false},"author":2,"featured_media":144632,"comment_status":"","ping_status":"","sticky":false,"template":"","format":"standard","meta":{"footnotes":""},"categories":[1355],"tags":[27327,10896,27330,58,59,1011,27,1361,873,27328,27329],"class_list":{"0":"post-144631","1":"post","2":"type-post","3":"status-publish","4":"format-standard","5":"has-post-thumbnail","7":"category-musique","8":"tag-alain-chamfort","9":"tag-claude-francois","10":"tag-dictionnaire","11":"tag-divertissement","12":"tag-entertainment","13":"tag-fr","14":"tag-france","15":"tag-music","16":"tag-musique","17":"tag-nom-de-scene","18":"tag-pseudo"},"share_on_mastodon":{"url":"https:\/\/pubeurope.com\/@fr\/114609511691751493","error":""},"_links":{"self":[{"href":"https:\/\/www.europesays.com\/fr\/wp-json\/wp\/v2\/posts\/144631","targetHints":{"allow":["GET"]}}],"collection":[{"href":"https:\/\/www.europesays.com\/fr\/wp-json\/wp\/v2\/posts"}],"about":[{"href":"https:\/\/www.europesays.com\/fr\/wp-json\/wp\/v2\/types\/post"}],"author":[{"embeddable":true,"href":"https:\/\/www.europesays.com\/fr\/wp-json\/wp\/v2\/users\/2"}],"replies":[{"embeddable":true,"href":"https:\/\/www.europesays.com\/fr\/wp-json\/wp\/v2\/comments?post=144631"}],"version-history":[{"count":0,"href":"https:\/\/www.europesays.com\/fr\/wp-json\/wp\/v2\/posts\/144631\/revisions"}],"wp:featuredmedia":[{"embeddable":true,"href":"https:\/\/www.europesays.com\/fr\/wp-json\/wp\/v2\/media\/144632"}],"wp:attachment":[{"href":"https:\/\/www.europesays.com\/fr\/wp-json\/wp\/v2\/media?parent=144631"}],"wp:term":[{"taxonomy":"category","embeddable":true,"href":"https:\/\/www.europesays.com\/fr\/wp-json\/wp\/v2\/categories?post=144631"},{"taxonomy":"post_tag","embeddable":true,"href":"https:\/\/www.europesays.com\/fr\/wp-json\/wp\/v2\/tags?post=144631"}],"curies":[{"name":"wp","href":"https:\/\/api.w.org\/{rel}","templated":true}]}}