{"id":144639,"date":"2025-06-01T18:28:08","date_gmt":"2025-06-01T18:28:08","guid":{"rendered":"https:\/\/www.europesays.com\/fr\/144639\/"},"modified":"2025-06-01T18:28:08","modified_gmt":"2025-06-01T18:28:08","slug":"maries-au-premier-regard-apres-quatre-ans-de-mariage-laure-et-matthieu-en-miettes-font-une-terrible-annonce","status":"publish","type":"post","link":"https:\/\/www.europesays.com\/fr\/144639\/","title":{"rendered":"Mari\u00e9s au premier regard : apr\u00e8s quatre ans de mariage, Laure et Matthieu, \u00ab\u00a0en miettes\u00a0\u00bb, font une terrible annonce"},"content":{"rendered":"<p>C\u2019est une annonce qui a bris\u00e9 le c\u0153ur des fans de Mari\u00e9s au premier regard. Ce dimanche 1er juin 2025, Laure Lerrory, r\u00e9v\u00e9l\u00e9e dans la saison 5 de l\u2019\u00e9mission de M6, a pris la parole sur Instagram pour <strong>confirmer ce que beaucoup redoutaient :<\/strong> la fin de son histoire avec Matthieu, son \u00e9poux rencontr\u00e9 devant les cam\u00e9ras. Apr\u00e8s quatre ans de mariage, deux petites filles, et de nombreux souvenirs, <strong>le couple embl\u00e9matique tire sa r\u00e9v\u00e9rence.<\/strong> La derni\u00e8re s\u00e9paration en date pour l\u2019\u00e9mission ? <a href=\"https:\/\/www.public.fr\/maries-au-premier-regard-ophelie-raphael-separent\" target=\"_blank\" rel=\"noopener\">Le couple d\u2019Oph\u00e9lie et Rapha\u00ebl,<\/a> qui n\u2019avaient pas particip\u00e9 \u00e0 l\u2019\u00e9mission ensemble.<\/p>\n<p>\u00ab Depuis longtemps, j\u2019ai essay\u00e9. De comprendre, de faire tenir, de ne pas baisser les bras. J\u2019ai esp\u00e9r\u00e9. <strong>J\u2019ai cru que l\u2019amour pouvait suffire \u00bb,<\/strong> \u00e9crit Laure dans un long message accompagn\u00e9 d\u2019un c\u0153ur bris\u00e9. \u00ab Mais parfois, \u00e0 force de porter seule, on finit par se perdre soi-m\u00eame. \u00bb. Des mots qui r\u00e9sonnent comme un aveu de fatigue, mais aussi de courage, pour celle qui a longtemps <strong>tout fait pour pr\u00e9server son couple.<\/strong><\/p>\n<p>Laure et Matthieu : du conte de f\u00e9es \u00e0 la rupture, la fin d\u2019une histoire qui faisait r\u00eaver<\/p>\n<p>Laure et Matthieu avaient pourtant tout pour r\u00e9ussir : <strong>une compatibilit\u00e9 de 79 % <\/strong>selon les experts, une alchimie \u00e9vidente, et une aventure t\u00e9l\u00e9visuelle qui avait captiv\u00e9 des milliers de t\u00e9l\u00e9spectateurs. Tr\u00e8s vite apr\u00e8s l\u2019\u00e9mission, ils \u00e9taient devenus <strong>les heureux parents de Lya, puis de Rose, <\/strong>n\u00e9e en juillet 2024. Install\u00e9s en Normandie, ils formaient une famille que beaucoup enviaient, partag\u00e9e entre balades en for\u00eat, projets maison, et \u00e9clats de rire captur\u00e9s sur Instagram. Mais derri\u00e8re les sourires, <strong>la r\u00e9alit\u00e9 \u00e9tait plus compliqu\u00e9e.<\/strong><\/p>\n<p>Depuis quelques mois, les abonn\u00e9s du couple avaient <strong>remarqu\u00e9 des signes de malaise.<\/strong> Moins de publications ensemble, des regards tristes, et des silences pesants. Matthieu avait finalement bris\u00e9 la glace en expliquant sur les r\u00e9seaux : \u00ab Je pense que <strong>j\u2019ai fait une sorte de burn-out<\/strong> ou que je suis en train de le faire. J\u2019ai perdu le sourire petit \u00e0 petit. \u00c7a s\u2019est infus\u00e9, insidieusement. Et forc\u00e9ment, \u00e7a ne va pas avec Laure, on ne va pas se mentir. \u00bb.<\/p>\n<p>\u00ab Je suis debout, mais le c\u0153ur en miettes \u00bb : l\u2019ancienne candidate de Mari\u00e9s au premier regard livre sa v\u00e9rit\u00e9 sur la rupture avec Matthieu<\/p>\n<p>Le couple avait tent\u00e9 de sauver ce qui pouvait l\u2019\u00eatre. Chacun avait entam\u00e9 une th\u00e9rapie individuelle, et ensemble, <strong>ils suivaient une th\u00e9rapie de couple.<\/strong> Mais cela n\u2019aura pas suffi. Dans son message, Laure pr\u00e9cise : \u00ab La d\u00e9cision de se s\u00e9parer ne m\u2019appartient pas enti\u00e8rement. Elle n\u2019est pas n\u00e9e d\u2019un seul moment, ni d\u2019un seul choix. Elle s\u2019est construite dans <strong>les silences, les d\u00e9calages, les blessures. <\/strong>Et aujourd\u2019hui encore, je suis debout, mais le c\u0153ur en miettes. \u00bb.<\/p>\n<p>Si le chagrin est palpable, Laure n\u2019oublie pas l\u2019essentiel : ses deux filles. \u00ab Je ne suis pas parfaite, mais j\u2019ai aim\u00e9. J\u2019ai soutenu. Et ce que je choisis aujourd\u2019hui, <strong>ce n\u2019est pas le conflit. <\/strong>C\u2019est la paix. Pour mes filles, pour moi, pour que malgr\u00e9 la rupture, il reste quelque chose de beau. \u00bb. Une volont\u00e9 de pr\u00e9server une forme de douceur, malgr\u00e9 la douleur. \u00ab Je termine avec l\u2019essentiel : nos filles. Des b\u00e9b\u00e9s n\u00e9es d\u2019un amour sinc\u00e8re. <strong>Elles resteront notre plus belle r\u00e9ussite. \u00bb.<\/strong><\/p>\n<p>S\u00e9parations en s\u00e9rie dans Mari\u00e9s au premier regard : Laure, David, Jennifer\u2026 rien ne va plus !<\/p>\n<p>Une rupture qui jette une ombre sur cette saison de Mari\u00e9s au premier regard, d\u00e9j\u00e0 marqu\u00e9e par les d\u00e9convenues. Dans le prochain \u00e9pisode, les t\u00e9l\u00e9spectateurs <strong>assisteront \u00e0 une pluie de s\u00e9parations :<\/strong> Marina va quitter David, Keyn finira par avouer \u00e0 Jennifer qu\u2019il souhaite divorcer juste apr\u00e8s le bilan, et Coralie fera croire aux expertes <strong>qu\u2019elle veut se s\u00e9parer de Bruno\u2026 <\/strong>avant de r\u00e9v\u00e9ler que ce n\u2019\u00e9tait qu\u2019un test ! Le couple veut bel et bien <a href=\"https:\/\/www.public.fr\/je-prefere-divorcer-coralie-et-bruno-maries-au-premier-regard-lachent-une-bombe-en-plein-bilan-les-expertes-deboussolees-spoiler\" target=\"_blank\" rel=\"noopener\">continuer l\u2019aventure, malgr\u00e9 les conflits.<\/a><\/p>\n<p>Du c\u00f4t\u00e9 de Laurent et Marie, en lune de miel \u00e0 F\u00e8s, tout semblait idyllique\u2026 jusqu\u2019\u00e0 ce que le shopping au souk <strong>d\u00e9clenche une premi\u00e8re tension.<\/strong> Heureusement, le duo saura d\u00e9samorcer le probl\u00e8me rapidement. Quant \u00e0 Bruno et Coralie, apr\u00e8s une escapade new-yorkaise mouvement\u00e9e, ils ont d\u00e9cid\u00e9 de rester unis. Pour Laure et Matthieu, <strong>une page se tourne, mais sans animosit\u00e9.<\/strong> Laure le dit elle-m\u00eame : \u00ab Ce que je d\u00e9cide aujourd\u2019hui, c\u2019est aussi pour elles. \u00bb.<\/p>\n<p>      Mentionn\u00e9s dans cet article<\/p>\n<p>\u00c0 lire aussi<\/p>\n","protected":false},"excerpt":{"rendered":"C\u2019est une annonce qui a bris\u00e9 le c\u0153ur des fans de Mari\u00e9s au premier regard. Ce dimanche 1er&hellip;\n","protected":false},"author":2,"featured_media":144640,"comment_status":"","ping_status":"","sticky":false,"template":"","format":"standard","meta":{"footnotes":""},"categories":[8],"tags":[58,59,1011,27,6218],"class_list":{"0":"post-144639","1":"post","2":"type-post","3":"status-publish","4":"format-standard","5":"has-post-thumbnail","7":"category-divertissement","8":"tag-divertissement","9":"tag-entertainment","10":"tag-fr","11":"tag-france","12":"tag-maries-au-premier-regard"},"share_on_mastodon":{"url":"https:\/\/pubeurope.com\/@fr\/114609527457448977","error":""},"_links":{"self":[{"href":"https:\/\/www.europesays.com\/fr\/wp-json\/wp\/v2\/posts\/144639","targetHints":{"allow":["GET"]}}],"collection":[{"href":"https:\/\/www.europesays.com\/fr\/wp-json\/wp\/v2\/posts"}],"about":[{"href":"https:\/\/www.europesays.com\/fr\/wp-json\/wp\/v2\/types\/post"}],"author":[{"embeddable":true,"href":"https:\/\/www.europesays.com\/fr\/wp-json\/wp\/v2\/users\/2"}],"replies":[{"embeddable":true,"href":"https:\/\/www.europesays.com\/fr\/wp-json\/wp\/v2\/comments?post=144639"}],"version-history":[{"count":0,"href":"https:\/\/www.europesays.com\/fr\/wp-json\/wp\/v2\/posts\/144639\/revisions"}],"wp:featuredmedia":[{"embeddable":true,"href":"https:\/\/www.europesays.com\/fr\/wp-json\/wp\/v2\/media\/144640"}],"wp:attachment":[{"href":"https:\/\/www.europesays.com\/fr\/wp-json\/wp\/v2\/media?parent=144639"}],"wp:term":[{"taxonomy":"category","embeddable":true,"href":"https:\/\/www.europesays.com\/fr\/wp-json\/wp\/v2\/categories?post=144639"},{"taxonomy":"post_tag","embeddable":true,"href":"https:\/\/www.europesays.com\/fr\/wp-json\/wp\/v2\/tags?post=144639"}],"curies":[{"name":"wp","href":"https:\/\/api.w.org\/{rel}","templated":true}]}}