{"id":144642,"date":"2025-06-01T18:30:10","date_gmt":"2025-06-01T18:30:10","guid":{"rendered":"https:\/\/www.europesays.com\/fr\/144642\/"},"modified":"2025-06-01T18:30:10","modified_gmt":"2025-06-01T18:30:10","slug":"meme-mickey-mouse-pourrait-etre-president-tant-leconomie-americaine-est-forte","status":"publish","type":"post","link":"https:\/\/www.europesays.com\/fr\/144642\/","title":{"rendered":"\u00ab\u00a0M\u00eame Mickey Mouse pourrait \u00eatre pr\u00e9sident, tant l\u2019\u00e9conomie am\u00e9ricaine est forte\u00a0\u00bb"},"content":{"rendered":"<p><strong>CHRONIQUE<\/strong> &#8211; Qui renoncerait au march\u00e9 am\u00e9ricain, le premier par la taille et le plus innovant de tous\u00a0?<\/p>\n<p class=\"fig-paragraph\">La\u00a0<a href=\"http:\/\/www.lefigaro.fr\/conjoncture\/dossier\/droits-de-douane-americains-notre-dossier-pour-tout-comprendre\" data-fig-type=\"Topic\" data-gtm-custom-categorie=\"navigation\" data-gtm-custom-action=\"crossclick\" data-gtm-custom-label=\"Contextuel\" data-gtm-event=\"customEventSPE\" data-fig-domain=\"LEFIGARO\" target=\"_blank\" rel=\"noopener\">guerre commerciale\u00a0<\/a>de la puissance dominante avec le reste du monde s\u2019accompagne d\u00e9sormais d\u2019une bataille judiciaire interne outre-Atlantique. Ainsi, le Tribunal international de commerce des \u00c9tats-Unis (ITC) a-t-il d\u00e9cid\u00e9, mercredi, de\u00a0<a href=\"http:\/\/www.lefigaro.fr\/flash-eco\/le-dollar-se-renforce-avec-la-remise-en-question-des-droits-de-douane-de-trump-par-la-justice-americaine-20250530\" data-fig-type=\"NewsFlash\" data-gtm-custom-categorie=\"navigation\" data-gtm-custom-action=\"crossclick\" data-gtm-custom-label=\"Contextuel\" data-gtm-event=\"customEventSPE\" data-fig-domain=\"LEFIGARO\" target=\"_blank\" rel=\"noopener\">suspendre une partie des droits de douane<\/a>\u00a0mis en place par la Maison-Blanche. L\u2019ITC, qui si\u00e8ge \u00e0 New York et traite des contentieux relatifs aux lois sur le commerce international, estime qu\u2019une telle mesure rel\u00e8ve du Congr\u00e8s et non de l\u2019ex\u00e9cutif.\u00ab\u200aD\u00e9cision tellement mauvaise et tellement politique\u00a0\u00bb, a fulmin\u00e9 Donald Trump sur son r\u00e9seau Truth Social, traitant les juges de \u00ab\u200agauchistes\u00a0\u00bb. Et de faire imm\u00e9diatement appel. D\u00e8s le lendemain, une cour de seconde instance suspendait \u00e0 son tour le jugement de l\u2019ITC, le temps que celle-ci se prononce sur le fond\u2026<\/p>\n<p class=\"fig-paragraph\">Ces rebondissements judiciaires ajoutent \u00ab\u200adu chaos au chaos\u00a0\u00bb, d\u2019o\u00f9 la\u00a0<a href=\"http:\/\/www.lefigaro.fr\/flash-eco\/wall-street-conclut-sans-direction-claire-face-aux-tensions-commerciales-sino-americaines-20250530\" data-fig-type=\"NewsFlash\" data-gtm-custom-categorie=\"navigation\" data-gtm-custom-action=\"crossclick\" data-gtm-custom-label=\"Contextuel\" data-gtm-event=\"customEventSPE\" data-fig-domain=\"LEFIGARO\" target=\"_blank\" rel=\"noopener\">r\u00e9action mitig\u00e9e de Wall Street<\/a>\u00a0et des autres places financi\u00e8res nullement soulag\u00e9es par la perspective d\u2019un gel\u2026<\/p>\n<p class=\"fig-premium-paywall__infos\">\n        Cet article est r\u00e9serv\u00e9 aux abonn\u00e9s.        Il vous reste 84% \u00e0 d\u00e9couvrir.\n    <\/p>\n<p>                <img  data- alt=\"Le Figaro\" class=\"fig-img--complete fig-img\"\/><\/p>\n<p class=\"fig-premium-paywall__title\">Vente Flash<\/p>\n<p class=\"fig-premium-paywall__subtitle\">4,99\u20ac par mois pendant 12 mois. Sans engagement.<\/p>\n<p class=\"fig-premium-paywall__connect\">\n                D\u00e9j\u00e0 abonn\u00e9\u00a0?                <a class=\"fig-premium-paywall__connect-link\" href=\"https:\/\/connect.lefigaro.fr\/login?client=horizon_web&amp;type=main&amp;redirect_uri=https%3A%2F%2Fwww.lefigaro.fr%2Fconjoncture%2Fjean-pierre-robin-meme-mickey-mouse-pourrait-etre-president-tant-l-economie-americaine-est-forte-20250601\" data-js-gtm=\"{&quot;customCategorie&quot;: &quot;conversion&quot;, &quot;customAction&quot;: &quot;before_Landing_Connexion_paywall_auto&quot;, &quot;customLabel&quot;: &quot;bGVmaWdhcm8uZnJfXzFmMDNmMDUwLTZlM2QtNmZiNC04ZmQyLTA3ZDJlNmQzMzY3OV9fQXJ0aWNsZQ==_Jean-Pierre Robin\u00a0: \u00ab\u00a0M\u00eame Mickey Mouse pourrait \u00eatre pr\u00e9sident, tant l\u2019\u00e9conomie am\u00e9ricaine est forte\u00a0\u00bb_187&quot;, &quot;customIDSPE&quot;: &quot;bGVmaWdhcm8uZnJfXzFmMDNmMDUwLTZlM2QtNmZiNC04ZmQyLTA3ZDJlNmQzMzY3OV9fQXJ0aWNsZQ==&quot;, &quot;event&quot;: &quot;customEventSPE&quot;}\" target=\"_blank\" rel=\"noopener\"><br \/>\n                    Connectez-vous<br \/>\n                <\/a>\n            <\/p>\n","protected":false},"excerpt":{"rendered":"CHRONIQUE &#8211; Qui renoncerait au march\u00e9 am\u00e9ricain, le premier par la taille et le plus innovant de tous\u00a0?&hellip;\n","protected":false},"author":2,"featured_media":144643,"comment_status":"","ping_status":"","sticky":false,"template":"","format":"standard","meta":{"footnotes":""},"categories":[6],"tags":[339,340,35,343,345,350,130,344,352,349,75,33,34,341,313,1011,27,346,342,353,351,347,348,354],"class_list":{"0":"post-144642","1":"post","2":"type-post","3":"status-publish","4":"format-standard","5":"has-post-thumbnail","7":"category-economie","8":"tag-actualite-economique","9":"tag-bourse","10":"tag-business","11":"tag-cac-40","12":"tag-chef-dentreprise","13":"tag-concurrence","14":"tag-consommation","15":"tag-creation-dentreprise","16":"tag-crise","17":"tag-delocalisations","18":"tag-donald-trump","19":"tag-economie","20":"tag-economy","21":"tag-emploi","22":"tag-entreprises","23":"tag-fr","24":"tag-france","25":"tag-grands-patrons","26":"tag-impots","27":"tag-licenciements","28":"tag-monopole","29":"tag-multinationales","30":"tag-privatisation","31":"tag-unio"},"share_on_mastodon":{"url":"https:\/\/pubeurope.com\/@fr\/114609535265830206","error":""},"_links":{"self":[{"href":"https:\/\/www.europesays.com\/fr\/wp-json\/wp\/v2\/posts\/144642","targetHints":{"allow":["GET"]}}],"collection":[{"href":"https:\/\/www.europesays.com\/fr\/wp-json\/wp\/v2\/posts"}],"about":[{"href":"https:\/\/www.europesays.com\/fr\/wp-json\/wp\/v2\/types\/post"}],"author":[{"embeddable":true,"href":"https:\/\/www.europesays.com\/fr\/wp-json\/wp\/v2\/users\/2"}],"replies":[{"embeddable":true,"href":"https:\/\/www.europesays.com\/fr\/wp-json\/wp\/v2\/comments?post=144642"}],"version-history":[{"count":0,"href":"https:\/\/www.europesays.com\/fr\/wp-json\/wp\/v2\/posts\/144642\/revisions"}],"wp:featuredmedia":[{"embeddable":true,"href":"https:\/\/www.europesays.com\/fr\/wp-json\/wp\/v2\/media\/144643"}],"wp:attachment":[{"href":"https:\/\/www.europesays.com\/fr\/wp-json\/wp\/v2\/media?parent=144642"}],"wp:term":[{"taxonomy":"category","embeddable":true,"href":"https:\/\/www.europesays.com\/fr\/wp-json\/wp\/v2\/categories?post=144642"},{"taxonomy":"post_tag","embeddable":true,"href":"https:\/\/www.europesays.com\/fr\/wp-json\/wp\/v2\/tags?post=144642"}],"curies":[{"name":"wp","href":"https:\/\/api.w.org\/{rel}","templated":true}]}}