{"id":144648,"date":"2025-06-01T18:33:10","date_gmt":"2025-06-01T18:33:10","guid":{"rendered":"https:\/\/www.europesays.com\/fr\/144648\/"},"modified":"2025-06-01T18:33:10","modified_gmt":"2025-06-01T18:33:10","slug":"finalement-boris-vallaud-a-choisi-entre-olivier-faure-et-nicolas-mayer-rossignol","status":"publish","type":"post","link":"https:\/\/www.europesays.com\/fr\/144648\/","title":{"rendered":"Finalement Boris Vallaud a choisi entre Olivier Faure et Nicolas Mayer Rossignol"},"content":{"rendered":"<p>        <img decoding=\"async\" loading=\"lazy\" src=\"https:\/\/www.europesays.com\/fr\/wp-content\/uploads\/2025\/06\/9f1ec5c_1677399968899-000-338n7zc.jpg\"  width=\"728\" height=\"409\" alt=\"Boris Vallaud, ici en f\u00e9vrier 2023, votera pour Olivier Faure contre Nicolas Mayer-Rossignol. \"\/>  <\/p>\n<p>LUDOVIC MARIN \/ AFP<\/p>\n<p>Boris Vallaud, ici en f\u00e9vrier 2023, votera pour Olivier Faure contre Nicolas Mayer-Rossignol. <\/p>\n<p class=\"asset asset-text\">GAUCHE &#8211; Son courant ne donne pas de consigne de vote. Lui non plus d\u2019ailleurs. Mais <a href=\"https:\/\/www.huffingtonpost.fr\/politique\/article\/au-ps-les-encheres-commencent-pour-conquerir-boris-vallaud-devenu-faiseur-de-roi_250607.html\" target=\"_blank\" rel=\"noopener nofollow\" title=\"Nouvelle fen\u00eatre\">Boris Vallaud<\/a>, arriv\u00e9 troisi\u00e8me \u00e0 l\u2019issue du <a href=\"https:\/\/www.huffingtonpost.fr\/politique\/article\/congres-du-ps-olivier-faure-et-nicolas-mayer-rossignol-en-tete-d-un-premier-tour-tres-serre-pour-l-election-du-premier-secretaire_250603.html\" target=\"_blank\" rel=\"noopener nofollow\" title=\"Nouvelle fen\u00eatre\">premier tour du congr\u00e8s du Parti socialiste<\/a>, indique tout de m\u00eame sa pr\u00e9f\u00e9rence. Dans une interview publi\u00e9e ce dimanche 1er juin par <a href=\"https:\/\/www.lemonde.fr\/politique\/article\/2025\/06\/01\/boris-vallaud-je-voterai-pour-olivier-faure-mais-ce-n-est-ni-un-cheque-en-blanc-ni-une-ardoise-magique_6609916_823448.html\" target=\"_blank\" rel=\"noopener nofollow\" title=\"Nouvelle fen\u00eatre\">Le Monde<\/a>, le pr\u00e9sident du groupe PS \u00e0 l\u2019Assembl\u00e9e nationale annonce &#8211;<a href=\"https:\/\/www.huffingtonpost.fr\/politique\/article\/pour-le-congres-du-ps-vallaud-ne-choisit-pas-entre-faure-et-mayer-rossignol-mais-laisse-un-indice_250729.html\" target=\"_blank\" rel=\"noopener nofollow\" title=\"Nouvelle fen\u00eatre\">comme on pouvait s\u2019y attendre<\/a>&#8211; qu\u2019il votera pour Olivier Faure, le premier secr\u00e9taire sortant.<\/p>\n<p class=\"asset asset-text\">Ce second tour aura lieu jeudi et il sera la revanche du congr\u00e8s de 2023\u00a0face au maire de Rouen <a href=\"https:\/\/www.huffingtonpost.fr\/politique\/article\/pour-le-congres-du-ps-cet-ancien-patron-des-socialistes-vote-nicolas-mayer-rossignol_250434.html\" rel=\"nofollow noopener\" target=\"_blank\">Nicolas Mayer-Rossignol<\/a>. \u00ab Mon choix n\u2019est pas une consigne, insiste le d\u00e9put\u00e9 des Landes en se disant trop attach\u00e9 \u00e0 la libert\u00e9 des militants.\u00a0\u00bb\u00a0<\/p>\n<p class=\"asset asset-text\">L\u2019ancien collaborateur de Fran\u00e7ois Hollande, qui a \u00e9chang\u00e9 avec Olivier Faure, arriv\u00e9 en t\u00eate (42,2%), et Nicolas Mayer-Rossignol, le maire de Rouen, arriv\u00e9 deuxi\u00e8me (40,4%), justifie son choix en estimant que \u00ab\u00a0celui qui est arriv\u00e9 en t\u00eate a la l\u00e9gitimit\u00e9 et surtout la responsabilit\u00e9 de rassembler\u00a0\u00bb. Il pr\u00e9cise qu\u2019il \u00ab\u00a0partage aussi la ligne d\u2019union de la gauche\u00a0\u00bb du premier secr\u00e9taire sortant.<\/p>\n<p class=\"asset asset-text\">Mais son vote pour Olivier Faure ne sera \u00ab\u00a0ni un ch\u00e8que en blanc ni une ardoise magique\u00a0\u00bb, insiste celui qui a cr\u00e9\u00e9 la surprise en obtenant 17,4% des voix derri\u00e8re ses deux concurrents. \u00ab\u00a0S\u2019il est \u00e9lu, M. Faure devra r\u00e9pondre \u00e0 l\u2019aspiration au changement des militants, \u00e0 leur volont\u00e9 de se mettre au travail sur les id\u00e9es, \u00e0 leur d\u00e9sir d\u2019\u00eatre mieux pris en consid\u00e9ration dans les choix strat\u00e9giques du parti, \u00e0 leur souhait d\u2019une gouvernance large et unie, respectant et \u00e9coutant toutes les sensibilit\u00e9s\u00a0\u00bb, pr\u00e9vient Boris Vallaud.<\/p>\n<p>                     Vallaud a eu des engagements de Faure    <\/p>\n<p class=\"asset asset-text\">Le d\u00e9put\u00e9 des Landes dit avoir obtenu \u00ab\u00a0des engagements fermes d\u2019Olivier\u00a0\u00bb Faure, sur ses demandes et promet d\u2019\u00eatre \u00ab\u00a0vigilant \u00e0 leur mise en oeuvre effective\u00a0\u00bb.<\/p>\n<p class=\"asset asset-text\">Boris Vallaud s\u2019\u00e9tait lanc\u00e9 dans la bataille du congr\u00e8s en candidat de \u00ab\u00a0la r\u00e9conciliation\u00a0\u00bb du parti, fractur\u00e9 depuis le pr\u00e9c\u00e9dent congr\u00e8s fratricide de Marseille en 2023, et avec pour objectif de remettre le PS au travail. Il a notamment mis en avant l\u2019id\u00e9e de \u00ab\u00a0d\u00e9marchandisation\u00a0\u00bb de la soci\u00e9t\u00e9, a initi\u00e9 une \u00ab\u00a0acad\u00e9mie L\u00e9on Blum\u00a0\u00bb, lieu de formation et de production d\u2019id\u00e9es, et lanc\u00e9 un m\u00e9dia interne Le Nouveau populaire.<\/p>\n<p class=\"asset asset-text\">Se f\u00e9licitant d\u2019avoir \u00ab\u00a0bouscul\u00e9\u00a0\u00bb la logique du \u00ab\u00a0bloc contre bloc\u00a0\u00bb, Boris Vallaud estime avoir \u00ab\u00a0parlementaris\u00e9 le PS car personne ne dispose de majorit\u00e9 absolue au conseil national (parlement du parti) et au bureau national (l\u2019ex\u00e9cutif)\u00a0\u00bb. Pour lui, celui qui sera \u00e9lu devra donc \u00ab\u00a0faire acte de modestie absolue\u00a0\u00bb, et m\u00eame si Olivier Faure gagne, \u00ab\u00a0le PS ne se fera pas sans Nicolas Mayer-Rossignol\u00a0\u00bb et \u00ab\u00a0Carole Delga\u00a0\u00bb, la pr\u00e9sidente d\u2019Occitanie.<\/p>\n","protected":false},"excerpt":{"rendered":"LUDOVIC MARIN \/ AFP Boris Vallaud, ici en f\u00e9vrier 2023, votera pour Olivier Faure contre Nicolas Mayer-Rossignol. GAUCHE&hellip;\n","protected":false},"author":2,"featured_media":144649,"comment_status":"","ping_status":"","sticky":false,"template":"","format":"standard","meta":{"footnotes":""},"categories":[2],"tags":[11,1011,27,2383,12,4393,4484,316],"class_list":{"0":"post-144648","1":"post","2":"type-post","3":"status-publish","4":"format-standard","5":"has-post-thumbnail","7":"category-actualites","8":"tag-actualites","9":"tag-fr","10":"tag-france","11":"tag-gauche","12":"tag-news","13":"tag-olivier-faure","14":"tag-parti-socialiste-ps","15":"tag-politique"},"share_on_mastodon":{"url":"https:\/\/pubeurope.com\/@fr\/114609547068426446","error":""},"_links":{"self":[{"href":"https:\/\/www.europesays.com\/fr\/wp-json\/wp\/v2\/posts\/144648","targetHints":{"allow":["GET"]}}],"collection":[{"href":"https:\/\/www.europesays.com\/fr\/wp-json\/wp\/v2\/posts"}],"about":[{"href":"https:\/\/www.europesays.com\/fr\/wp-json\/wp\/v2\/types\/post"}],"author":[{"embeddable":true,"href":"https:\/\/www.europesays.com\/fr\/wp-json\/wp\/v2\/users\/2"}],"replies":[{"embeddable":true,"href":"https:\/\/www.europesays.com\/fr\/wp-json\/wp\/v2\/comments?post=144648"}],"version-history":[{"count":0,"href":"https:\/\/www.europesays.com\/fr\/wp-json\/wp\/v2\/posts\/144648\/revisions"}],"wp:featuredmedia":[{"embeddable":true,"href":"https:\/\/www.europesays.com\/fr\/wp-json\/wp\/v2\/media\/144649"}],"wp:attachment":[{"href":"https:\/\/www.europesays.com\/fr\/wp-json\/wp\/v2\/media?parent=144648"}],"wp:term":[{"taxonomy":"category","embeddable":true,"href":"https:\/\/www.europesays.com\/fr\/wp-json\/wp\/v2\/categories?post=144648"},{"taxonomy":"post_tag","embeddable":true,"href":"https:\/\/www.europesays.com\/fr\/wp-json\/wp\/v2\/tags?post=144648"}],"curies":[{"name":"wp","href":"https:\/\/api.w.org\/{rel}","templated":true}]}}