{"id":144650,"date":"2025-06-01T18:34:10","date_gmt":"2025-06-01T18:34:10","guid":{"rendered":"https:\/\/www.europesays.com\/fr\/144650\/"},"modified":"2025-06-01T18:34:10","modified_gmt":"2025-06-01T18:34:10","slug":"on-peut-aussi-marcher-sous-les-etoiles","status":"publish","type":"post","link":"https:\/\/www.europesays.com\/fr\/144650\/","title":{"rendered":"on peut aussi marcher sous les \u00e9toiles"},"content":{"rendered":"<blockquote class=\"question\"><p>R\u00e9mi Goiffon, quel est votre r\u00f4le dans l\u2019organisation de cette Marche sous les \u00e9toiles\u00a0?<\/p><\/blockquote>\n<p>\u00ab\u00a0Je m\u2019occupe de cette marche depuis environ 7 ans. Mon r\u00f4le consiste \u00e0 d\u00e9finir les parcours, organiser les \u00e9quipes de b\u00e9n\u00e9voles, installer le balisage la veille et pr\u00e9parer les ravitaillements. Pour 6\u00a0km nous proposons un ravitaillement \u00e0 l\u2019arriv\u00e9e et pour 11\u00a0km il y en a un en route et un \u00e0 l\u2019arriv\u00e9e.<\/p>\n<p>\u00ab\u00a0Je suis pr\u00eat \u00e0 intervenir rapidement et pallier les impr\u00e9vus\u00a0\u00bb<\/p>\n<p>Durant la marche, je reste sur le stade et s\u2019il y a un appel avec un probl\u00e8me de balisage, je suis pr\u00eat \u00e0 intervenir rapidement et pallier les impr\u00e9vus. Une ann\u00e9e il y avait&#8230;<\/p>\n","protected":false},"excerpt":{"rendered":"R\u00e9mi Goiffon, quel est votre r\u00f4le dans l\u2019organisation de cette Marche sous les \u00e9toiles\u00a0? \u00ab\u00a0Je m\u2019occupe de cette&hellip;\n","protected":false},"author":2,"featured_media":144651,"comment_status":"","ping_status":"","sticky":false,"template":"","format":"standard","meta":{"footnotes":""},"categories":[9653],"tags":[1111,11,2430,7782,1687,7539,1777,674,1011,27,12,25,12490,12491,4001],"class_list":{"0":"post-144650","1":"post","2":"type-post","3":"status-publish","4":"format-standard","5":"has-post-thumbnail","7":"category-saint-etienne","8":"tag-actu","9":"tag-actualites","10":"tag-auvergne-rhone-alpes","11":"tag-balades-et-randonnees","12":"tag-culture-loisirs","13":"tag-edition-loire-sud","14":"tag-eu","15":"tag-europe","16":"tag-fr","17":"tag-france","18":"tag-news","19":"tag-republique-francaise","20":"tag-roche-la-moliere","21":"tag-roche-la-moliere-bassin","22":"tag-saint-etienne"},"share_on_mastodon":{"url":"https:\/\/pubeurope.com\/@fr\/114609550961111999","error":""},"_links":{"self":[{"href":"https:\/\/www.europesays.com\/fr\/wp-json\/wp\/v2\/posts\/144650","targetHints":{"allow":["GET"]}}],"collection":[{"href":"https:\/\/www.europesays.com\/fr\/wp-json\/wp\/v2\/posts"}],"about":[{"href":"https:\/\/www.europesays.com\/fr\/wp-json\/wp\/v2\/types\/post"}],"author":[{"embeddable":true,"href":"https:\/\/www.europesays.com\/fr\/wp-json\/wp\/v2\/users\/2"}],"replies":[{"embeddable":true,"href":"https:\/\/www.europesays.com\/fr\/wp-json\/wp\/v2\/comments?post=144650"}],"version-history":[{"count":0,"href":"https:\/\/www.europesays.com\/fr\/wp-json\/wp\/v2\/posts\/144650\/revisions"}],"wp:featuredmedia":[{"embeddable":true,"href":"https:\/\/www.europesays.com\/fr\/wp-json\/wp\/v2\/media\/144651"}],"wp:attachment":[{"href":"https:\/\/www.europesays.com\/fr\/wp-json\/wp\/v2\/media?parent=144650"}],"wp:term":[{"taxonomy":"category","embeddable":true,"href":"https:\/\/www.europesays.com\/fr\/wp-json\/wp\/v2\/categories?post=144650"},{"taxonomy":"post_tag","embeddable":true,"href":"https:\/\/www.europesays.com\/fr\/wp-json\/wp\/v2\/tags?post=144650"}],"curies":[{"name":"wp","href":"https:\/\/api.w.org\/{rel}","templated":true}]}}