{"id":14466,"date":"2025-04-10T08:11:08","date_gmt":"2025-04-10T08:11:08","guid":{"rendered":"https:\/\/www.europesays.com\/fr\/14466\/"},"modified":"2025-04-10T08:11:08","modified_gmt":"2025-04-10T08:11:08","slug":"lacces-en-voiture-perturbe-a-cause-de-travaux-des-ce-jeudi","status":"publish","type":"post","link":"https:\/\/www.europesays.com\/fr\/14466\/","title":{"rendered":"l&rsquo;acc\u00e8s en voiture perturb\u00e9 \u00e0 cause de travaux d\u00e8s ce jeudi"},"content":{"rendered":"<p>            Par<br \/>\n        <strong><br \/>\n            <a href=\"https:\/\/actu.fr\/auteur\/ivan-capecchi\" title=\"Consulter tous les articles de Ivan CAPECCHI\" rel=\"nofollow noopener\" target=\"_blank\">Ivan CAPECCHI<\/a><br \/>\n        <\/strong><\/p>\n<p>        Publi\u00e9 le<\/p>\n<p>            10 avr. 2025 \u00e0 9h49        <\/p>\n<p>\u00c0 partir de ce jeudi 10\u00a0avril 2025, l\u2019acc\u00e8s en voiture \u00e0 l\u2019<a href=\"https:\/\/actu.fr\/grand-est\/strasbourg_67482\/strasbourg-ces-hopitaux-font-partie-des-meilleurs-de-france-d-apres-ce-classement-2024_60828016.html\" rel=\"nofollow noopener\" target=\"_blank\">h\u00f4pital de Hautepierre<\/a> \u00e0 Strasbourg est perturb\u00e9 en raison de <a href=\"https:\/\/actu.fr\/tag\/travaux\" rel=\"nofollow noopener\" target=\"_blank\">travaux<\/a>.<\/p>\n<p>Travaux et circulation altern\u00e9e<\/p>\n<p class=\" wall-content\">En effet, comme le signale Info Trafic Bas-Rhin (ITBR 67) sur sa page <a href=\"https:\/\/actu.fr\/tag\/facebook\" rel=\"nofollow noopener\" target=\"_blank\">Facebook<\/a>, des \u00ab<strong>\u2009travaux [ont lieu] dans la sortie 2 CHU Hautepierre<\/strong>, \u00e0 hauteur du croisement avec la rue Henri Bergson, dans le cadre du <a href=\"https:\/\/actu.fr\/grand-est\/strasbourg_67482\/strasbourg-pourquoi-les-factures-de-gaz-de-milliers-de-foyers-vont-baisser-des-2025_57627935.html\" rel=\"nofollow noopener\" target=\"_blank\">chantier Evos\u2009: r\u00e9seau de chaleur ouest Strasbourg<\/a>\u2009\u00bb*.<\/p>\n<p class=\" wall-content\">ITBR annonce \u00e9galement la \u00ab<strong>\u2009mise en place d\u2019une circulation altern\u00e9e par feux tricolores jusqu\u2019au vendredi 23\u00a0mai<\/strong>\u2009\u00bb.<\/p>\n<p class=\" wall-content\">\u00ab\u2009Des <strong>perturbations<\/strong> sont \u00e0 pr\u00e9voir dans le secteur qui aura un potentiel impact sur la <strong>M351<\/strong>\u2009\u00bb, ach\u00e8ve la page sp\u00e9cialis\u00e9e dans le trafic routier.<\/p>\n<p class=\" wall-content\">*En 2025, le r\u00e9seau de chaleur Ouest Strasbourg (Hautepierre-Poteries), qui apporte chauffage et eau chaude sanitaire \u00e0 l\u2019ensemble des habitants de ce secteur, doit \u00eatre modernis\u00e9, \u00e9tendu aux quartiers de Cronenbourg et de Koenigshoffen, et converti aux \u00e9nergies renouvelables et de r\u00e9cup\u00e9ration.<\/p>\n<p>Vid\u00e9os : en ce moment sur Actu<\/p>\n<p class=\" wall-content\">Suivez toute l\u2019actualit\u00e9 de vos villes et m\u00e9dias favoris en vous inscrivant \u00e0 <a href=\"https:\/\/moncompte.actu.fr\" title=\"D\u00e9couvez Mon Actu\" rel=\"nofollow noopener\" data-trk=\"{&quot;cta&quot;:{&quot;action&quot;:&quot;https:\\\/\\\/moncompte.actu.fr&quot;,&quot;category&quot;:&quot;mon compte&quot;,&quot;from&quot;:&quot;article footer&quot;,&quot;name&quot;:&quot;Mon actu&quot;,&quot;type&quot;:&quot;cta&quot;}}\" target=\"_blank\">Mon Actu<\/a>.<\/p>\n<ul class=\"ac-article-tag wall-content\">\n<li><a href=\"https:\/\/actu.fr\/tag\/hopital-de-hautepierre\" data-trk=\"{&quot;cta&quot;:{&quot;action&quot;:&quot;H\\u00f4pital de Hautepierre&quot;,&quot;category&quot;:&quot;tag&quot;,&quot;from&quot;:&quot;article footer&quot;,&quot;name&quot;:&quot;H\\u00f4pital de Hautepierre&quot;,&quot;type&quot;:&quot;cta&quot;}}\" rel=\"nofollow noopener\" target=\"_blank\">#H\u00f4pital de Hautepierre<\/a><\/li>\n<li><a href=\"https:\/\/actu.fr\/tag\/travaux\" data-trk=\"{&quot;cta&quot;:{&quot;action&quot;:&quot;Travaux&quot;,&quot;category&quot;:&quot;tag&quot;,&quot;from&quot;:&quot;article footer&quot;,&quot;name&quot;:&quot;Travaux&quot;,&quot;type&quot;:&quot;cta&quot;}}\" rel=\"nofollow noopener\" target=\"_blank\">#Travaux<\/a><\/li>\n<\/ul>\n","protected":false},"excerpt":{"rendered":"Par Ivan CAPECCHI Publi\u00e9 le 10 avr. 2025 \u00e0 9h49 \u00c0 partir de ce jeudi 10\u00a0avril 2025, l\u2019acc\u00e8s&hellip;\n","protected":false},"author":2,"featured_media":14467,"comment_status":"","ping_status":"","sticky":false,"template":"","format":"standard","meta":{"footnotes":""},"categories":[2820],"tags":[1111,11,1777,674,1011,27,775,6272,12,25,104,640,2086],"class_list":{"0":"post-14466","1":"post","2":"type-post","3":"status-publish","4":"format-standard","5":"has-post-thumbnail","7":"category-strasbourg","8":"tag-actu","9":"tag-actualites","10":"tag-eu","11":"tag-europe","12":"tag-fr","13":"tag-france","14":"tag-grand-est","15":"tag-hopital-de-hautepierre","16":"tag-news","17":"tag-republique-francaise","18":"tag-societe","19":"tag-strasbourg","20":"tag-travaux"},"share_on_mastodon":{"url":"https:\/\/pubeurope.com\/@fr\/114312661147722708","error":""},"_links":{"self":[{"href":"https:\/\/www.europesays.com\/fr\/wp-json\/wp\/v2\/posts\/14466","targetHints":{"allow":["GET"]}}],"collection":[{"href":"https:\/\/www.europesays.com\/fr\/wp-json\/wp\/v2\/posts"}],"about":[{"href":"https:\/\/www.europesays.com\/fr\/wp-json\/wp\/v2\/types\/post"}],"author":[{"embeddable":true,"href":"https:\/\/www.europesays.com\/fr\/wp-json\/wp\/v2\/users\/2"}],"replies":[{"embeddable":true,"href":"https:\/\/www.europesays.com\/fr\/wp-json\/wp\/v2\/comments?post=14466"}],"version-history":[{"count":0,"href":"https:\/\/www.europesays.com\/fr\/wp-json\/wp\/v2\/posts\/14466\/revisions"}],"wp:featuredmedia":[{"embeddable":true,"href":"https:\/\/www.europesays.com\/fr\/wp-json\/wp\/v2\/media\/14467"}],"wp:attachment":[{"href":"https:\/\/www.europesays.com\/fr\/wp-json\/wp\/v2\/media?parent=14466"}],"wp:term":[{"taxonomy":"category","embeddable":true,"href":"https:\/\/www.europesays.com\/fr\/wp-json\/wp\/v2\/categories?post=14466"},{"taxonomy":"post_tag","embeddable":true,"href":"https:\/\/www.europesays.com\/fr\/wp-json\/wp\/v2\/tags?post=14466"}],"curies":[{"name":"wp","href":"https:\/\/api.w.org\/{rel}","templated":true}]}}