{"id":144679,"date":"2025-06-01T18:52:15","date_gmt":"2025-06-01T18:52:15","guid":{"rendered":"https:\/\/www.europesays.com\/fr\/144679\/"},"modified":"2025-06-01T18:52:15","modified_gmt":"2025-06-01T18:52:15","slug":"4-galeries-dart-a-visiter","status":"publish","type":"post","link":"https:\/\/www.europesays.com\/fr\/144679\/","title":{"rendered":"4 galeries d&rsquo;art \u00e0 visiter"},"content":{"rendered":"<p class=\"editor-content__paragraph\">Il y a bien s\u00fbr le<strong> mus\u00e9e Matisse<\/strong> et le<strong> mus\u00e9e Chagall<\/strong>, mais aussi le <strong>MAMAC<\/strong> (actuellement ferm\u00e9 pour travaux), le mus\u00e9e des Beaux-Arts Jules-Ch\u00e9ret, le <strong>mus\u00e9e de la photographie Charles-N\u00e8gre<\/strong> ou encore le mus\u00e9e international d\u2019art na\u00eff Anatole-Jakovsky. Mais la <strong>cr\u00e9ation contemporaine<\/strong> y est aussi repr\u00e9sent\u00e9e \u00e0 travers les galeries qui fleurissent la ville.<\/p>\n<p class=\"editor-content__paragraph\">Outre ces lieux ni\u00e7ois, on d\u00e9colle facilement de la ville pour rejoindre <a href=\"https:\/\/www.beauxarts.com\/expos\/la-fondation-maeght-ou-lindemodable-moderne\/\" target=\"_blank\" rel=\"noopener\">la sublime <strong>fondation Maeght<\/strong> \u00e0 Saint-Paul-de-Vence<\/a>, laquelle est voisine de la <strong><a href=\"https:\/\/www.beauxarts.com\/expos\/la-fondation-cab-prend-racine-a-saint-paul-de-vence\/\" target=\"_blank\" rel=\"noopener\">fondation CAB<\/a><\/strong>. Sur les hauteurs, on retrouve aussi <strong>une galerie<\/strong> qui fait figure de v\u00e9ritable institution. Bref, impossible de s\u2019ennuyer <strong>sur la C\u00f4te d\u2019Azur<\/strong>\u00a0!<\/p>\n<p>Eva Vautier, fille d\u2019artiste, femme galeriste<\/p>\n<p>    <img loading=\"lazy\" decoding=\"async\" class=\"image__img\" src=\"https:\/\/www.europesays.com\/fr\/wp-content\/uploads\/2025\/06\/webgalerie-eva-vautier-exposition-figuration-libre--francois-fernandez-964x723.jpg\" alt=\"Exposition \u00ab\u00a0Figuration Libre\u00a0\u00bb \u00e0 la galerie Eva Vautier\" width=\"964\" height=\"723\"\/><\/p>\n<p>Exposition \u00ab\u00a0Figuration Libre\u00a0\u00bb \u00e0 la galerie Eva Vautier<\/p>\n<p>    i<\/p>\n<p class=\"editor-content__paragraph\">Qui peut dire qu\u2019il a un jour \u00e9t\u00e9 une \u0153uvre d\u2019art\u00a0? En 1965, alors qu\u2019elle \u00e9tait \u00e2g\u00e9e de trois mois seulement, <a href=\"https:\/\/www.beauxarts.com\/grand-format\/lartiste-ben-figure-legendaire-de-lecole-de-nice-a-ete-retrouve-mort-chez-lui\/\" target=\"_blank\" rel=\"noopener\"><strong>Ben Vautier<\/strong><\/a><strong> a \u00ab\u00a0sign\u00e9\u00a0\u00bb sa fille Eva<\/strong> pour en faire une \u00ab\u00a0sculpture vivante\u00a0\u00bb. 48\u00a0ans plus tard, l\u2019h\u00e9riti\u00e8re se faisait \u00e0 son tour un nom dans le paysage de l\u2019art ni\u00e7ois en <strong>ouvrant en 2013\u00a0sa galerie<\/strong>, dans un espace sur rue d\u2019environ 200\u00a0m2, avec un espace d\u2019expositions et un coin d\u00e9di\u00e9 aux \u00e9ditions et multiples. Sur ses murs\u00a0? Des <strong>\u0153uvres de son p\u00e8re<\/strong>, bien s\u00fbr, mais surtout<strong> d\u2019autres artistes<\/strong>, comme le dessinateur Fran\u00e7ois Paris, le sculpteur Florian Pugnaire ou le peintre Gregory Forstner. <strong>Beaucoup de femmes<\/strong> aussi y sont repr\u00e9sent\u00e9es, dont la peintre Jacqueline Gainon, la g\u00e9niale et irr\u00e9v\u00e9rencieuse plasticienne Natacha Lesueur ou la photographe Simone Simon.<\/p>\n<p>  Arrow<\/p>\n<p>Galerie Eva Vautier<\/p>\n<p class=\"annexe-content__infos\">2 Rue Vernier \u2022 06000 Nice<br \/><a href=\"https:\/\/eva-vautier.com\/\" target=\"_blank\" rel=\"noopener\">eva-vautier.com<\/a><\/p>\n<p>        \u00c0 lire aussi :<br \/>\n        <a class=\"renvoi-explicite__link\" href=\"https:\/\/www.beauxarts.com\/videos\/tout-lesprit-genial-de-ben-dans-une-archive-video-de-1989\/\" target=\"_blank\" rel=\"noopener\">Tout l\u2019esprit g\u00e9nial de Ben dans une archive vid\u00e9o de 1989<\/a><\/p>\n<p>Espace \u00e0 Vendre, et \u00e0 voir<\/p>\n<p>    <img loading=\"lazy\" decoding=\"async\" class=\"image__img\" src=\"https:\/\/www.europesays.com\/fr\/wp-content\/uploads\/2025\/06\/webcapture-decran-2025-05-30-a-15.19.52-964x641.jpg\" alt=\"Exposition de Racca Vammerisse dans la galerie Espace \u00e0 vendre\" width=\"964\" height=\"641\"\/><\/p>\n<p>Exposition de Racca Vammerisse dans la galerie Espace \u00e0 vendre, 2024<\/p>\n<p>    i<\/p>\n<p class=\"editor-content__paragraph\">Au d\u00e9but, il n\u2019avait que 18\u00a0petits m2. <strong>Fond\u00e9 par Bertrand Baraudou<\/strong>, Espace \u00e0 Vendre a depuis d\u00e9m\u00e9nag\u00e9 plusieurs fois, jusqu\u2019\u00e0 faire son nid <strong>rue Assalit<\/strong>, o\u00f9 il s\u2019\u00e9tend d\u00e9sormais sur pas moins de 250\u00a0m2 \u2013 avec une salle d\u2019exposition, un showroom priv\u00e9 pour les collections et une cour en plein air. Derri\u00e8re sa fa\u00e7ade bleue (pas tout \u00e0 fait Klein), s\u2019exposent<strong> des artistes confirm\u00e9s<\/strong> (Gilles Barbier, Bertrand Dezoteux, Maurizio Cattelan, No\u00ebl Dolla), mais pas que, accompagn\u00e9s d\u2019<strong>un agenda d\u2019\u00e9v\u00e9nements r\u00e9guliers<\/strong> \u2013 conf\u00e9rences, rencontres\u2026<\/p>\n<p>  Arrow<\/p>\n<p>Galerie Espace \u00c0 VENDRE<\/p>\n<p class=\"annexe-content__infos\">10 Rue Assalit \u2022 06000 Nice<br \/><a href=\"http:\/\/www.espace-avendre.com\/\" target=\"_blank\" rel=\"noopener\">www.espace-avendre.com<\/a><\/p>\n<p>        \u00c0 lire aussi :<br \/>\n        <a class=\"renvoi-explicite__link\" href=\"https:\/\/www.beauxarts.com\/expos\/expos-festivals-et-biennale-cap-sur-nice-pour-se-rafraichir-dans-un-ocean-dart\/\" target=\"_blank\" rel=\"noopener\">Expos, festivals et biennale\u2026 Cap sur Nice pour se rafra\u00eechir dans un oc\u00e9an d\u2019art<\/a><\/p>\n<p>\u00c0 la galerie Depardieu, des \u0153uvres et du jazz<\/p>\n<p>    <img loading=\"lazy\" decoding=\"async\" class=\"image__img\" src=\"https:\/\/www.europesays.com\/fr\/wp-content\/uploads\/2025\/06\/modp1010018-964x771.jpg\" alt=\"La galerie Depardieu \u00e0 Nice\" width=\"964\" height=\"771\"\/><\/p>\n<p>La galerie Depardieu \u00e0 Nice<\/p>\n<p>    i<\/p>\n<p class=\"editor-content__paragraph\">Install\u00e9e \u00e0 une dizaine de minutes \u00e0 pied du MAMAC, la galerie de<strong> Christian Depardieu<\/strong> s\u2019est associ\u00e9e en 2014, soit dix ans apr\u00e8s sa cr\u00e9ation, avec <strong>l\u2019association Artep<\/strong>. L\u2019ambition\u00a0? Ouvrir le champ des possibles, et transformer l\u2019endroit en<strong> vivier culturel<\/strong> avec des <strong>concerts de jazz<\/strong> ou des spectacles de danse. Tr\u00e8s vivant, le lieu est cher au c\u0153ur des Ni\u00e7ois, qui y d\u00e9couvrent les \u0153uvres d\u2019<strong>artistes locaux<\/strong> (Marcel Alocco, Max Charvolen) et <strong>internationaux<\/strong> (Alireza Shojaian, g\u00e9nial peintre iranien que l\u2019on avait d\u00e9couvert en 2022\u00a0dans <a href=\"https:\/\/www.beauxarts.com\/expos\/a-linstitut-du-monde-arabe-lamour-a-corps-et-a-queer\/\" target=\"_blank\" rel=\"noopener\">\u00ab\u00a0Habibi, les r\u00e9volutions de l\u2019amour\u00a0\u00bb \u00e0 l\u2019Institut du monde arabe<\/a>). Une belle adresse.<\/p>\n<p class=\"annexe-content__infos\">6 Rue Docteur Jacques Guidoni \u2022 06000 Nice<br \/><a href=\"http:\/\/www.galerie-depardieu.com\/\" target=\"_blank\" rel=\"noopener\">www.galerie-depardieu.com<\/a><\/p>\n<p>        \u00c0 lire aussi :<br \/>\n        <a class=\"renvoi-explicite__link\" href=\"https:\/\/www.beauxarts.com\/lifestyle\/nice-la-riviera-des-arts\/\" target=\"_blank\" rel=\"noopener\">Nice, la riviera des arts<\/a><\/p>\n<p>\u00c0 deux pas de la fondation Maeght, la galerie Catherine Issert<\/p>\n<p>    <img loading=\"lazy\" decoding=\"async\" class=\"image__img\" src=\"https:\/\/www.europesays.com\/fr\/wp-content\/uploads\/2025\/06\/webal_2025_issert_galerie_50ans_dsc3409-1-964x643.jpg\" alt=\"La galerie Catherine Issert \u00e0 Saint-Paul-de-Vence\" width=\"964\" height=\"643\"\/><\/p>\n<p>La galerie Catherine Issert \u00e0 Saint-Paul-de-Vence, 2025<\/p>\n<p>    i<\/p>\n<p class=\"editor-content__paragraph\">Impossible de la manquer\u00a0: \u00e0 l\u2019entr\u00e9e du village de <strong>Saint-Paul-de-Vence<\/strong> \u2013 o\u00f9 l\u2019on vient, bien s\u00fbr, pour la fondation Maeght mais aussi pour arpenter les ruelles escarp\u00e9es de ce si joli village aim\u00e9 des peintres \u2013, la galerie Catherine Issert d\u00e9fend <strong>depuis 1975<\/strong> (soit onze ans seulement apr\u00e8s l\u2019ouverture de la fondation) des artistes tels que <strong>Claude Viallat, Fran\u00e7ois Morellet, G\u00e9rard Traquandi<\/strong>, Felice Varini. Attentive aussi \u00e0 la<strong> jeune cr\u00e9ation<\/strong>, elle est l\u2019une des figures importantes de la petite mais dynamique Biennale internationale d\u2019art contemporain de Saint-Paul-de-Vence.<\/p>\n<p>  Arrow<\/p>\n<p>Galerie Catherine Issert<\/p>\n<p class=\"annexe-content__infos\">2 Route des Serres \u2022 06570 Saint-Paul-de-Vence<br \/><a href=\"https:\/\/www.galerie-issert.com\" target=\"_blank\" rel=\"noopener\">www.galerie-issert.com<\/a><\/p>\n<p>        \u00c0 lire aussi :<br \/>\n        <a class=\"renvoi-explicite__link\" href=\"https:\/\/www.beauxarts.com\/grand-format\/comment-est-nee-la-fondation-maeght-linstitution-mythique-de-lart-moderne-a-60-ans\/\" target=\"_blank\" rel=\"noopener\">Comment est n\u00e9e la fondation Maeght ? L&rsquo;institution mythique de l&rsquo;art moderne a 60 ans\u00a0!<\/a><\/p>\n","protected":false},"excerpt":{"rendered":"Il y a bien s\u00fbr le mus\u00e9e Matisse et le mus\u00e9e Chagall, mais aussi le MAMAC (actuellement ferm\u00e9&hellip;\n","protected":false},"author":2,"featured_media":144680,"comment_status":"","ping_status":"","sticky":false,"template":"","format":"standard","meta":{"footnotes":""},"categories":[2819],"tags":[1111,11,1396,1777,674,1011,27,27333,27336,27335,27334,7455,12,2401,882,25],"class_list":{"0":"post-144679","1":"post","2":"type-post","3":"status-publish","4":"format-standard","5":"has-post-thumbnail","7":"category-nice","8":"tag-actu","9":"tag-actualites","10":"tag-art-contemporain","11":"tag-eu","12":"tag-europe","13":"tag-fr","14":"tag-france","15":"tag-galerie-catherine-issert","16":"tag-galerie-depardieu","17":"tag-galerie-espace-a-vendre","18":"tag-galerie-eva-vautier","19":"tag-galeries","20":"tag-news","21":"tag-nice","22":"tag-provence-alpes-cote-dazur","23":"tag-republique-francaise"},"share_on_mastodon":{"url":"https:\/\/pubeurope.com\/@fr\/114609621865929167","error":""},"_links":{"self":[{"href":"https:\/\/www.europesays.com\/fr\/wp-json\/wp\/v2\/posts\/144679","targetHints":{"allow":["GET"]}}],"collection":[{"href":"https:\/\/www.europesays.com\/fr\/wp-json\/wp\/v2\/posts"}],"about":[{"href":"https:\/\/www.europesays.com\/fr\/wp-json\/wp\/v2\/types\/post"}],"author":[{"embeddable":true,"href":"https:\/\/www.europesays.com\/fr\/wp-json\/wp\/v2\/users\/2"}],"replies":[{"embeddable":true,"href":"https:\/\/www.europesays.com\/fr\/wp-json\/wp\/v2\/comments?post=144679"}],"version-history":[{"count":0,"href":"https:\/\/www.europesays.com\/fr\/wp-json\/wp\/v2\/posts\/144679\/revisions"}],"wp:featuredmedia":[{"embeddable":true,"href":"https:\/\/www.europesays.com\/fr\/wp-json\/wp\/v2\/media\/144680"}],"wp:attachment":[{"href":"https:\/\/www.europesays.com\/fr\/wp-json\/wp\/v2\/media?parent=144679"}],"wp:term":[{"taxonomy":"category","embeddable":true,"href":"https:\/\/www.europesays.com\/fr\/wp-json\/wp\/v2\/categories?post=144679"},{"taxonomy":"post_tag","embeddable":true,"href":"https:\/\/www.europesays.com\/fr\/wp-json\/wp\/v2\/tags?post=144679"}],"curies":[{"name":"wp","href":"https:\/\/api.w.org\/{rel}","templated":true}]}}