{"id":144681,"date":"2025-06-01T18:54:19","date_gmt":"2025-06-01T18:54:19","guid":{"rendered":"https:\/\/www.europesays.com\/fr\/144681\/"},"modified":"2025-06-01T18:54:19","modified_gmt":"2025-06-01T18:54:19","slug":"play-offs-u19-nationaux-demi-finales-face-a-nantes-en-avant-guingamp-a-mesure-ses-limites","status":"publish","type":"post","link":"https:\/\/www.europesays.com\/fr\/144681\/","title":{"rendered":"Play-offs U19 nationaux (demi-finales)\u00a0: face \u00e0 Nantes, En Avant Guingamp a mesur\u00e9 ses limites"},"content":{"rendered":"<p>      Face au FC Nantes, dimanche, en demi-finale du championnat de France U19, En Avant Guingamp n\u2019a pas fait le poids. Sur le plan athl\u00e9tique notamment.<\/p>\n<p>                    Play-offs U19 nationaux (demi-finales). FC Nantes &#8211; EA Guingamp\u00a0: 3-1<\/p>\n<p>Il n\u2019y a donc pas eu photo. Dimanche, au stade Marcel-Saupin, <a href=\"https:\/\/footamateur.letelegramme.fr\/6828012\/play-offs-u19-nationaux-en-avant-guingamp-tombe-logiquement-a-nantes-video\/\" target=\"_blank\" rel=\"nofollow noopener\">En Avant Guingamp n\u2019a pas exist\u00e9 beaucoup face au FC Nantes en demi-finale du championnat de France U19 (3-1).<\/a> A l\u2019image de la saison r\u00e9guli\u00e8re, durant laquelle les Canaris avaient domin\u00e9 \u00e0 chaque fois les Bretons (3-1 et 2-0), l\u2019\u00e9cart de niveau a encore saut\u00e9 aux yeux \u00e0 diff\u00e9rents points de vue. \u00ab\u00a0Il n\u2019y a pas de regrets, les Nantais sont sup\u00e9rieurs, expliquait d\u2019ailleurs Jonathan Dru. On a manqu\u00e9 nos deux entames de mi-temps. On a manqu\u00e9 nos moments cl\u00e9s. On a eu la possibilit\u00e9 de les faire douter et on ne l\u2019a pas fait assez (apr\u00e8s avoir r\u00e9duit la marque \u00e0 20 minutes du terme, NDLR). C\u2019est un peu \u00e0 l\u2019image de notre saison face \u00e0 eux.\u00a0\u00bb<\/p>\n<p>Ultra-dominateurs au cours de la saison r\u00e9guli\u00e8re (leader avec 15 points d\u2019avance), les joueurs de St\u00e9phane Moreau disposent d\u00e9j\u00e0 de qualit\u00e9s athl\u00e9tiques tr\u00e8s au-dessus, avec des joueurs calibr\u00e9s pour le haut niveau. \u00ab\u00a0Nous avons senti une \u00e9quipe sup\u00e9rieure sur toutes les phases, sur tous les temps, confirmait l\u2019entra\u00eeneur guingampais. Elle est plus mature, plus talentueuse sur le plan individuel \u00e9galement. Face \u00e0 eux, je pense que nous sommes souvent inhib\u00e9s parce qu\u2019il y a d\u00e9j\u00e0 une sup\u00e9riorit\u00e9 athl\u00e9tique. Mais on apprend de ce genre de rendez-vous.\u00a0\u00bb<\/p>\n<p>Dimanche, la plupart de ces jeunes Guingampais ont disput\u00e9 leur derni\u00e8re rencontre avec les U19. Trois d\u2019entre eux seulement \u00e9volueront encore sous les ordres de Jonathan Dru, quand d\u2019autres quitteront le club ou rejoindront l\u2019\u00e9quipe r\u00e9serve de Jean-Baptiste Le Bescond. Place, d\u00e9sormais, \u00e0 une nouvelle g\u00e9n\u00e9ration qui tentera de faire aussi bien.<\/p>\n<p class=\"tech\"><strong class=\"tech\">BUTS.<\/strong> Nantes\u00a0: Chauvin (16\u2019), Gautier-Serant (48\u2019), Tati (72\u2019)\u00a0; Guingamp\u00a0: Bouchoukh (70\u2019).<\/p>\n<p class=\"tech\"><strong class=\"tech\">Avertissements.<\/strong> Nantes\u00a0: Miwamba (51\u2019)\u00a0; Guingamp\u00a0: Cideme (32\u2019).<\/p>\n<p class=\"tech\"><strong class=\"tech\">NANTES\u00a0: <\/strong>Natiez &#8211; Dugard, Fall, Miwamba &#8211; Chauvin, Deuff (Djonga, 73\u2019), Tati (Camara, 80\u2019), Gautier-Serant (Gassama, 80\u2019) &#8211; Nzita (c., Conti, 68\u2019), Kon\u00e9, Dabo. Entra\u00eeneur\u00a0: S. Moreau.<\/p>\n<p class=\"tech\"><strong class=\"tech\">GUINGAMP\u00a0:<\/strong> Ambassa &#8211; Diakit\u00e9, Le Goff (Rakotozafy, 80\u2019), Ebane Caro (c.) &#8211; Houlbert, Obounou (Kitenge, 50\u2019), Bouchoukh, Assongo, Richer (Kouadio, 69\u2019) &#8211; Cideme (Diawara, 50\u2019), Djegou. Entra\u00eeneur\u00a0: J. Dru.<\/p>\n<p>Cr\u00e9dit photo : Photo Matthieu Huet<\/p>\n","protected":false},"excerpt":{"rendered":"Face au FC Nantes, dimanche, en demi-finale du championnat de France U19, En Avant Guingamp n\u2019a pas fait&hellip;\n","protected":false},"author":2,"featured_media":144682,"comment_status":"","ping_status":"","sticky":false,"template":"","format":"standard","meta":{"footnotes":""},"categories":[2818],"tags":[1111,11,19062,1777,674,63,1011,27,4044,766,12,2636,25,60],"class_list":{"0":"post-144681","1":"post","2":"type-post","3":"status-publish","4":"format-standard","5":"has-post-thumbnail","7":"category-nantes","8":"tag-actu","9":"tag-actualites","10":"tag-ea-guingamp","11":"tag-eu","12":"tag-europe","13":"tag-football","14":"tag-fr","15":"tag-france","16":"tag-guingamp","17":"tag-nantes","18":"tag-news","19":"tag-pays-de-la-loire","20":"tag-republique-francaise","21":"tag-sports"},"share_on_mastodon":{"url":"https:\/\/pubeurope.com\/@fr\/114609629696836978","error":""},"_links":{"self":[{"href":"https:\/\/www.europesays.com\/fr\/wp-json\/wp\/v2\/posts\/144681","targetHints":{"allow":["GET"]}}],"collection":[{"href":"https:\/\/www.europesays.com\/fr\/wp-json\/wp\/v2\/posts"}],"about":[{"href":"https:\/\/www.europesays.com\/fr\/wp-json\/wp\/v2\/types\/post"}],"author":[{"embeddable":true,"href":"https:\/\/www.europesays.com\/fr\/wp-json\/wp\/v2\/users\/2"}],"replies":[{"embeddable":true,"href":"https:\/\/www.europesays.com\/fr\/wp-json\/wp\/v2\/comments?post=144681"}],"version-history":[{"count":0,"href":"https:\/\/www.europesays.com\/fr\/wp-json\/wp\/v2\/posts\/144681\/revisions"}],"wp:featuredmedia":[{"embeddable":true,"href":"https:\/\/www.europesays.com\/fr\/wp-json\/wp\/v2\/media\/144682"}],"wp:attachment":[{"href":"https:\/\/www.europesays.com\/fr\/wp-json\/wp\/v2\/media?parent=144681"}],"wp:term":[{"taxonomy":"category","embeddable":true,"href":"https:\/\/www.europesays.com\/fr\/wp-json\/wp\/v2\/categories?post=144681"},{"taxonomy":"post_tag","embeddable":true,"href":"https:\/\/www.europesays.com\/fr\/wp-json\/wp\/v2\/tags?post=144681"}],"curies":[{"name":"wp","href":"https:\/\/api.w.org\/{rel}","templated":true}]}}