{"id":144693,"date":"2025-06-01T19:01:14","date_gmt":"2025-06-01T19:01:14","guid":{"rendered":"https:\/\/www.europesays.com\/fr\/144693\/"},"modified":"2025-06-01T19:01:14","modified_gmt":"2025-06-01T19:01:14","slug":"un-ete-culturel-a-allauch","status":"publish","type":"post","link":"https:\/\/www.europesays.com\/fr\/144693\/","title":{"rendered":"un \u00e9t\u00e9 culturel \u00e0 Allauch"},"content":{"rendered":"<p>La commune d\u2019Allauch, situ\u00e9e dans la banlieue est de Marseille, donne une place importante \u00e0 la culture tout au long de l\u2019ann\u00e9e. Alors, quand d\u00e9bute la saison estivale, c\u2019est une occasion pour elle de rayonner, autant dans la r\u00e9gion, que dans la France enti\u00e8re. Notamment depuis que la s\u00e9rie Plus Belle la Vie Encore plus Belle y a pos\u00e9 ses cam\u00e9ras.<\/p>\n<p>Avec ses superbes sites, elle offre \u00ab\u00a0des cadres propices \u00e0 des concerts, \u00e0 des repr\u00e9sentations th\u00e9\u00e2trales ou des spectacles. Ce qui est tout \u00e0 fait exceptionnel pour recevoir le public\u00a0\u00bb, souligne le maire, Lionel de Cala. En effet, la grande majorit\u00e9 des \u00e9v\u00e9nements des Estivales se tiennent au th\u00e9\u00e2tre de nature, situ\u00e9 au c\u0153ur de la carri\u00e8re Imbert, ou dans la Bastide de Fontvieille, b\u00e2timent du XIXe\u00a0si\u00e8cle.<\/p>\n<p>De l\u2019humour au th\u00e9\u00e2tre de Nature<\/p>\n<p>Avec pr\u00e8s de sept repr\u00e9sentations, les Estivales de cette ann\u00e9e mettent \u00e0 l\u2019honneur des artistes diversifi\u00e9s. C\u2019est <a href=\"https:\/\/www.laprovence.com\/article\/culture-loisirs\/2290529816538614\/l-humoriste-mathieu-madenian-rejoint-le-casting-de-tout-pour-la-lumiere-en-tournage-a-la-ciotat-et-marseille\" target=\"_blank\" rel=\"noopener\">l\u2019humoriste Mathieu Mad\u00e9nian<\/a> qui ouvre le bal le 27\u00a0juin, avec son spectacle \u00c0 pleurer de rire, qui raconte les d\u00e9boires de jeunes parents. L\u2019humour sera \u00e9galement au rendez-vous le 5\u00a0ao\u00fbt avec <a href=\"https:\/\/laprovence.com\/article\/sortie-loisirs\/189305020800516\/zize-fraiche-et-disco-a-marseille\" target=\"_blank\" rel=\"noopener\">Zize, figure incontournable de la sc\u00e8ne comique marseillaise<\/a>, qui performera son nouveau spectacle Zize Fra\u00eeche et Disco, m\u00ealant sketch et karaok\u00e9.<\/p>\n<p>\u00c0 ce propos, elle raconte\u00a0: \u00ab\u00a0Lorsque j\u2019ai \u00e9crit, pens\u00e9, imagin\u00e9 et r\u00eav\u00e9 ce spectacle, seule dans mon bureau, j\u2019avais tr\u00e8s envie de le jouer \u00e0 Allauch. J\u2019ai eu la chance d\u2019\u00eatre inspir\u00e9e par cet endroit, o\u00f9 je trouve une certaine qui\u00e9tude et un bonheur merveilleux.\u00a0\u00bb<\/p>\n<p>Du rock au jazz\u2026<\/p>\n<p>C\u00f4t\u00e9 musique, le village d\u2019Allauch recevra <a href=\"https:\/\/laprovence.com\/article\/culture-loisirs\/6908105297631915\/louis-bertignac-plus-rock-que-jamais-ce-jeudi-soir-au-festival-cassis-en-scene\" target=\"_blank\" rel=\"noopener\">Louis Bertignac, cofondateur du groupe T\u00e9l\u00e9phone et guitariste virtuose<\/a>, pour un concert de rock. \u00ab\u00a0Louis Bertignac est actuellement en tourn\u00e9e nationale et internationale. Il va se produire \u00e0 San Francisco en septembre, mais avant, il fait un crochet par la ville d\u2019Allauch, le 11\u00a0juillet\u00a0\u00bb, explique le maire. Quinze jours plus tard, les murs de la Bastide de Fontvieille vibreront au son de la musique de Laurent de Wilde. Cette repr\u00e9sentation en trio, alliant piano, contrebasse et batterie, promet un concert de jazz.<\/p>\n<p>Un peu de th\u00e9\u00e2tre \u00e0 Allauch<\/p>\n<p>La Com\u00e9die des Suds jouera sa pi\u00e8ce phare Le Pr\u00e9nom, sur la sc\u00e8ne de la Bastide le 18\u00a0juillet. Inspir\u00e9e du c\u00e9l\u00e8bre film \u00e9ponyme, et \u00e9crite par les auteurs Matthieu Delaporte et Alexandre De la Patelli\u00e8re (sc\u00e9naristes et r\u00e9alisateurs du film Le Comte de Monte Cristo), elle a remport\u00e9 le Moli\u00e8re de la com\u00e9die en\u00a02019.<\/p>\n<p>Elle met en sc\u00e8ne un d\u00eener entre deux couples d\u2019amis, qui tourne au drame, lorsque l\u2019un des convives annonce le pr\u00e9nom, pour le moins inattendu, de son futur enfant. Au-del\u00e0 des nombreux spectacles, le village d\u2019Allauch s\u2019anime \u00e9galement lors de march\u00e9s nocturnes, de visites culturelles et de f\u00eates traditionnelles.<\/p>\n<p>Du 4\u00a0juin au 30\u00a0ao\u00fbt, r\u00e9servations sur billetterie.allauch.com.&#13;<br \/>\nPlus d\u2019infos sur allauch.com<\/p>\n","protected":false},"excerpt":{"rendered":"La commune d\u2019Allauch, situ\u00e9e dans la banlieue est de Marseille, donne une place importante \u00e0 la culture tout&hellip;\n","protected":false},"author":2,"featured_media":144694,"comment_status":"","ping_status":"","sticky":false,"template":"","format":"standard","meta":{"footnotes":""},"categories":[2814],"tags":[17,1111,11,2863,251,154,27337,2883,1777,674,1011,27,3687,884,12,5240,882,25],"class_list":{"0":"post-144693","1":"post","2":"type-post","3":"status-publish","4":"format-standard","5":"has-post-thumbnail","7":"category-marseille","8":"tag-17","9":"tag-actu","10":"tag-actualites","11":"tag-aout","12":"tag-culture","13":"tag-des","14":"tag-estivales","15":"tag-ete","16":"tag-eu","17":"tag-europe","18":"tag-fr","19":"tag-france","20":"tag-juin","21":"tag-marseille","22":"tag-news","23":"tag-programme","24":"tag-provence-alpes-cote-dazur","25":"tag-republique-francaise"},"share_on_mastodon":{"url":"https:\/\/pubeurope.com\/@fr\/114609657181931996","error":""},"_links":{"self":[{"href":"https:\/\/www.europesays.com\/fr\/wp-json\/wp\/v2\/posts\/144693","targetHints":{"allow":["GET"]}}],"collection":[{"href":"https:\/\/www.europesays.com\/fr\/wp-json\/wp\/v2\/posts"}],"about":[{"href":"https:\/\/www.europesays.com\/fr\/wp-json\/wp\/v2\/types\/post"}],"author":[{"embeddable":true,"href":"https:\/\/www.europesays.com\/fr\/wp-json\/wp\/v2\/users\/2"}],"replies":[{"embeddable":true,"href":"https:\/\/www.europesays.com\/fr\/wp-json\/wp\/v2\/comments?post=144693"}],"version-history":[{"count":0,"href":"https:\/\/www.europesays.com\/fr\/wp-json\/wp\/v2\/posts\/144693\/revisions"}],"wp:featuredmedia":[{"embeddable":true,"href":"https:\/\/www.europesays.com\/fr\/wp-json\/wp\/v2\/media\/144694"}],"wp:attachment":[{"href":"https:\/\/www.europesays.com\/fr\/wp-json\/wp\/v2\/media?parent=144693"}],"wp:term":[{"taxonomy":"category","embeddable":true,"href":"https:\/\/www.europesays.com\/fr\/wp-json\/wp\/v2\/categories?post=144693"},{"taxonomy":"post_tag","embeddable":true,"href":"https:\/\/www.europesays.com\/fr\/wp-json\/wp\/v2\/tags?post=144693"}],"curies":[{"name":"wp","href":"https:\/\/api.w.org\/{rel}","templated":true}]}}