{"id":144708,"date":"2025-06-01T19:11:13","date_gmt":"2025-06-01T19:11:13","guid":{"rendered":"https:\/\/www.europesays.com\/fr\/144708\/"},"modified":"2025-06-01T19:11:13","modified_gmt":"2025-06-01T19:11:13","slug":"en-direct-attaque-de-drones-ukrainiens-la-russie-confirme-que-plusieurs-de-ses-avions-militaires-ont-pris-feu","status":"publish","type":"post","link":"https:\/\/www.europesays.com\/fr\/144708\/","title":{"rendered":"EN DIRECT &#8211; Attaque de drones ukrainiens : la Russie confirme que plusieurs de ses avions militaires ont \u00ab\u00a0pris feu\u00a0\u00bb"},"content":{"rendered":"<p>Les frappes ukrainiennes ont vis\u00e9 \u00ab\u00a0les avions qui bombardent jour apr\u00e8s jour depuis trois ans les ukrainiens\u00a0\u00bb, et \u00ab\u00a0certains de ces avions d\u00e9truits au sol \u00e9taient d\u00e9j\u00e0 porteurs de missiles qu&rsquo;ils allaient tirer le jour m\u00eame sur l&rsquo;Ukraine\u00a0\u00bb, a soulign\u00e9 sur LCI l&rsquo;ancien aviateur militaire Xavier Tytelman. \u00ab\u00a0Pour l&rsquo;Ukraine, c&rsquo;est un coup important\u00a0\u00bb, a poursuivi l&rsquo;expert, qui y voit un \u00ab\u00a0coup strat\u00e9gique\u00a0\u00bb.\u00a0<\/p>\n<p>Quant au mode op\u00e9ratoire, des camions contenant \u00ab\u00a0une trentaine de petits drones\u00a0\u00bb ont \u00e9t\u00e9 d\u00e9ploy\u00e9s, et les appareils ont pu d\u00e9coller \u00e0 distance. Une ma\u00eetrise \u00ab\u00a0incroyable\u00a0\u00bb pour le sp\u00e9cialiste, permettant de \u00ab\u00a0se rapprocher\u00a0\u00bb possiblement \u00ab\u00a0\u00e0 quelques kilom\u00e8tres\u00a0\u00bb seulement des sites vis\u00e9s. \u00ab\u00a0Ces camions ont largu\u00e9 les drones, et en plus eux-m\u00eames, certainement, (&#8230;) captaient le r\u00e9seau t\u00e9l\u00e9phonique terrestre russe sur la zone. Avec cela, les Ukrainiens, \u00e0 distance, \u00e9taient capables de les piloter, simplement par Internet\u00a0\u00bb, a-t-il poursuivi. Si bien qu&rsquo;il y a selon lui \u00ab\u00a0des Ukrainiens, en Ukraine, qui sont en train de piloter des drones qui s&rsquo;\u00e9crasent sur les infrastructures vitales russes.\u00a0\u00bb<\/p>\n<p>Jusqu&rsquo;alors, l&rsquo;Ukraine parvenait \u00e0 mener des frappes sur le territoire russe mais seulement gr\u00e2ce \u00e0 des drones dot\u00e9s de charges explosives, qui ne d\u00e9passaient pas les 1.000 km de port\u00e9e, selon l&rsquo;expert a\u00e9ronautique. Et Moscou parvenait \u00e0 en intercepter \u00ab\u00a075%\u00a0\u00bb. Mais d\u00e9sormais, \u00ab\u00a0la grosse diff\u00e9rence, c&rsquo;est qu&rsquo;ils le font depuis le sol russe, donc c&rsquo;est une question d&rsquo;infiltration\u00a0\u00bb, ce qui va demander aux Russes une meilleure protection, a-t-il ajout\u00e9. L&rsquo;int\u00e9gralit\u00e9 de l&rsquo;interview est \u00e0 retrouver ici.\u00a0<\/p>\n","protected":false},"excerpt":{"rendered":"Les frappes ukrainiennes ont vis\u00e9 \u00ab\u00a0les avions qui bombardent jour apr\u00e8s jour depuis trois ans les ukrainiens\u00a0\u00bb, et&hellip;\n","protected":false},"author":2,"featured_media":144709,"comment_status":"","ping_status":"","sticky":false,"template":"","format":"standard","meta":{"footnotes":""},"categories":[1591],"tags":[1111,11,1921,5925,73,1887,27,1918,1922,12,2543,1885,1886,132,220,133,1920],"class_list":{"0":"post-144708","1":"post","2":"type-post","3":"status-publish","4":"format-standard","5":"has-post-thumbnail","7":"category-russie","8":"tag-actu","9":"tag-actualites","10":"tag-article-video","11":"tag-conflits-et-guerre","12":"tag-etats-unis","13":"tag-federation-de-russie","14":"tag-france","15":"tag-guerre-en-ukraine-une-treve-en-negociation","16":"tag-info","17":"tag-news","18":"tag-relations-internationales","19":"tag-russia","20":"tag-russian-federation","21":"tag-russie","22":"tag-ukraine","23":"tag-video","24":"tag-video-international"},"share_on_mastodon":{"url":"https:\/\/pubeurope.com\/@fr\/114609696643714944","error":""},"_links":{"self":[{"href":"https:\/\/www.europesays.com\/fr\/wp-json\/wp\/v2\/posts\/144708","targetHints":{"allow":["GET"]}}],"collection":[{"href":"https:\/\/www.europesays.com\/fr\/wp-json\/wp\/v2\/posts"}],"about":[{"href":"https:\/\/www.europesays.com\/fr\/wp-json\/wp\/v2\/types\/post"}],"author":[{"embeddable":true,"href":"https:\/\/www.europesays.com\/fr\/wp-json\/wp\/v2\/users\/2"}],"replies":[{"embeddable":true,"href":"https:\/\/www.europesays.com\/fr\/wp-json\/wp\/v2\/comments?post=144708"}],"version-history":[{"count":0,"href":"https:\/\/www.europesays.com\/fr\/wp-json\/wp\/v2\/posts\/144708\/revisions"}],"wp:featuredmedia":[{"embeddable":true,"href":"https:\/\/www.europesays.com\/fr\/wp-json\/wp\/v2\/media\/144709"}],"wp:attachment":[{"href":"https:\/\/www.europesays.com\/fr\/wp-json\/wp\/v2\/media?parent=144708"}],"wp:term":[{"taxonomy":"category","embeddable":true,"href":"https:\/\/www.europesays.com\/fr\/wp-json\/wp\/v2\/categories?post=144708"},{"taxonomy":"post_tag","embeddable":true,"href":"https:\/\/www.europesays.com\/fr\/wp-json\/wp\/v2\/tags?post=144708"}],"curies":[{"name":"wp","href":"https:\/\/api.w.org\/{rel}","templated":true}]}}