{"id":144714,"date":"2025-06-01T19:14:13","date_gmt":"2025-06-01T19:14:13","guid":{"rendered":"https:\/\/www.europesays.com\/fr\/144714\/"},"modified":"2025-06-01T19:14:13","modified_gmt":"2025-06-01T19:14:13","slug":"sahara-occidental-lalgerie-regrette-le-soutien-du-royaume-uni-au-pretendu-plan-dautonomie-marocain","status":"publish","type":"post","link":"https:\/\/www.europesays.com\/fr\/144714\/","title":{"rendered":"Sahara occidental : l&rsquo;Alg\u00e9rie regrette le soutien du Royaume-Uni au pr\u00e9tendu plan d\u2019autonomie marocain"},"content":{"rendered":"<p>L\u2019Alg\u00e9rie a pris connaissance de la nouvelle position adopt\u00e9e par le Royaume-Uni sur la question du Sahara occidental et regrette le choix fait par Londres d\u2019apporter son soutien au pr\u00e9tendu plan d\u2019autonomie marocain, indique dimanche un communiqu\u00e9 du minist\u00e8re des Affaires \u00e9trang\u00e8res, de la Communaut\u00e9 nationale \u00e0 l\u2019\u00e9tranger et des Affaires africaines.<\/p>\n<p>\u00ab\u00a0L\u2019Alg\u00e9rie a pris connaissance de la nouvelle position adopt\u00e9e par le Royaume-Uni sur la question du Sahara occidental.<\/p>\n<p>L\u2019Alg\u00e9rie regrette le choix fait par le Royaume-Uni d\u2019apporter son soutien au plan d\u2019autonomie marocain. En dix-huit ans d\u2019existence, ce plan n\u2019a jamais \u00e9t\u00e9 soumis aux Sahraouis comme base de n\u00e9gociation, de m\u00eame qu\u2019il n\u2019a jamais \u00e9t\u00e9 pris au s\u00e9rieux par les Envoy\u00e9s onusiens qui se sont succ\u00e9d\u00e9s \u00e0 ce poste. Ces derniers avaient tous relev\u00e9 la vacuit\u00e9 de l\u2019initiative marocaine d\u2019autonomie et son inaptitude \u00e0 offrir une solution s\u00e9rieuse et cr\u00e9dible au conflit du Sahara occidental\u00a0\u00bb, indique le communiqu\u00e9 du minist\u00e8re.<\/p>\n<p>Le minist\u00e8re rappelle qu\u2019\u00ab\u00a0en effet, le plan d\u2019autonomie marocain n\u2019a jamais eu pour vocation de servir de base de r\u00e8glement politique \u00e0 ce conflit\u00a0\u00bb, pr\u00e9cisant que \u00ab\u00a0ses vis\u00e9es ont toujours \u00e9t\u00e9 d\u2019occuper l\u2019espace pour emp\u00eacher toute recherche d\u2019un r\u00e8glement s\u00e9rieux, de permettre au Maroc de gagner du temps et d\u2019accoutumer progressivement et graduellement la communaut\u00e9 internationale au fait accompli de l\u2019occupation ill\u00e9gale du Sahara occidental\u00a0\u00bb.<\/p>\n<p>\u00ab\u00a0L\u2019Alg\u00e9rie rel\u00e8ve, n\u00e9anmoins, que le Royaume-Uni n\u2019a ni \u00e9voqu\u00e9, ni apport\u00e9 son soutien \u00e0 la pr\u00e9tendue souverainet\u00e9 marocaine sur le territoire du Sahara occidental et ne cautionne donc pas l\u2019occupation ill\u00e9gale de ce territoire non-autonome au sens de la l\u00e9galit\u00e9 internationale. Elle rel\u00e8ve, \u00e9galement, qu\u2019\u00e0 l\u2019occasion de la Conf\u00e9rence de presse, le Secr\u00e9taire d\u2019Etat britannique a publiquement et solennellement r\u00e9affirm\u00e9 l\u2019attachement du Royaume-Uni au principe du droit \u00e0 l\u2019autod\u00e9termination\u00a0\u00bb, poursuit la m\u00eame source.<\/p>\n<p>\u00ab\u00a0Au vu de cette double particularit\u00e9 de la nouvelle position britannique sur la question du Sahara occidental, l\u2019Alg\u00e9rie forme le v\u0153u, qu\u2019en sa qualit\u00e9 de membre permanent du Conseil de s\u00e9curit\u00e9, le Royaume-Uni continuera de tenir le Maroc comptable de ses responsabilit\u00e9s internationales et qu\u2019il continuera aussi de veiller au respect de la l\u00e9galit\u00e9 internationale et en particulier la doctrine des Nations unies en mati\u00e8re de d\u00e9colonisation\u00a0\u00bb, conclut le texte du minist\u00e8re.<\/p>\n","protected":false},"excerpt":{"rendered":"L\u2019Alg\u00e9rie a pris connaissance de la nouvelle position adopt\u00e9e par le Royaume-Uni sur la question du Sahara occidental&hellip;\n","protected":false},"author":2,"featured_media":144715,"comment_status":"","ping_status":"","sticky":false,"template":"","format":"standard","meta":{"footnotes":""},"categories":[1588],"tags":[11,15,1777,674,27338,2223,12,27340,27339,473,1853,3184,1851,1850,1852],"class_list":{"0":"post-144714","1":"post","2":"type-post","3":"status-publish","4":"format-standard","5":"has-post-thumbnail","7":"category-royaume-uni","8":"tag-actualites","9":"tag-algerie","10":"tag-eu","11":"tag-europe","12":"tag-makhzen","13":"tag-maroc","14":"tag-news","15":"tag-plan-dautonomie-marocain","16":"tag-position-du-royaume-uni","17":"tag-royaume-uni","18":"tag-royaume-uni-de-grande-bretagne-et-dirlande-du-nord","19":"tag-sahara-occidental","20":"tag-uk","21":"tag-united-kingdom","22":"tag-united-kingdom-of-great-britain-and-northern-ireland"},"share_on_mastodon":{"url":"https:\/\/pubeurope.com\/@fr\/114609708319310425","error":""},"_links":{"self":[{"href":"https:\/\/www.europesays.com\/fr\/wp-json\/wp\/v2\/posts\/144714","targetHints":{"allow":["GET"]}}],"collection":[{"href":"https:\/\/www.europesays.com\/fr\/wp-json\/wp\/v2\/posts"}],"about":[{"href":"https:\/\/www.europesays.com\/fr\/wp-json\/wp\/v2\/types\/post"}],"author":[{"embeddable":true,"href":"https:\/\/www.europesays.com\/fr\/wp-json\/wp\/v2\/users\/2"}],"replies":[{"embeddable":true,"href":"https:\/\/www.europesays.com\/fr\/wp-json\/wp\/v2\/comments?post=144714"}],"version-history":[{"count":0,"href":"https:\/\/www.europesays.com\/fr\/wp-json\/wp\/v2\/posts\/144714\/revisions"}],"wp:featuredmedia":[{"embeddable":true,"href":"https:\/\/www.europesays.com\/fr\/wp-json\/wp\/v2\/media\/144715"}],"wp:attachment":[{"href":"https:\/\/www.europesays.com\/fr\/wp-json\/wp\/v2\/media?parent=144714"}],"wp:term":[{"taxonomy":"category","embeddable":true,"href":"https:\/\/www.europesays.com\/fr\/wp-json\/wp\/v2\/categories?post=144714"},{"taxonomy":"post_tag","embeddable":true,"href":"https:\/\/www.europesays.com\/fr\/wp-json\/wp\/v2\/tags?post=144714"}],"curies":[{"name":"wp","href":"https:\/\/api.w.org\/{rel}","templated":true}]}}