{"id":144720,"date":"2025-06-01T19:17:09","date_gmt":"2025-06-01T19:17:09","guid":{"rendered":"https:\/\/www.europesays.com\/fr\/144720\/"},"modified":"2025-06-01T19:17:09","modified_gmt":"2025-06-01T19:17:09","slug":"le-debat-interdit-benjamin-morel-anne-cecile-robert-marlene-rosano-grange","status":"publish","type":"post","link":"https:\/\/www.europesays.com\/fr\/144720\/","title":{"rendered":"le d\u00e9bat interdit ? (Benjamin Morel, Anne-C\u00e9cile Robert, Marl\u00e8ne Rosano-Grange)"},"content":{"rendered":"<p><strong>Le 29 mai 2005, les Fran\u00e7ais rejettent \u00e0 55\u00a0% le Trait\u00e9 constitutionnel europ\u00e9en. Malgr\u00e9 cette r\u00e9ponse claire au r\u00e9f\u00e9rendum, il est n\u00e9anmoins repris et impos\u00e9 par voie parlementaire en 2007. Vingt ans plus tard, cette trahison a laiss\u00e9 des s\u00e9quelles br\u00fblantes. Mais alors que l\u2019hostilit\u00e9 \u00e0 Bruxelles s\u2019est renforc\u00e9e, l\u2019appartenance de la France \u00e0 l\u2019Union europ\u00e9enne ne fait plus d\u00e9bat au sein de la classe politique et des m\u00e9dias. Si les institutions europ\u00e9ennes ont connu de nombreuses mutations (Green Deal, plans de relance etc.), les fractures demeurent. Une majorit\u00e9 de pays continue de souffrir de l\u2019aust\u00e9rit\u00e9 et du libre-\u00e9change, tandis qu\u2019une petite minorit\u00e9 en b\u00e9n\u00e9ficie \u2013 mais en leur sein m\u00eame, une contestation \u00e9merge. Aujourd\u2019hui, c\u2019est par la voie militaire que les dirigeants tentent de ressusciter le projet europ\u00e9en. \u00ab\u00a0L\u2019Europe de la paix\u00a0\u00bb se relancera-t-elle par la guerre\u00a0?<\/strong><\/p>\n<p>Pour en discuter, Le Vent Se L\u00e8ve organisait une conf\u00e9rence le vendredi 30 mai \u00e0 19h, dans l\u2019amphith\u00e9\u00e2tre Richelieu de la Sorbonne. Y ont d\u00e9battu Anne-C\u00e9cile Robert (directrice adjointe au Monde diplomatique), Benjamin Morel (ma\u00eetre de conf\u00e9rences \u00e0 l\u2019Universit\u00e9 Paris II) et Marl\u00e8ne Rosano-Grange (docteure en relations internationales associ\u00e9e au CERI et post-doctorante au laboratoire Printemps). Vous pouvez la visionner ici\u00a0:<\/p>\n","protected":false},"excerpt":{"rendered":"Le 29 mai 2005, les Fran\u00e7ais rejettent \u00e0 55\u00a0% le Trait\u00e9 constitutionnel europ\u00e9en. Malgr\u00e9 cette r\u00e9ponse claire au&hellip;\n","protected":false},"author":2,"featured_media":144721,"comment_status":"","ping_status":"","sticky":false,"template":"","format":"standard","meta":{"footnotes":""},"categories":[1586],"tags":[11,1777,674,1779,1011,27,27341,12,27342,25,27343,1778,364],"class_list":{"0":"post-144720","1":"post","2":"type-post","3":"status-publish","4":"format-standard","5":"has-post-thumbnail","7":"category-europe","8":"tag-actualites","9":"tag-eu","10":"tag-europe","11":"tag-european-union","12":"tag-fr","13":"tag-france","14":"tag-lisbonne","15":"tag-news","16":"tag-referendum-2005","17":"tag-republique-francaise","18":"tag-tce","19":"tag-ue","20":"tag-union-europeenne"},"share_on_mastodon":{"url":"https:\/\/pubeurope.com\/@fr\/114609720109236278","error":""},"_links":{"self":[{"href":"https:\/\/www.europesays.com\/fr\/wp-json\/wp\/v2\/posts\/144720","targetHints":{"allow":["GET"]}}],"collection":[{"href":"https:\/\/www.europesays.com\/fr\/wp-json\/wp\/v2\/posts"}],"about":[{"href":"https:\/\/www.europesays.com\/fr\/wp-json\/wp\/v2\/types\/post"}],"author":[{"embeddable":true,"href":"https:\/\/www.europesays.com\/fr\/wp-json\/wp\/v2\/users\/2"}],"replies":[{"embeddable":true,"href":"https:\/\/www.europesays.com\/fr\/wp-json\/wp\/v2\/comments?post=144720"}],"version-history":[{"count":0,"href":"https:\/\/www.europesays.com\/fr\/wp-json\/wp\/v2\/posts\/144720\/revisions"}],"wp:featuredmedia":[{"embeddable":true,"href":"https:\/\/www.europesays.com\/fr\/wp-json\/wp\/v2\/media\/144721"}],"wp:attachment":[{"href":"https:\/\/www.europesays.com\/fr\/wp-json\/wp\/v2\/media?parent=144720"}],"wp:term":[{"taxonomy":"category","embeddable":true,"href":"https:\/\/www.europesays.com\/fr\/wp-json\/wp\/v2\/categories?post=144720"},{"taxonomy":"post_tag","embeddable":true,"href":"https:\/\/www.europesays.com\/fr\/wp-json\/wp\/v2\/tags?post=144720"}],"curies":[{"name":"wp","href":"https:\/\/api.w.org\/{rel}","templated":true}]}}