{"id":144724,"date":"2025-06-01T19:19:10","date_gmt":"2025-06-01T19:19:10","guid":{"rendered":"https:\/\/www.europesays.com\/fr\/144724\/"},"modified":"2025-06-01T19:19:10","modified_gmt":"2025-06-01T19:19:10","slug":"ligue-des-champions-le-bel-hommage-de-nasser-al-khelaifi-a-thiago-silva-apres-le-sacre-du-psg-en-c1","status":"publish","type":"post","link":"https:\/\/www.europesays.com\/fr\/144724\/","title":{"rendered":"Ligue des Champions, le bel hommage de Nasser Al-Khelaifi \u00e0 Thiago Silva apr\u00e8s le sacre du PSG en C1"},"content":{"rendered":"<p data-testid=\"article-teaser\">Nasser Al-Khelaifi a eu des propos \u00e9mouvants \u00e0 l\u2019endroit de Thiago Silva apr\u00e8s le sacre du PSG en Ligue des Champions.<\/p>\n<p>Le Paris Saint-Germain a enfin touch\u00e9 les \u00e9toiles. <a href=\"https:\/\/www.goal.com\/fr\/listes\/desire-doue-etincelant-un-psg-hyper-realiste-ecrase-l-inter-milan-et-monte-sur-le-toit-de-l-europe-5-0\/blt2bc539db22142d1a\" target=\"_self\" rel=\"nofollow noopener\">Le samedi 31 mai, \u00e0 Munich, le club de la capitale a conquis sa premi\u00e8re Ligue des Champions, \u00e9crivant la plus belle page de son histoire<\/a>. Pourtant, dans l\u2019euphorie du vestiaire, une pens\u00e9e sinc\u00e8re est all\u00e9e vers ceux qui n\u2019\u00e9taient plus l\u00e0. Nasser Al-Khelaifi, pr\u00e9sident du club parisien, a tenu \u00e0 adresser un message fort \u00e0 l\u2019un des piliers de l\u2019\u00e8re qatarie : Thiago Silva.<\/p>\n<p>L&rsquo;article continue ci-dessous<\/p>\n","protected":false},"excerpt":{"rendered":"Nasser Al-Khelaifi a eu des propos \u00e9mouvants \u00e0 l\u2019endroit de Thiago Silva apr\u00e8s le sacre du PSG en&hellip;\n","protected":false},"author":2,"featured_media":144725,"comment_status":"","ping_status":"","sticky":false,"template":"","format":"standard","meta":{"footnotes":""},"categories":[2],"tags":[11,1011,27,447,12,91,25,27344],"class_list":{"0":"post-144724","1":"post","2":"type-post","3":"status-publish","4":"format-standard","5":"has-post-thumbnail","7":"category-actualites","8":"tag-actualites","9":"tag-fr","10":"tag-france","11":"tag-ligue-des-champions","12":"tag-news","13":"tag-paris-saint-germain","14":"tag-republique-francaise","15":"tag-t-silva"},"share_on_mastodon":{"url":"https:\/\/pubeurope.com\/@fr\/114609728695386965","error":""},"_links":{"self":[{"href":"https:\/\/www.europesays.com\/fr\/wp-json\/wp\/v2\/posts\/144724","targetHints":{"allow":["GET"]}}],"collection":[{"href":"https:\/\/www.europesays.com\/fr\/wp-json\/wp\/v2\/posts"}],"about":[{"href":"https:\/\/www.europesays.com\/fr\/wp-json\/wp\/v2\/types\/post"}],"author":[{"embeddable":true,"href":"https:\/\/www.europesays.com\/fr\/wp-json\/wp\/v2\/users\/2"}],"replies":[{"embeddable":true,"href":"https:\/\/www.europesays.com\/fr\/wp-json\/wp\/v2\/comments?post=144724"}],"version-history":[{"count":0,"href":"https:\/\/www.europesays.com\/fr\/wp-json\/wp\/v2\/posts\/144724\/revisions"}],"wp:featuredmedia":[{"embeddable":true,"href":"https:\/\/www.europesays.com\/fr\/wp-json\/wp\/v2\/media\/144725"}],"wp:attachment":[{"href":"https:\/\/www.europesays.com\/fr\/wp-json\/wp\/v2\/media?parent=144724"}],"wp:term":[{"taxonomy":"category","embeddable":true,"href":"https:\/\/www.europesays.com\/fr\/wp-json\/wp\/v2\/categories?post=144724"},{"taxonomy":"post_tag","embeddable":true,"href":"https:\/\/www.europesays.com\/fr\/wp-json\/wp\/v2\/tags?post=144724"}],"curies":[{"name":"wp","href":"https:\/\/api.w.org\/{rel}","templated":true}]}}